{"id":3352,"date":"2022-07-14T17:00:00","date_gmt":"2022-07-14T15:00:00","guid":{"rendered":"https:\/\/serialectrice.com\/?p=3352"},"modified":"2022-07-10T19:20:11","modified_gmt":"2022-07-10T17:20:11","slug":"la-revolution-francaise-romans","status":"publish","type":"post","link":"https:\/\/serialectrice.com\/index.php\/2022\/07\/14\/la-revolution-francaise-romans\/","title":{"rendered":"La R\u00e9volution Fran\u00e7aise &#8211; 5 romans"},"content":{"rendered":"\n<p class=\"has-medium-font-size wp-block-paragraph\">Aujourd&rsquo;hui, en ce jour de f\u00eate nationale c\u00e9l\u00e9brant <a href=\"https:\/\/fr.wikipedia.org\/wiki\/Prise_de_la_Bastille\">la prise de la Bastille <\/a>par les R\u00e9volutionnaires, je vous propose une s\u00e9lection de cinq romans qui se d\u00e9roulent durant la R\u00e9volution Fran\u00e7aise.<\/p>\n\n\n<div class=\"wp-block-image\">\n<figure class=\"aligncenter size-full\"><img loading=\"lazy\" decoding=\"async\" width=\"572\" height=\"331\" src=\"https:\/\/serialectrice.com\/wp-content\/uploads\/2022\/07\/Revolution-Francaise2.png\" alt=\"image de fond repr\u00e9sentant le tableau La Libert\u00e9 guidant le peuple d'Eug\u00e8ne Delacroix. Marianne porte le drapeau fran\u00e7ais durant la r\u00e9volution fran\u00e7aise\" class=\"wp-image-3360\" srcset=\"https:\/\/serialectrice.com\/wp-content\/uploads\/2022\/07\/Revolution-Francaise2.png 572w, https:\/\/serialectrice.com\/wp-content\/uploads\/2022\/07\/Revolution-Francaise2-300x174.png 300w, https:\/\/serialectrice.com\/wp-content\/uploads\/2022\/07\/Revolution-Francaise2-150x87.png 150w\" sizes=\"auto, (max-width: 572px) 100vw, 572px\" \/><figcaption>La libert\u00e9 guidant le peuple, Eug\u00e8ne Delacroix<\/figcaption><\/figure>\n<\/div>\n\n\n<h2 class=\"wp-block-heading\">1. Le plus c\u00e9l\u00e8bre<\/h2>\n\n\n\n<div class=\"wp-block-media-text alignwide is-stacked-on-mobile\" style=\"grid-template-columns:15% auto\"><figure class=\"wp-block-media-text__media\"><img loading=\"lazy\" decoding=\"async\" width=\"600\" height=\"971\" src=\"https:\/\/serialectrice.com\/wp-content\/uploads\/2022\/07\/93.jpeg\" alt=\"\" class=\"wp-image-3353 size-full\" srcset=\"https:\/\/serialectrice.com\/wp-content\/uploads\/2022\/07\/93.jpeg 600w, https:\/\/serialectrice.com\/wp-content\/uploads\/2022\/07\/93-185x300.jpeg 185w, https:\/\/serialectrice.com\/wp-content\/uploads\/2022\/07\/93-93x150.jpeg 93w\" sizes=\"auto, (max-width: 600px) 100vw, 600px\" \/><\/figure><div class=\"wp-block-media-text__content\">\n<p class=\"has-medium-font-size wp-block-paragraph\">Ecrit par Victor HUgo en 1874, ce roman a pour toile de fond les ann\u00e9es les plus terribles de la R\u00e9volution : la Terreur. Victor Hugo place son d\u00e9cor en Vend\u00e9e o\u00f9 la flotte r\u00e9volutionnaire traque sans merci une fr\u00e9gate, la Claymore. A son bord le marquis de Lantenac qui doit prendre la t\u00eate de la r\u00e9volte contre-r\u00e9volutionnaire. Au tout dernier instant, le royaliste parvient \u00e0 rejoindre le rivage\u2026<\/p>\n<\/div><\/div>\n\n\n\n<h2 class=\"wp-block-heading\">2. Balzac<\/h2>\n\n\n\n<div class=\"wp-block-media-text alignwide is-stacked-on-mobile\" style=\"grid-template-columns:15% auto\"><figure class=\"wp-block-media-text__media\"><img loading=\"lazy\" decoding=\"async\" width=\"600\" height=\"971\" src=\"https:\/\/serialectrice.com\/wp-content\/uploads\/2022\/07\/les-chouans-1.jpg\" alt=\"\" class=\"wp-image-3355 size-full\" srcset=\"https:\/\/serialectrice.com\/wp-content\/uploads\/2022\/07\/les-chouans-1.jpg 600w, https:\/\/serialectrice.com\/wp-content\/uploads\/2022\/07\/les-chouans-1-185x300.jpg 185w, https:\/\/serialectrice.com\/wp-content\/uploads\/2022\/07\/les-chouans-1-93x150.jpg 93w\" sizes=\"auto, (max-width: 600px) 100vw, 600px\" \/><\/figure><div class=\"wp-block-media-text__content\">\n<p class=\"has-medium-font-size wp-block-paragraph\">Les chouans est un des tous premiers romans d&rsquo;Honor\u00e9 de Balzac, \u00e9crit en 1829. Il relate l&rsquo;histoire d&rsquo;une aristocrate, Marie de Verneuil, envoy\u00e9e par Joseph Fouch\u00e9 pour s\u00e9duire et capturer leur chef, le marquis de Montauran, dit \u00ab\u00a0le Gars\u00a0\u00bb. Elle doit se faire aider par un policier habile, ambitieux et peu scrupuleux, Corentin. Cependant, elle tombe amoureuse de sa cible. Contre Corentin et contre les chouans, elle fera son possible pour \u00e9pouser le marquis.<\/p>\n<\/div><\/div>\n\n\n\n<h2 class=\"wp-block-heading\">3. Des romans plus modernes<\/h2>\n\n\n\n<div class=\"wp-block-media-text alignwide is-stacked-on-mobile\" style=\"grid-template-columns:15% auto\"><figure class=\"wp-block-media-text__media\"><img loading=\"lazy\" decoding=\"async\" width=\"819\" height=\"1024\" src=\"https:\/\/serialectrice.com\/wp-content\/uploads\/2022\/07\/Sans-titre-1080-\u00d7-1350-px-819x1024.png\" alt=\"\" class=\"wp-image-3362 size-full\" srcset=\"https:\/\/serialectrice.com\/wp-content\/uploads\/2022\/07\/Sans-titre-1080-\u00d7-1350-px-819x1024.png 819w, https:\/\/serialectrice.com\/wp-content\/uploads\/2022\/07\/Sans-titre-1080-\u00d7-1350-px-240x300.png 240w, https:\/\/serialectrice.com\/wp-content\/uploads\/2022\/07\/Sans-titre-1080-\u00d7-1350-px-120x150.png 120w, https:\/\/serialectrice.com\/wp-content\/uploads\/2022\/07\/Sans-titre-1080-\u00d7-1350-px-768x960.png 768w, https:\/\/serialectrice.com\/wp-content\/uploads\/2022\/07\/Sans-titre-1080-\u00d7-1350-px.png 1080w\" sizes=\"auto, (max-width: 819px) 100vw, 819px\" \/><\/figure><div class=\"wp-block-media-text__content\">\n<p class=\"has-medium-font-size wp-block-paragraph\">Tr\u00e8s r\u00e9cemment est sortie la Trilogie Gabriel Joly qui se d\u00e9roule pendant la R\u00e9volution, en 1789. Sur fond d&rsquo;enqu\u00eate, nous retrouvons les diff\u00e9rents \u00e9v\u00e9nements historiques que nous relate avec brio Henri Loevenbruck. Vous pouvez retrouver mon avis sur <a href=\"https:\/\/serialectrice.com\/index.php\/2020\/11\/21\/le-loup-des-cordeliers-_-henri-loevenbruck\/\">Le loup des cordeliers<\/a> et <a href=\"https:\/\/serialectrice.com\/index.php\/2021\/01\/09\/le-mystere-de-la-main-rouge\/\">Le myst\u00e8re de la main rouge<\/a>. Je n&rsquo;ai pas encore lu le troisi\u00e8me tome mais cela ne saurait tarder.<\/p>\n<\/div><\/div>\n\n\n\n<h2 class=\"wp-block-heading\">4. De la fantasy<\/h2>\n\n\n\n<div class=\"wp-block-media-text alignwide is-stacked-on-mobile\" style=\"grid-template-columns:15% auto\"><figure class=\"wp-block-media-text__media\"><img loading=\"lazy\" decoding=\"async\" width=\"497\" height=\"800\" src=\"https:\/\/serialectrice.com\/wp-content\/uploads\/2022\/07\/l-enjomineur-l-integrale.jpg\" alt=\"\" class=\"wp-image-3356 size-full\" srcset=\"https:\/\/serialectrice.com\/wp-content\/uploads\/2022\/07\/l-enjomineur-l-integrale.jpg 497w, https:\/\/serialectrice.com\/wp-content\/uploads\/2022\/07\/l-enjomineur-l-integrale-186x300.jpg 186w, https:\/\/serialectrice.com\/wp-content\/uploads\/2022\/07\/l-enjomineur-l-integrale-93x150.jpg 93w\" sizes=\"auto, (max-width: 497px) 100vw, 497px\" \/><\/figure><div class=\"wp-block-media-text__content\">\n<p class=\"has-medium-font-size wp-block-paragraph\">L&rsquo;enjomineur est un cycle de fantasy historique \u00e9crit par Pierre Bordage. Nous sommes en 1792. Dans le bocage vend\u00e9en ulc\u00e9r\u00e9 par la Constitution civile du clerg\u00e9, agit\u00e9 par une aristocratie crisp\u00e9e sur ses privil\u00e8ges, la r\u00e9volte couve\u2026 \u00c0 Paris, la rue est en \u00e9bullition. Mais derri\u00e8re les affrontements \u0153uvre une soci\u00e9t\u00e9 secr\u00e8te, la secte de Mithra, dont les ma\u00eetres demeurent dans l&rsquo;ombre.<\/p>\n<\/div><\/div>\n\n\n\n<h2 class=\"wp-block-heading\">5. A l&rsquo;\u00e9tranger<\/h2>\n\n\n\n<div class=\"wp-block-media-text alignwide is-stacked-on-mobile\" style=\"grid-template-columns:15% auto\"><figure class=\"wp-block-media-text__media\"><img loading=\"lazy\" decoding=\"async\" width=\"652\" height=\"1024\" src=\"https:\/\/serialectrice.com\/wp-content\/uploads\/2022\/07\/1793-652x1024.jpg\" alt=\"\" class=\"wp-image-3357 size-full\" srcset=\"https:\/\/serialectrice.com\/wp-content\/uploads\/2022\/07\/1793-652x1024.jpg 652w, https:\/\/serialectrice.com\/wp-content\/uploads\/2022\/07\/1793-191x300.jpg 191w, https:\/\/serialectrice.com\/wp-content\/uploads\/2022\/07\/1793-95x150.jpg 95w, https:\/\/serialectrice.com\/wp-content\/uploads\/2022\/07\/1793-768x1207.jpg 768w, https:\/\/serialectrice.com\/wp-content\/uploads\/2022\/07\/1793.jpg 800w\" sizes=\"auto, (max-width: 652px) 100vw, 652px\" \/><\/figure><div class=\"wp-block-media-text__content\">\n<p class=\"has-medium-font-size wp-block-paragraph\">Nous sommes en <a href=\"https:\/\/serialectrice.com\/index.php\/2020\/07\/20\/1793_-niklas-natt-och-dag\/\">1793<\/a>, comme le titre l&rsquo;indique. La R\u00e9volution Fran\u00e7aise n&rsquo;en finit plus d&rsquo;\u00e9chauffer les esprits en Europe. En Su\u00e8de la tension est \u00e0 son maximum, depuis que le roi Gustav III a \u00e9t\u00e9 assassin\u00e9 par des r\u00e9volutionnaires. C&rsquo;est dans ce contexte qu&rsquo;un corps mutil\u00e9 est retrouv\u00e9 dans le lac de Stockholm. Ce roman a plu \u00e0 de nombreux adeptes du genre, mais pour ma part, il \u00e9tait bien trop noir \u00e0 mon go\u00fbt.<\/p>\n<\/div><\/div>\n\n\n\n<h2 class=\"has-text-align-center wp-block-heading\"><em>Quels romans qui se d\u00e9roulent pendant la R\u00e9volution Fran\u00e7aise connaissez-vous ?<\/em><\/h2>\n","protected":false},"excerpt":{"rendered":"<p>Voici une s\u00e9lection de cinq romans qui se d\u00e9roulent durant la R\u00e9volution Fran\u00e7aise.<\/p>\n","protected":false},"author":1,"featured_media":3358,"comment_status":"open","ping_status":"open","sticky":false,"template":"","format":"standard","meta":{"_crdt_document":"","om_disable_all_campaigns":false,"_uag_custom_page_level_css":"","_monsterinsights_skip_tracking":false,"_monsterinsights_sitenote_active":false,"_monsterinsights_sitenote_note":"","_monsterinsights_sitenote_category":0,"_uf_show_specific_survey":0,"_uf_disable_surveys":false,"_jetpack_memberships_contains_paid_content":false,"footnotes":"","jetpack_publicize_message":"Voici une s\u00e9lection de 5 romans qui se d\u00e9roulent durant la p\u00e9riode de la R\u00e9volution Fran\u00e7aise. Entre classique, moderne et fantasy.","jetpack_publicize_feature_enabled":true,"jetpack_social_post_already_shared":true,"jetpack_social_options":{"image_generator_settings":{"template":"highway","default_image_id":0,"font":"","enabled":false},"version":2}},"categories":[282],"tags":[319,317],"class_list":["post-3352","post","type-post","status-publish","format-standard","has-post-thumbnail","hentry","category-idee-lecture","tag-idees-lecture","tag-revolution-francaise"],"aioseo_notices":[],"jetpack_publicize_connections":[],"jetpack_featured_media_url":"https:\/\/serialectrice.com\/wp-content\/uploads\/2022\/07\/Revolution-Francaise1.png","uagb_featured_image_src":{"full":["https:\/\/serialectrice.com\/wp-content\/uploads\/2022\/07\/Revolution-Francaise1.png",1716,993,false],"thumbnail":["https:\/\/serialectrice.com\/wp-content\/uploads\/2022\/07\/Revolution-Francaise1-572x331.png",572,331,true],"medium":["https:\/\/serialectrice.com\/wp-content\/uploads\/2022\/07\/Revolution-Francaise1-300x174.png",300,174,true],"medium_large":["https:\/\/serialectrice.com\/wp-content\/uploads\/2022\/07\/Revolution-Francaise1-768x444.png",768,444,true],"large":["https:\/\/serialectrice.com\/wp-content\/uploads\/2022\/07\/Revolution-Francaise1-1024x593.png",840,486,true],"post-slider-thumb-size":["https:\/\/serialectrice.com\/wp-content\/uploads\/2022\/07\/Revolution-Francaise1.png",328,190,false],"post-category-slider-size":["https:\/\/serialectrice.com\/wp-content\/uploads\/2022\/07\/Revolution-Francaise1.png",330,191,false],"1536x1536":["https:\/\/serialectrice.com\/wp-content\/uploads\/2022\/07\/Revolution-Francaise1-1536x889.png",1536,889,true],"2048x2048":["https:\/\/serialectrice.com\/wp-content\/uploads\/2022\/07\/Revolution-Francaise1.png",1716,993,false],"hello-fashion-slider":["https:\/\/serialectrice.com\/wp-content\/uploads\/2022\/07\/Revolution-Francaise1.png",480,278,false],"hello-fashion-blog-three":["https:\/\/serialectrice.com\/wp-content\/uploads\/2022\/07\/Revolution-Francaise1.png",420,243,false],"hello-fashion-blog-four":["https:\/\/serialectrice.com\/wp-content\/uploads\/2022\/07\/Revolution-Francaise1.png",573,332,false],"vilva-slider-one":["https:\/\/serialectrice.com\/wp-content\/uploads\/2022\/07\/Revolution-Francaise1.png",1037,600,false],"vilva-featured-four":["https:\/\/serialectrice.com\/wp-content\/uploads\/2022\/07\/Revolution-Francaise1.png",800,463,false],"vilva-blog":["https:\/\/serialectrice.com\/wp-content\/uploads\/2022\/07\/Revolution-Francaise1.png",420,243,false],"vilva-blog-one":["https:\/\/serialectrice.com\/wp-content\/uploads\/2022\/07\/Revolution-Francaise1.png",864,500,false],"vilva-sidebar":["https:\/\/serialectrice.com\/wp-content\/uploads\/2022\/07\/Revolution-Francaise1.png",817,473,false]},"uagb_author_info":{"display_name":"SeriaLectrice","author_link":"https:\/\/serialectrice.com\/index.php\/author\/cilounegmail-com\/"},"uagb_comment_info":0,"uagb_excerpt":"Voici une s\u00e9lection de cinq romans qui se d\u00e9roulent durant la R\u00e9volution Fran\u00e7aise.","jetpack_sharing_enabled":true,"jetpack_likes_enabled":true,"_links":{"self":[{"href":"https:\/\/serialectrice.com\/index.php\/wp-json\/wp\/v2\/posts\/3352","targetHints":{"allow":["GET"]}}],"collection":[{"href":"https:\/\/serialectrice.com\/index.php\/wp-json\/wp\/v2\/posts"}],"about":[{"href":"https:\/\/serialectrice.com\/index.php\/wp-json\/wp\/v2\/types\/post"}],"author":[{"embeddable":true,"href":"https:\/\/serialectrice.com\/index.php\/wp-json\/wp\/v2\/users\/1"}],"replies":[{"embeddable":true,"href":"https:\/\/serialectrice.com\/index.php\/wp-json\/wp\/v2\/comments?post=3352"}],"version-history":[{"count":0,"href":"https:\/\/serialectrice.com\/index.php\/wp-json\/wp\/v2\/posts\/3352\/revisions"}],"wp:featuredmedia":[{"embeddable":true,"href":"https:\/\/serialectrice.com\/index.php\/wp-json\/wp\/v2\/media\/3358"}],"wp:attachment":[{"href":"https:\/\/serialectrice.com\/index.php\/wp-json\/wp\/v2\/media?parent=3352"}],"wp:term":[{"taxonomy":"category","embeddable":true,"href":"https:\/\/serialectrice.com\/index.php\/wp-json\/wp\/v2\/categories?post=3352"},{"taxonomy":"post_tag","embeddable":true,"href":"https:\/\/serialectrice.com\/index.php\/wp-json\/wp\/v2\/tags?post=3352"}],"curies":[{"name":"wp","href":"https:\/\/api.w.org\/{rel}","templated":true}]}}