{"id":327,"date":"2020-08-07T18:00:00","date_gmt":"2020-08-07T18:00:00","guid":{"rendered":"http:\/\/serialectrice.com\/?p=327"},"modified":"2020-08-06T06:34:32","modified_gmt":"2020-08-06T06:34:32","slug":"le-premier-jour-du-reste-de-ma-vie-_-virginie-grimaldi","status":"publish","type":"post","link":"https:\/\/serialectrice.com\/index.php\/2020\/08\/07\/le-premier-jour-du-reste-de-ma-vie-_-virginie-grimaldi\/","title":{"rendered":"Le premier jour du reste de ma vie _ Virginie Grimaldi"},"content":{"rendered":"\n<div class=\"wp-block-media-text alignwide is-stacked-on-mobile\" style=\"grid-template-columns:45% auto\"><figure class=\"wp-block-media-text__media\"><img loading=\"lazy\" decoding=\"async\" width=\"633\" height=\"1024\" src=\"https:\/\/serialectrice.com\/wp-content\/uploads\/2020\/08\/le-premier-jour-du-reste-de-ma-vie-770950-1-1-633x1024.jpg\" alt=\"\" class=\"wp-image-330\" srcset=\"https:\/\/serialectrice.com\/wp-content\/uploads\/2020\/08\/le-premier-jour-du-reste-de-ma-vie-770950-1-1-633x1024.jpg 633w, https:\/\/serialectrice.com\/wp-content\/uploads\/2020\/08\/le-premier-jour-du-reste-de-ma-vie-770950-1-1-93x150.jpg 93w, https:\/\/serialectrice.com\/wp-content\/uploads\/2020\/08\/le-premier-jour-du-reste-de-ma-vie-770950-1-1-185x300.jpg 185w, https:\/\/serialectrice.com\/wp-content\/uploads\/2020\/08\/le-premier-jour-du-reste-de-ma-vie-770950-1-1-768x1243.jpg 768w, https:\/\/serialectrice.com\/wp-content\/uploads\/2020\/08\/le-premier-jour-du-reste-de-ma-vie-770950-1-1-949x1536.jpg 949w, https:\/\/serialectrice.com\/wp-content\/uploads\/2020\/08\/le-premier-jour-du-reste-de-ma-vie-770950-1-1-1266x2048.jpg 1266w, https:\/\/serialectrice.com\/wp-content\/uploads\/2020\/08\/le-premier-jour-du-reste-de-ma-vie-770950-1-1-1140x1844.jpg 1140w, https:\/\/serialectrice.com\/wp-content\/uploads\/2020\/08\/le-premier-jour-du-reste-de-ma-vie-770950-1-1.jpg 1400w\" sizes=\"auto, (max-width: 633px) 100vw, 633px\" \/><\/figure><div class=\"wp-block-media-text__content\">\n<h2 class=\"wp-block-heading\"><span class=\"has-inline-color has-vivid-green-cyan-color\">R\u00e9sum\u00e9<\/span><\/h2>\n\n\n\n<p class=\"wp-block-paragraph\">Marie a tout pr\u00e9par\u00e9 pour l\u2019anniversaire de son mari : d\u00e9coration de l\u2019appartement, g\u00e2teaux, invit\u00e9s\u2026 Tout, y compris une surprise : \u00e0 quarante ans, elle a d\u00e9cid\u00e9 de le quitter. Marie a pris \u00ab un aller simple pour ailleurs \u00bb. Pour elle, c\u2019est maintenant que tout commence. Vivre, enfin.<\/p>\n\n\n\n<p class=\"wp-block-paragraph\">Elle a donc r\u00e9serv\u00e9 un billet sur un bateau de croisi\u00e8re pour faire le tour du monde. \u00c0 bord, Marie rencontre deux femmes qui, elles aussi, sont \u00e0 la crois\u00e9e des chemins. Au fil de leurs aventures, parfois loufoques, elles pleurent et rient ensemble, \u00e0 la reconqu\u00eate du bonheur. Leurs vies \u00e0 toutes les trois vont \u00eatre transform\u00e9es par ce voyage au bout du monde.<\/p>\n\n\n\n<p class=\"wp-block-paragraph\"><\/p>\n<\/div><\/div>\n\n\n\n<br \/><h2><span class=\"has-inline-color has-vivid-green-cyan-color\">Mon avis<\/span><\/h2>\n\n\n\n<p class=\"wp-block-paragraph\">Nous suivons ici les aventures de trois jeunes femmes qui ne se connaissaient pas avant d&#8217;embarquer sur cet \u00e9norme paquebot qui va les emmener faire le tour du monde.<\/p>\n\n\n\n<p class=\"wp-block-paragraph\">Marie vient de quitter son mari infid\u00e8le et a d\u00e9cid\u00e9 de reprendre sa vie en main, Anne a besoin de prendre du recul apr\u00e8s sa rupture avec l&rsquo;homme de sa vie . Et enfin, Camille a besoin de reprendre confiance en elle apr\u00e8s une op\u00e9ration pour perdre du poids.<\/p>\n\n\n\n<p class=\"wp-block-paragraph\">Toutes les trois vont faire connaissance et se lier d&rsquo;amiti\u00e9. Marie va se lib\u00e9rer de l&#8217;emprise d&rsquo;un mari manipulateur, Anne va tout faire pour r\u00e9cup\u00e9rer son Dominique et Camille va encha\u00eener les conqu\u00eates.<\/p>\n\n\n\n<p class=\"wp-block-paragraph\">Bien que le livre soit teint\u00e9 d&rsquo;humour, celui-ci reste discret. J&rsquo;avais cru comprendre que Virginie Grimaldi proposait une lecture humoristique. Certes, j&rsquo;ai \u00e9videmment souri \u00e0 certaines situations\/phrases mais c&rsquo;est loin d&rsquo;\u00eatre le livre le plus dr\u00f4le que j&rsquo;ai lu.<\/p>\n\n\n\n<p class=\"wp-block-paragraph\">Ensuite, c&rsquo;est typiquement le genre de livres dont on conna\u00eet la fin d\u00e8s le d\u00e9but ! Je ne vais pas vous d\u00e9voiler la fin, mais d\u00e8s les premi\u00e8res pages j&rsquo;ai vite compris ce qui allait arriver \u00e0 chacune d&rsquo;entre elles.<\/p>\n\n\n\n<p class=\"wp-block-paragraph\">Si vous aimez les lectures simples, sans prise de t\u00eate, foncez ! <\/p>\n\n\n\n<p class=\"wp-block-paragraph\">En ce qui me concerne, je ne suis pas certaine de relire un livre de cette auteure !<\/p>\n\n\n\n<h2 class=\"wp-block-heading\"><span class=\"has-inline-color has-vivid-green-cyan-color\">Mes  challenges<\/span><\/h2>\n\n\n\n<p class=\"wp-block-paragraph\">Cette lecture m\u2019a tout d\u2019abord \u00e9t\u00e9 propos\u00e9e par un d\u00e9fi d\u2019auteurs en commun sur le groupe&nbsp;<a href=\"https:\/\/www.facebook.com\/groups\/707636122759664\">La t\u00eate dans les livres<\/a> (les auteurs \u00e0 lire en commun sont Jo\u00ebl Dicker, Virginie Grimaldi, Luncida Riley, Guillaume Musso et Donato Carisi)<\/p>\n\n\n\n<p class=\"wp-block-paragraph\">Elle m\u2019a \u00e9galement permis de valider la cat\u00e9gorie 88 du&nbsp;<a href=\"https:\/\/serialectrice.com\/index.php\/2020\/06\/15\/challenge-2019-2020\/\">challenge annuel&nbsp;<\/a>qui prend fin \u00e0 la fin du mois (histoire qui se passe principalement en mer).<\/p>\n\n\n\n<p class=\"wp-block-paragraph\">A ce jour, j\u2019ai valid\u00e9&nbsp;88%&nbsp;du challenge annuel.<\/p>\n\n\n\n<p class=\"wp-block-paragraph\"> <\/p>\n","protected":false},"excerpt":{"rendered":"<p>Marie a tout pr\u00e9par\u00e9 pour l\u2019anniversaire de son mari : d\u00e9coration de l\u2019appartement, g\u00e2teaux, invit\u00e9s\u2026 Tout, y compris une surprise : \u00e0 quarante ans, elle a d\u00e9cid\u00e9 de le quitter. Marie a pris \u00ab un aller simple pour ailleurs \u00bb. Pour elle, c\u2019est maintenant que tout commence. Vivre, enfin.<\/p>\n","protected":false},"author":1,"featured_media":328,"comment_status":"open","ping_status":"open","sticky":false,"template":"","format":"standard","meta":{"_crdt_document":"","om_disable_all_campaigns":false,"_uag_custom_page_level_css":"","_monsterinsights_skip_tracking":false,"_monsterinsights_sitenote_active":false,"_monsterinsights_sitenote_note":"","_monsterinsights_sitenote_category":0,"_uf_show_specific_survey":0,"_uf_disable_surveys":false,"_jetpack_memberships_contains_paid_content":false,"footnotes":"","jetpack_publicize_message":"Le premier jour du reste de ma vie _ Virginie Grimaldi\n\n#virginiegrimaldi #lepremierjourdurestedemavie #bookstagram #lecture ","jetpack_publicize_feature_enabled":true,"jetpack_social_post_already_shared":true,"jetpack_social_options":{"image_generator_settings":{"template":"highway","default_image_id":0,"font":"","enabled":false},"version":2}},"categories":[4,6],"tags":[8,36,19],"class_list":["post-327","post","type-post","status-publish","format-standard","has-post-thumbnail","hentry","category-challenge","category-livres-lus","tag-challenge","tag-feel-good-2","tag-humour"],"aioseo_notices":[],"jetpack_publicize_connections":[],"jetpack_featured_media_url":"https:\/\/serialectrice.com\/wp-content\/uploads\/2020\/08\/le-premier-jour-du-reste-de-ma-vie-770950-1.jpg","uagb_featured_image_src":{"full":["https:\/\/serialectrice.com\/wp-content\/uploads\/2020\/08\/le-premier-jour-du-reste-de-ma-vie-770950-1.jpg",1400,2265,false],"thumbnail":["https:\/\/serialectrice.com\/wp-content\/uploads\/2020\/08\/le-premier-jour-du-reste-de-ma-vie-770950-1-572x331.jpg",572,331,true],"medium":["https:\/\/serialectrice.com\/wp-content\/uploads\/2020\/08\/le-premier-jour-du-reste-de-ma-vie-770950-1-185x300.jpg",185,300,true],"medium_large":["https:\/\/serialectrice.com\/wp-content\/uploads\/2020\/08\/le-premier-jour-du-reste-de-ma-vie-770950-1-768x1243.jpg",768,1243,true],"large":["https:\/\/serialectrice.com\/wp-content\/uploads\/2020\/08\/le-premier-jour-du-reste-de-ma-vie-770950-1-633x1024.jpg",633,1024,true],"post-slider-thumb-size":["https:\/\/serialectrice.com\/wp-content\/uploads\/2020\/08\/le-premier-jour-du-reste-de-ma-vie-770950-1.jpg",117,190,false],"post-category-slider-size":["https:\/\/serialectrice.com\/wp-content\/uploads\/2020\/08\/le-premier-jour-du-reste-de-ma-vie-770950-1.jpg",216,350,false],"1536x1536":["https:\/\/serialectrice.com\/wp-content\/uploads\/2020\/08\/le-premier-jour-du-reste-de-ma-vie-770950-1-949x1536.jpg",949,1536,true],"2048x2048":["https:\/\/serialectrice.com\/wp-content\/uploads\/2020\/08\/le-premier-jour-du-reste-de-ma-vie-770950-1-1266x2048.jpg",1266,2048,true],"hello-fashion-slider":["https:\/\/serialectrice.com\/wp-content\/uploads\/2020\/08\/le-premier-jour-du-reste-de-ma-vie-770950-1.jpg",371,600,false],"hello-fashion-blog-three":["https:\/\/serialectrice.com\/wp-content\/uploads\/2020\/08\/le-premier-jour-du-reste-de-ma-vie-770950-1.jpg",310,502,false],"hello-fashion-blog-four":["https:\/\/serialectrice.com\/wp-content\/uploads\/2020\/08\/le-premier-jour-du-reste-de-ma-vie-770950-1.jpg",423,685,false],"vilva-slider-one":["https:\/\/serialectrice.com\/wp-content\/uploads\/2020\/08\/le-premier-jour-du-reste-de-ma-vie-770950-1.jpg",371,600,false],"vilva-featured-four":["https:\/\/serialectrice.com\/wp-content\/uploads\/2020\/08\/le-premier-jour-du-reste-de-ma-vie-770950-1.jpg",328,530,false],"vilva-blog":["https:\/\/serialectrice.com\/wp-content\/uploads\/2020\/08\/le-premier-jour-du-reste-de-ma-vie-770950-1.jpg",173,280,false],"vilva-blog-one":["https:\/\/serialectrice.com\/wp-content\/uploads\/2020\/08\/le-premier-jour-du-reste-de-ma-vie-770950-1.jpg",309,500,false],"vilva-sidebar":["https:\/\/serialectrice.com\/wp-content\/uploads\/2020\/08\/le-premier-jour-du-reste-de-ma-vie-770950-1.jpg",292,473,false]},"uagb_author_info":{"display_name":"SeriaLectrice","author_link":"https:\/\/serialectrice.com\/index.php\/author\/cilounegmail-com\/"},"uagb_comment_info":3,"uagb_excerpt":"Marie a tout pr\u00e9par\u00e9 pour l\u2019anniversaire de son mari : d\u00e9coration de l\u2019appartement, g\u00e2teaux, invit\u00e9s\u2026 Tout, y compris une surprise : \u00e0 quarante ans, elle a d\u00e9cid\u00e9 de le quitter. Marie a pris \u00ab un aller simple pour ailleurs \u00bb. Pour elle, c\u2019est maintenant que tout commence. Vivre, enfin.","jetpack_sharing_enabled":true,"jetpack_likes_enabled":true,"_links":{"self":[{"href":"https:\/\/serialectrice.com\/index.php\/wp-json\/wp\/v2\/posts\/327","targetHints":{"allow":["GET"]}}],"collection":[{"href":"https:\/\/serialectrice.com\/index.php\/wp-json\/wp\/v2\/posts"}],"about":[{"href":"https:\/\/serialectrice.com\/index.php\/wp-json\/wp\/v2\/types\/post"}],"author":[{"embeddable":true,"href":"https:\/\/serialectrice.com\/index.php\/wp-json\/wp\/v2\/users\/1"}],"replies":[{"embeddable":true,"href":"https:\/\/serialectrice.com\/index.php\/wp-json\/wp\/v2\/comments?post=327"}],"version-history":[{"count":0,"href":"https:\/\/serialectrice.com\/index.php\/wp-json\/wp\/v2\/posts\/327\/revisions"}],"wp:featuredmedia":[{"embeddable":true,"href":"https:\/\/serialectrice.com\/index.php\/wp-json\/wp\/v2\/media\/328"}],"wp:attachment":[{"href":"https:\/\/serialectrice.com\/index.php\/wp-json\/wp\/v2\/media?parent=327"}],"wp:term":[{"taxonomy":"category","embeddable":true,"href":"https:\/\/serialectrice.com\/index.php\/wp-json\/wp\/v2\/categories?post=327"},{"taxonomy":"post_tag","embeddable":true,"href":"https:\/\/serialectrice.com\/index.php\/wp-json\/wp\/v2\/tags?post=327"}],"curies":[{"name":"wp","href":"https:\/\/api.w.org\/{rel}","templated":true}]}}