{"id":3212,"date":"2022-06-06T11:30:00","date_gmt":"2022-06-06T09:30:00","guid":{"rendered":"https:\/\/serialectrice.com\/?p=3212"},"modified":"2022-06-06T09:44:29","modified_gmt":"2022-06-06T07:44:29","slug":"la-fille-de-joyce","status":"publish","type":"post","link":"https:\/\/serialectrice.com\/index.php\/2022\/06\/06\/la-fille-de-joyce\/","title":{"rendered":"La fille de Joyce _ Annabel Abbs"},"content":{"rendered":"\n<div class=\"wp-block-media-text alignwide is-stacked-on-mobile\" style=\"grid-template-columns:44% auto\"><figure class=\"wp-block-media-text__media\"><img loading=\"lazy\" decoding=\"async\" width=\"330\" height=\"500\" src=\"https:\/\/serialectrice.com\/wp-content\/uploads\/2022\/06\/la-fille-de-joyce-1.jpg\" alt=\"\" class=\"wp-image-3214 size-full\" srcset=\"https:\/\/serialectrice.com\/wp-content\/uploads\/2022\/06\/la-fille-de-joyce-1.jpg 330w, https:\/\/serialectrice.com\/wp-content\/uploads\/2022\/06\/la-fille-de-joyce-1-198x300.jpg 198w, https:\/\/serialectrice.com\/wp-content\/uploads\/2022\/06\/la-fille-de-joyce-1-99x150.jpg 99w\" sizes=\"auto, (max-width: 330px) 100vw, 330px\" \/><\/figure><div class=\"wp-block-media-text__content\">\n<h2 class=\"wp-block-heading\"><span style=\"color:#00d084\" class=\"tadv-color\">R\u00e9sum\u00e9<\/span><\/h2>\n\n\n\n<p class=\"wp-block-paragraph\" style=\"font-size:19px\">Lucia Joyce, la fille unique de James Joyce, est une \u00e9nigme. En 1929, elle \u00e9tait l&rsquo;\u00e9toile montante de la danse contemporaine \u00e0 Paris. En 1934, \u00e0 l&rsquo;\u00e2ge de vingt-six ans, elle est totalement bris\u00e9e et dispara\u00eet de la vie publique, passant le reste de sa vie enferm\u00e9e dans des asiles psychiatriques. La plupart de sa correspondance et de ses dossiers m\u00e9dicaux ont \u00e9t\u00e9 d\u00e9truits. Qui est-elle et que lui est-il arriv\u00e9 ? La Fille de Joyce donne enfin une voix \u00e0 Lucia.<br>Inspir\u00e9e d&rsquo;une histoire vraie, La Fille de Joyce est le r\u00e9cit \u00e9mouvant et passionnant de la vie de Lucia, une artiste sans \u0153uvre, bris\u00e9e par l&rsquo;amour destructeur de son p\u00e8re et premier martyre de la psychiatrie.<\/p>\n<\/div><\/div>\n\n\n\n<h2 class=\"wp-block-heading\"><span style=\"color:#00d084\" class=\"tadv-color\">Mon ressenti<\/span><\/h2>\n\n\n\n<p class=\"has-medium-font-size wp-block-paragraph\">Devant lire ce roman pour le Grand prix des lecteurs Pocket, c&rsquo;\u00e9tait de loin<strong> celui qui m&rsquo;attirait le moins<\/strong>. Aussi ai-je commenc\u00e9 ma lecture en \u00e9tant <strong>sceptique<\/strong> et en esp\u00e9rant le finir au plus vite. Puis, tr\u00e8s rapidement,<strong> je suis rentr\u00e9e compl\u00e8tement dans la vie de Lucia Joyce<\/strong>, fille de James Joyce, le grand \u00e9crivain. <strong>V\u00e9ritable muse pour son p\u00e8re<\/strong>, Lucia a beaucoup de mal \u00e0 couper le cordon. Le roman commence en 1934 alors qu&rsquo;elle se confie au c\u00e9l\u00e8bre psychiatre Carl Jung. <strong>Le lecteur comprend que malgr\u00e9 son immense talent de danseuse, elle n&rsquo;a pas pu aller au bout de ses r\u00eaves : ouvrir une \u00e9cole de danse<\/strong>. Pourquoi ? Que s&rsquo;est-il pass\u00e9 ? C&rsquo;est ce qu&rsquo;elle va nous raconter dans ce r\u00e9cit fascinant.<\/p>\n\n\n\n<p class=\"has-medium-font-size wp-block-paragraph\">L&rsquo;histoire de Lucia Joyce est \u00e9crite \u00e0 la premi\u00e8re personne. Cela permet au lecteur de vraiment s&rsquo;attacher \u00e0 ce personnage, dont la c\u00e9l\u00e9brit\u00e9 du p\u00e8re vient empi\u00e9ter sur sa vie. <strong>Elle nous raconte sa rencontre avec Samuel Beckett et l&rsquo;amour qu&rsquo;elle va \u00e9prouver pour lui.<\/strong> Mais c&rsquo;est sans compter sur ses parents qui vont sans cesse lui mettre des b\u00e2tons dans les rues. Son p\u00e8re s&rsquo;inspirant d&rsquo;elle dans ses \u00e9crits, notamment <em>Work in progress<\/em> qu&rsquo;il \u00e9crivait \u00e0 cette p\u00e9riode, ne semble ne pas supporter que sa fille s&rsquo;\u00e9loigne de trop. Donc, chaque fois que la famille doit partir, Lucia doit les suivre.<strong> Du c\u00f4t\u00e9 de sa m\u00e8re, elle trouve la passion de Lucia pour la danse immorale et la consid\u00e8re comme une tra\u00een\u00e9e<\/strong>, sans cesse rappel\u00e9e par les conventions sociales irlandaises.<\/p>\n\n\n\n<h6 class=\"has-text-align-center wp-block-heading\"><\/h6>\n\n\n\n<p class=\"has-medium-font-size wp-block-paragraph\"><strong>Contre tout attente, j&rsquo;ai ador\u00e9 cette lecture !<\/strong> Nous y d\u00e9couvrons donc <strong>James Joyce, Samuel Beckett mais aussi Alexander Calder<\/strong>, scuplteur reconnu pour son cirque miniature et autres mobiles. Lucia \u00e9volue dans un monde o\u00f9 <strong>l&rsquo;art est tr\u00e8s pr\u00e9sent mais dans lequel les femmes n&rsquo;ont que tr\u00e8s peu de place<\/strong>. Les hommes qui gravitent autour d&rsquo;elle n&rsquo;ont d&rsquo;yeux que pour son p\u00e8re et elle en souffrira \u00e9norm\u00e9ment.<strong> Petit \u00e0 petit, nous comprenons comment elle a fini par \u00eatre intern\u00e9e dans un asile psychiatrique<\/strong>. L&rsquo;\u00e9criture (et la traduction) est magnifique. Le tout nous offre un <strong>regard captivant sur la vie de Lucia. C&rsquo;est fort et intense<\/strong>.<\/p>\n\n\n\n<div class=\"wp-block-image\"><figure class=\"aligncenter size-large\"><img loading=\"lazy\" decoding=\"async\" width=\"1024\" height=\"1024\" src=\"https:\/\/serialectrice.com\/wp-content\/uploads\/2022\/06\/Sans-titre412-1024x1024.png\" alt=\"\" class=\"wp-image-3216\" srcset=\"https:\/\/serialectrice.com\/wp-content\/uploads\/2022\/06\/Sans-titre412-1024x1024.png 1024w, https:\/\/serialectrice.com\/wp-content\/uploads\/2022\/06\/Sans-titre412-300x300.png 300w, https:\/\/serialectrice.com\/wp-content\/uploads\/2022\/06\/Sans-titre412-150x150.png 150w, https:\/\/serialectrice.com\/wp-content\/uploads\/2022\/06\/Sans-titre412-768x768.png 768w, https:\/\/serialectrice.com\/wp-content\/uploads\/2022\/06\/Sans-titre412-100x100.png 100w, https:\/\/serialectrice.com\/wp-content\/uploads\/2022\/06\/Sans-titre412.png 1080w\" sizes=\"auto, (max-width: 1024px) 100vw, 1024px\" \/><\/figure><\/div>\n\n\n\n<p class=\"has-text-align-center has-medium-font-size wp-block-paragraph\"><em>Voil\u00e0 une lecture qui m&rsquo;a vraiment surprise<strong>. Je ne pensais pas aimer, et je pense que c&rsquo;est de loin la meilleure lecture de la s\u00e9lection du Grand Prix des lecteurs Pocket.<\/strong> Si vous aimez le Paris des ann\u00e9es 30, la vie des artistes et notamment des \u00e9crivains, alors lisez-le !<\/em><\/p>\n\n\n<div class=\"wp-block-jetpack-rating-star\" style=\"text-align:center\" itemprop=\"reviewRating\" itemscope itemtype=\"http:\/\/schema.org\/Rating\"><p><span aria-hidden=\"true\">\u2b50<\/span><span aria-hidden=\"true\">\u2b50<\/span><span aria-hidden=\"true\">\u2b50<\/span><span aria-hidden=\"true\">\u2b50<\/span><span aria-hidden=\"true\">\u2b50<\/span><\/p><span style=\"display: none;\" itemprop=\"worstRating\" content=\"0.5\"><span>\n<svg xmlns=\"http:\/\/www.w3.org\/2000\/svg\" width=\"24\" height=\"24\" viewBox=\"0 0 24 24\">\n\t<path class=\"\" fill=\"currentColor\" stroke=\"currentColor\" d=\"M12,17.3l6.2,3.7l-1.6-7L22,9.2l-7.2-0.6L12,2L9.2,8.6L2,9.2L7.5,14l-1.6,7L12,17.3z\" \/>\n<\/svg>\n<\/span>\n<span>\n<svg xmlns=\"http:\/\/www.w3.org\/2000\/svg\" width=\"24\" height=\"24\" viewBox=\"0 0 24 24\">\n\t<path class=\"\" fill=\"currentColor\" stroke=\"currentColor\" d=\"M12,17.3l6.2,3.7l-1.6-7L22,9.2l-7.2-0.6L12,2L9.2,8.6L2,9.2L7.5,14l-1.6,7L12,17.3z\" \/>\n<\/svg>\n<\/span><\/span><span style=\"display: none;\" ><span>\n<svg xmlns=\"http:\/\/www.w3.org\/2000\/svg\" width=\"24\" height=\"24\" viewBox=\"0 0 24 24\">\n\t<path class=\"\" fill=\"currentColor\" stroke=\"currentColor\" d=\"M12,17.3l6.2,3.7l-1.6-7L22,9.2l-7.2-0.6L12,2L9.2,8.6L2,9.2L7.5,14l-1.6,7L12,17.3z\" \/>\n<\/svg>\n<\/span>\n<span>\n<svg xmlns=\"http:\/\/www.w3.org\/2000\/svg\" width=\"24\" height=\"24\" viewBox=\"0 0 24 24\">\n\t<path class=\"\" fill=\"currentColor\" stroke=\"currentColor\" d=\"M12,17.3l6.2,3.7l-1.6-7L22,9.2l-7.2-0.6L12,2L9.2,8.6L2,9.2L7.5,14l-1.6,7L12,17.3z\" \/>\n<\/svg>\n<\/span><\/span><span style=\"display: none;\" ><span>\n<svg xmlns=\"http:\/\/www.w3.org\/2000\/svg\" width=\"24\" height=\"24\" viewBox=\"0 0 24 24\">\n\t<path class=\"\" fill=\"currentColor\" stroke=\"currentColor\" d=\"M12,17.3l6.2,3.7l-1.6-7L22,9.2l-7.2-0.6L12,2L9.2,8.6L2,9.2L7.5,14l-1.6,7L12,17.3z\" \/>\n<\/svg>\n<\/span>\n<span>\n<svg xmlns=\"http:\/\/www.w3.org\/2000\/svg\" width=\"24\" height=\"24\" viewBox=\"0 0 24 24\">\n\t<path class=\"\" fill=\"currentColor\" stroke=\"currentColor\" d=\"M12,17.3l6.2,3.7l-1.6-7L22,9.2l-7.2-0.6L12,2L9.2,8.6L2,9.2L7.5,14l-1.6,7L12,17.3z\" \/>\n<\/svg>\n<\/span><\/span><span style=\"display: none;\" ><span>\n<svg xmlns=\"http:\/\/www.w3.org\/2000\/svg\" width=\"24\" height=\"24\" viewBox=\"0 0 24 24\">\n\t<path class=\"\" fill=\"currentColor\" stroke=\"currentColor\" d=\"M12,17.3l6.2,3.7l-1.6-7L22,9.2l-7.2-0.6L12,2L9.2,8.6L2,9.2L7.5,14l-1.6,7L12,17.3z\" \/>\n<\/svg>\n<\/span>\n<span>\n<svg xmlns=\"http:\/\/www.w3.org\/2000\/svg\" width=\"24\" height=\"24\" viewBox=\"0 0 24 24\">\n\t<path class=\"\" fill=\"currentColor\" stroke=\"currentColor\" d=\"M12,17.3l6.2,3.7l-1.6-7L22,9.2l-7.2-0.6L12,2L9.2,8.6L2,9.2L7.5,14l-1.6,7L12,17.3z\" \/>\n<\/svg>\n<\/span><\/span><span style=\"display: none;\" itemprop=\"bestRating\" content=\"5\"><span>\n<svg xmlns=\"http:\/\/www.w3.org\/2000\/svg\" width=\"24\" height=\"24\" viewBox=\"0 0 24 24\">\n\t<path class=\"\" fill=\"currentColor\" stroke=\"currentColor\" d=\"M12,17.3l6.2,3.7l-1.6-7L22,9.2l-7.2-0.6L12,2L9.2,8.6L2,9.2L7.5,14l-1.6,7L12,17.3z\" \/>\n<\/svg>\n<\/span>\n<span>\n<svg xmlns=\"http:\/\/www.w3.org\/2000\/svg\" width=\"24\" height=\"24\" viewBox=\"0 0 24 24\">\n\t<path class=\"\" fill=\"currentColor\" stroke=\"currentColor\" d=\"M12,17.3l6.2,3.7l-1.6-7L22,9.2l-7.2-0.6L12,2L9.2,8.6L2,9.2L7.5,14l-1.6,7L12,17.3z\" \/>\n<\/svg>\n<\/span><\/span><span itemprop=\"ratingValue\" class=\"screen-reader-text\" content=\"5\">Note\u00a0: 5\u00a0sur 5.<\/span><\/div>\n\n\n<p class=\"wp-block-paragraph\">Les \u00e9crits de James Joyce sont tomb\u00e9s dans le domaine public, ils sont donc disponibles gratuitement en t\u00e9l\u00e9chargement.<\/p>\n\n\n\n<h2 class=\"has-vivid-green-cyan-color has-text-color wp-block-heading\">Mes challenges<\/h2>\n\n\n\n<p class=\"has-medium-font-size wp-block-paragraph\">Cette lecture m&rsquo;a permis de valider la cat\u00e9gorie du <a href=\"https:\/\/serialectrice.com\/index.php\/2022\/05\/28\/challenge-litteraire-juin-2022\/\">challenge mensuel<\/a>. <strong>Quatri\u00e8me avec le mot \u00ab\u00a0p\u00e8re\u00a0\u00bb.<\/strong><\/p>\n","protected":false},"excerpt":{"rendered":"<p>Lucia est la fille de James Joyce, elle nous raconte sa vie, son amour pour Samuel Beckett et son d\u00e9clin.<\/p>\n","protected":false},"author":1,"featured_media":3217,"comment_status":"open","ping_status":"open","sticky":false,"template":"","format":"standard","meta":{"_crdt_document":"","om_disable_all_campaigns":false,"_uag_custom_page_level_css":"","_monsterinsights_skip_tracking":false,"_monsterinsights_sitenote_active":false,"_monsterinsights_sitenote_note":"","_monsterinsights_sitenote_category":0,"_uf_show_specific_survey":0,"_uf_disable_surveys":false,"_jetpack_memberships_contains_paid_content":false,"footnotes":"","jetpack_publicize_message":"La fille de Joyce d'Annabel Abbs. \n\nLucia est la fille de James Joyce, elle nous raconte sa vie, son amour pour Samuel Beckett et son d\u00e9clin.","jetpack_publicize_feature_enabled":true,"jetpack_social_post_already_shared":true,"jetpack_social_options":{"image_generator_settings":{"template":"highway","default_image_id":0,"font":"","enabled":false},"version":2}},"categories":[198,35,6,14],"tags":[292,291,295,290,296,293,294],"class_list":["post-3212","post","type-post","status-publish","format-standard","has-post-thumbnail","hentry","category-coup-de-coeur-livres-lus","category-jury","category-livres-lus","category-service-presse","tag-annabel-abbs","tag-annees-30","tag-art","tag-biographie","tag-danse","tag-james-joyce","tag-samuel-beckett"],"aioseo_notices":[],"jetpack_publicize_connections":[],"jetpack_featured_media_url":"https:\/\/serialectrice.com\/wp-content\/uploads\/2022\/06\/Sans-titre413.png","uagb_featured_image_src":{"full":["https:\/\/serialectrice.com\/wp-content\/uploads\/2022\/06\/Sans-titre413.png",1716,993,false],"thumbnail":["https:\/\/serialectrice.com\/wp-content\/uploads\/2022\/06\/Sans-titre413-572x331.png",572,331,true],"medium":["https:\/\/serialectrice.com\/wp-content\/uploads\/2022\/06\/Sans-titre413-300x174.png",300,174,true],"medium_large":["https:\/\/serialectrice.com\/wp-content\/uploads\/2022\/06\/Sans-titre413-768x444.png",768,444,true],"large":["https:\/\/serialectrice.com\/wp-content\/uploads\/2022\/06\/Sans-titre413-1024x593.png",840,486,true],"post-slider-thumb-size":["https:\/\/serialectrice.com\/wp-content\/uploads\/2022\/06\/Sans-titre413.png",328,190,false],"post-category-slider-size":["https:\/\/serialectrice.com\/wp-content\/uploads\/2022\/06\/Sans-titre413.png",330,191,false],"1536x1536":["https:\/\/serialectrice.com\/wp-content\/uploads\/2022\/06\/Sans-titre413-1536x889.png",1536,889,true],"2048x2048":["https:\/\/serialectrice.com\/wp-content\/uploads\/2022\/06\/Sans-titre413.png",1716,993,false],"hello-fashion-slider":["https:\/\/serialectrice.com\/wp-content\/uploads\/2022\/06\/Sans-titre413.png",480,278,false],"hello-fashion-blog-three":["https:\/\/serialectrice.com\/wp-content\/uploads\/2022\/06\/Sans-titre413.png",420,243,false],"hello-fashion-blog-four":["https:\/\/serialectrice.com\/wp-content\/uploads\/2022\/06\/Sans-titre413.png",573,332,false],"vilva-slider-one":["https:\/\/serialectrice.com\/wp-content\/uploads\/2022\/06\/Sans-titre413.png",1037,600,false],"vilva-featured-four":["https:\/\/serialectrice.com\/wp-content\/uploads\/2022\/06\/Sans-titre413.png",800,463,false],"vilva-blog":["https:\/\/serialectrice.com\/wp-content\/uploads\/2022\/06\/Sans-titre413.png",420,243,false],"vilva-blog-one":["https:\/\/serialectrice.com\/wp-content\/uploads\/2022\/06\/Sans-titre413.png",864,500,false],"vilva-sidebar":["https:\/\/serialectrice.com\/wp-content\/uploads\/2022\/06\/Sans-titre413.png",817,473,false]},"uagb_author_info":{"display_name":"SeriaLectrice","author_link":"https:\/\/serialectrice.com\/index.php\/author\/cilounegmail-com\/"},"uagb_comment_info":3,"uagb_excerpt":"Lucia est la fille de James Joyce, elle nous raconte sa vie, son amour pour Samuel Beckett et son d\u00e9clin.","jetpack_sharing_enabled":true,"jetpack_likes_enabled":true,"_links":{"self":[{"href":"https:\/\/serialectrice.com\/index.php\/wp-json\/wp\/v2\/posts\/3212","targetHints":{"allow":["GET"]}}],"collection":[{"href":"https:\/\/serialectrice.com\/index.php\/wp-json\/wp\/v2\/posts"}],"about":[{"href":"https:\/\/serialectrice.com\/index.php\/wp-json\/wp\/v2\/types\/post"}],"author":[{"embeddable":true,"href":"https:\/\/serialectrice.com\/index.php\/wp-json\/wp\/v2\/users\/1"}],"replies":[{"embeddable":true,"href":"https:\/\/serialectrice.com\/index.php\/wp-json\/wp\/v2\/comments?post=3212"}],"version-history":[{"count":0,"href":"https:\/\/serialectrice.com\/index.php\/wp-json\/wp\/v2\/posts\/3212\/revisions"}],"wp:featuredmedia":[{"embeddable":true,"href":"https:\/\/serialectrice.com\/index.php\/wp-json\/wp\/v2\/media\/3217"}],"wp:attachment":[{"href":"https:\/\/serialectrice.com\/index.php\/wp-json\/wp\/v2\/media?parent=3212"}],"wp:term":[{"taxonomy":"category","embeddable":true,"href":"https:\/\/serialectrice.com\/index.php\/wp-json\/wp\/v2\/categories?post=3212"},{"taxonomy":"post_tag","embeddable":true,"href":"https:\/\/serialectrice.com\/index.php\/wp-json\/wp\/v2\/tags?post=3212"}],"curies":[{"name":"wp","href":"https:\/\/api.w.org\/{rel}","templated":true}]}}