{"id":3195,"date":"2022-06-02T11:30:00","date_gmt":"2022-06-02T09:30:00","guid":{"rendered":"https:\/\/serialectrice.com\/?p=3195"},"modified":"2022-06-01T21:01:07","modified_gmt":"2022-06-01T19:01:07","slug":"urbex-sed-lex-_-christian-guillerme","status":"publish","type":"post","link":"https:\/\/serialectrice.com\/index.php\/2022\/06\/02\/urbex-sed-lex-_-christian-guillerme\/","title":{"rendered":"Urbex Sed Lex _ Christian Guillerme"},"content":{"rendered":"\n<div class=\"wp-block-media-text alignwide is-stacked-on-mobile is-vertically-aligned-top\" style=\"grid-template-columns:26% auto\"><figure class=\"wp-block-media-text__media\"><img loading=\"lazy\" decoding=\"async\" width=\"306\" height=\"499\" src=\"https:\/\/serialectrice.com\/wp-content\/uploads\/2022\/06\/urbex-sed-lex.jpg\" alt=\"\" class=\"wp-image-3196 size-full\" srcset=\"https:\/\/serialectrice.com\/wp-content\/uploads\/2022\/06\/urbex-sed-lex.jpg 306w, https:\/\/serialectrice.com\/wp-content\/uploads\/2022\/06\/urbex-sed-lex-184x300.jpg 184w, https:\/\/serialectrice.com\/wp-content\/uploads\/2022\/06\/urbex-sed-lex-92x150.jpg 92w\" sizes=\"auto, (max-width: 306px) 100vw, 306px\" \/><\/figure><div class=\"wp-block-media-text__content\">\n<h2 class=\"wp-block-heading\"><span style=\"color:#00d084\" class=\"tadv-color\">R\u00e9sum\u00e9<\/span><\/h2>\n\n\n\n<p class=\"wp-block-paragraph\" style=\"font-size:19px\">Contre une belle somme d&rsquo;argent, quatre jeunes passionn\u00e9s d&rsquo;urbex sont mis au d\u00e9fi de passer une nuit dans un sanatorium d\u00e9saffect\u00e9. Ils vont relever le challenge, mais, une fois sur place, ils vont se rendre compte qu&rsquo;ils ne sont pas seuls dans cet immense endroit abandonn\u00e9\u2026 Et tr\u00e8s vite comprendre qu&rsquo;ils n&rsquo;auraient jamais d\u00fb accepter cette proposition. JAMAIS !<\/p>\n<\/div><\/div>\n\n\n\n<h2 class=\"wp-block-heading\"><span style=\"color:#00d084\" class=\"tadv-color\">Mon ressenti<\/span><\/h2>\n\n\n\n<p class=\"has-medium-font-size wp-block-paragraph\">J&rsquo;ai rencontr\u00e9 Christian Guillerme lors du salon <a href=\"https:\/\/www.franquevillesaintpierre.com\/salon-sang-pour-sang-polar\">Sang pour Sang polar<\/a>. J&rsquo;ai pu discuter avec lui et ai alors compris que son roman \u00e9tait <strong>inspir\u00e9 du sanatorium de Dreux<\/strong>. Cela fait d\u00e9sormais 7 ans que je travaille sur Dreux et <strong>j&rsquo;ai r\u00e9cemment eu l&rsquo;occasion de d\u00e9couvrir une partie de cet ancien sanatorium qui fait office de centre a\u00e9r\u00e9<\/strong>. Seules deux parties ont actuellement \u00e9t\u00e9 r\u00e9habilit\u00e9es. <strong>Le reste est en \u00e9tat de d\u00e9labrement total et abandonn\u00e9.<\/strong> De ce fait, il attire de nombreux urbexeurs, passionn\u00e9s de lieux abandonn\u00e9s. Il y a quelques ann\u00e9es de cela, <strong>un jeune de 19 ans y a trouv\u00e9 la mort <\/strong>alors qu&rsquo;il y f\u00eatait son anniversaire avec des amis. En lisant le roman, j&rsquo;ai alors compris que <strong>le livre n&rsquo;est pas inspir\u00e9 du sanatorium mais s&rsquo;y passe r\u00e9ellement.<\/strong> Et connaissant un peu l&rsquo;architecture du b\u00e2timent, <strong>j&rsquo;ai rapidement pu me plonger dans ce thriller palpitant.<\/strong><\/p>\n\n\n\n<h6 class=\"has-text-align-center wp-block-heading\"><\/h6>\n\n\n\n<p class=\"has-medium-font-size wp-block-paragraph\">Deux couples d&rsquo;urbexeurs ont \u00e9t\u00e9 contact\u00e9s pour r\u00e9aliser un d\u00e9fi dans le sanatorium d\u00e9saffect\u00e9 de Dreux. <strong>A la cl\u00e9 ? Un joli pactole. Mais cela est-il vraiment une bonne id\u00e9e ?<\/strong> Urbexeurs chevronn\u00e9s, ils se rendent donc sur les lieux de cet ancien h\u00f4pital en pleine nuit. Ils doivent r\u00e9soudre une \u00e9nigme et \u00e9crire leur r\u00e9ponse sur un des murs d\u00e9labr\u00e9s. <strong>Mais rapidement, ils comprennent qu&rsquo;ils ne sont pas seuls et r\u00e9alisent qu&rsquo;ils n&rsquo;auraient jamais d\u00fb venir. <\/strong>Une chasse \u00e0 l&rsquo;homme commence alors.<\/p>\n\n\n\n<p class=\"has-medium-font-size wp-block-paragraph\"><strong>D\u00e8s le d\u00e9but, j&rsquo;ai \u00e9t\u00e9 emport\u00e9e par cette histoire.<\/strong> Que \u00e7a se passe dans un lieu proche de chez moi, d\u00e9couvert tr\u00e8s r\u00e9cemment, m&rsquo;a certainement aid\u00e9e \u00e0 me plonger dans cette histoire. <strong>Christian Guillerme arrive sans peine \u00e0 nous faire ressentir l&rsquo;angoisse que peuvent ressentir ses personnages. <\/strong>Le rythme du roman est endiabl\u00e9, il n&rsquo;y a pas une seconde de r\u00e9pit. Et \u00e7a fonctionne parfaitement. <strong>Le climat qu&rsquo;il instaure est angoissant.<\/strong> Enfin, les descriptions de l&rsquo;auteur sont fid\u00e8les au lieu. Il est assez simple de s&rsquo;en rendre compte sans s&rsquo;y rendre tellement il existe de photos et vid\u00e9os sur les lieux. J&rsquo;avais vraiment l&rsquo;impression d&rsquo;y \u00eatre, de parcourir ces lieux sombres, en pleine nuit. <\/p>\n\n\n\n<div class=\"wp-block-image\"><figure class=\"aligncenter size-large\"><img loading=\"lazy\" decoding=\"async\" width=\"1024\" height=\"1024\" src=\"https:\/\/serialectrice.com\/wp-content\/uploads\/2022\/06\/Sans-titre409-1024x1024.png\" alt=\"\" class=\"wp-image-3198\" srcset=\"https:\/\/serialectrice.com\/wp-content\/uploads\/2022\/06\/Sans-titre409-1024x1024.png 1024w, https:\/\/serialectrice.com\/wp-content\/uploads\/2022\/06\/Sans-titre409-300x300.png 300w, https:\/\/serialectrice.com\/wp-content\/uploads\/2022\/06\/Sans-titre409-150x150.png 150w, https:\/\/serialectrice.com\/wp-content\/uploads\/2022\/06\/Sans-titre409-768x768.png 768w, https:\/\/serialectrice.com\/wp-content\/uploads\/2022\/06\/Sans-titre409-100x100.png 100w, https:\/\/serialectrice.com\/wp-content\/uploads\/2022\/06\/Sans-titre409.png 1080w\" sizes=\"auto, (max-width: 1024px) 100vw, 1024px\" \/><figcaption>Le pavillon pr\u00e9sent sur la photo est le pavillon qui sert d\u00e9sormais de centre a\u00e9r\u00e9.<\/figcaption><\/figure><\/div>\n\n\n\n<p class=\"has-text-align-center wp-block-paragraph\"><em>Son seul d\u00e9faut ? Il est trop court !  Je serais bien rest\u00e9e encore quelques pages au sein de ce b\u00e2timent \u00e0 la construction rectiligne, m\u00eame si ce qui s&rsquo;y passe fait froid dans le dos. <strong>La plume de Christian Guillerme est concise et aiguis\u00e9e.<\/strong> C&rsquo;est un coup de coeur ! <\/em><\/p>\n\n\n<div class=\"wp-block-jetpack-rating-star\" style=\"text-align:center\" itemprop=\"reviewRating\" itemscope itemtype=\"http:\/\/schema.org\/Rating\"><p><span aria-hidden=\"true\">\u2b50<\/span><span aria-hidden=\"true\">\u2b50<\/span><span aria-hidden=\"true\">\u2b50<\/span><span aria-hidden=\"true\">\u2b50<\/span><span aria-hidden=\"true\">\u2b50<\/span><\/p><span style=\"display: none;\" itemprop=\"worstRating\" content=\"0.5\"><span>\n<svg xmlns=\"http:\/\/www.w3.org\/2000\/svg\" width=\"24\" height=\"24\" viewBox=\"0 0 24 24\">\n\t<path class=\"\" fill=\"currentColor\" stroke=\"currentColor\" d=\"M12,17.3l6.2,3.7l-1.6-7L22,9.2l-7.2-0.6L12,2L9.2,8.6L2,9.2L7.5,14l-1.6,7L12,17.3z\" \/>\n<\/svg>\n<\/span>\n<span>\n<svg xmlns=\"http:\/\/www.w3.org\/2000\/svg\" width=\"24\" height=\"24\" viewBox=\"0 0 24 24\">\n\t<path class=\"\" fill=\"currentColor\" stroke=\"currentColor\" d=\"M12,17.3l6.2,3.7l-1.6-7L22,9.2l-7.2-0.6L12,2L9.2,8.6L2,9.2L7.5,14l-1.6,7L12,17.3z\" \/>\n<\/svg>\n<\/span><\/span><span style=\"display: none;\" ><span>\n<svg xmlns=\"http:\/\/www.w3.org\/2000\/svg\" width=\"24\" height=\"24\" viewBox=\"0 0 24 24\">\n\t<path class=\"\" fill=\"currentColor\" stroke=\"currentColor\" d=\"M12,17.3l6.2,3.7l-1.6-7L22,9.2l-7.2-0.6L12,2L9.2,8.6L2,9.2L7.5,14l-1.6,7L12,17.3z\" \/>\n<\/svg>\n<\/span>\n<span>\n<svg xmlns=\"http:\/\/www.w3.org\/2000\/svg\" width=\"24\" height=\"24\" viewBox=\"0 0 24 24\">\n\t<path class=\"\" fill=\"currentColor\" stroke=\"currentColor\" d=\"M12,17.3l6.2,3.7l-1.6-7L22,9.2l-7.2-0.6L12,2L9.2,8.6L2,9.2L7.5,14l-1.6,7L12,17.3z\" \/>\n<\/svg>\n<\/span><\/span><span style=\"display: none;\" ><span>\n<svg xmlns=\"http:\/\/www.w3.org\/2000\/svg\" width=\"24\" height=\"24\" viewBox=\"0 0 24 24\">\n\t<path class=\"\" fill=\"currentColor\" stroke=\"currentColor\" d=\"M12,17.3l6.2,3.7l-1.6-7L22,9.2l-7.2-0.6L12,2L9.2,8.6L2,9.2L7.5,14l-1.6,7L12,17.3z\" \/>\n<\/svg>\n<\/span>\n<span>\n<svg xmlns=\"http:\/\/www.w3.org\/2000\/svg\" width=\"24\" height=\"24\" viewBox=\"0 0 24 24\">\n\t<path class=\"\" fill=\"currentColor\" stroke=\"currentColor\" d=\"M12,17.3l6.2,3.7l-1.6-7L22,9.2l-7.2-0.6L12,2L9.2,8.6L2,9.2L7.5,14l-1.6,7L12,17.3z\" \/>\n<\/svg>\n<\/span><\/span><span style=\"display: none;\" ><span>\n<svg xmlns=\"http:\/\/www.w3.org\/2000\/svg\" width=\"24\" height=\"24\" viewBox=\"0 0 24 24\">\n\t<path class=\"\" fill=\"currentColor\" stroke=\"currentColor\" d=\"M12,17.3l6.2,3.7l-1.6-7L22,9.2l-7.2-0.6L12,2L9.2,8.6L2,9.2L7.5,14l-1.6,7L12,17.3z\" \/>\n<\/svg>\n<\/span>\n<span>\n<svg xmlns=\"http:\/\/www.w3.org\/2000\/svg\" width=\"24\" height=\"24\" viewBox=\"0 0 24 24\">\n\t<path class=\"\" fill=\"currentColor\" stroke=\"currentColor\" d=\"M12,17.3l6.2,3.7l-1.6-7L22,9.2l-7.2-0.6L12,2L9.2,8.6L2,9.2L7.5,14l-1.6,7L12,17.3z\" \/>\n<\/svg>\n<\/span><\/span><span style=\"display: none;\" itemprop=\"bestRating\" content=\"5\"><span>\n<svg xmlns=\"http:\/\/www.w3.org\/2000\/svg\" width=\"24\" height=\"24\" viewBox=\"0 0 24 24\">\n\t<path class=\"\" fill=\"currentColor\" stroke=\"currentColor\" d=\"M12,17.3l6.2,3.7l-1.6-7L22,9.2l-7.2-0.6L12,2L9.2,8.6L2,9.2L7.5,14l-1.6,7L12,17.3z\" \/>\n<\/svg>\n<\/span>\n<span>\n<svg xmlns=\"http:\/\/www.w3.org\/2000\/svg\" width=\"24\" height=\"24\" viewBox=\"0 0 24 24\">\n\t<path class=\"\" fill=\"currentColor\" stroke=\"currentColor\" d=\"M12,17.3l6.2,3.7l-1.6-7L22,9.2l-7.2-0.6L12,2L9.2,8.6L2,9.2L7.5,14l-1.6,7L12,17.3z\" \/>\n<\/svg>\n<\/span><\/span><span itemprop=\"ratingValue\" class=\"screen-reader-text\" content=\"5\">Note\u00a0: 5\u00a0sur 5.<\/span><\/div>\n\n\n<p class=\"wp-block-paragraph\">Il existe un court documentaire sur le sanatorium de Dreux : <\/p>\n\n\n\n<figure class=\"wp-block-embed is-type-video is-provider-youtube wp-block-embed-youtube wp-embed-aspect-16-9 wp-has-aspect-ratio\"><div class=\"wp-block-embed__wrapper\">\n<iframe loading=\"lazy\" title=\"Les murs de la honte : Documentaire Sanatorium de Dreux\" width=\"840\" height=\"473\" src=\"https:\/\/www.youtube.com\/embed\/irMh3dNjvxw?feature=oembed\" frameborder=\"0\" allow=\"accelerometer; autoplay; clipboard-write; encrypted-media; gyroscope; picture-in-picture; web-share\" allowfullscreen><\/iframe>\n<\/div><\/figure>\n\n\n\n<h2 class=\"wp-block-heading\"><span style=\"color:#00d084\" class=\"tadv-color\">Mes challenges<\/span><\/h2>\n\n\n\n<p class=\"has-medium-font-size wp-block-paragraph\">Cette lecture m&rsquo;a permis de valider la cat\u00e9gorie 30 du <a href=\"https:\/\/www.facebook.com\/groups\/707636122759664\">challenge annuel<\/a>. <strong>Titre \u00e9crit en blanc sur la couverture.<\/strong><\/p>\n\n\n\n<p class=\"has-medium-font-size wp-block-paragraph\">Elle m&rsquo;a \u00e9galement permis de valider la cat\u00e9gorie 3 du <a href=\"https:\/\/serialectrice.com\/index.php\/2022\/04\/27\/challenge-litteraire-mai-2022\/\">challenge mensuel<\/a>. <strong>Titre en 3 mots.<\/strong><\/p>\n","protected":false},"excerpt":{"rendered":"<p>Deux couples d&rsquo;urbexeurs ont \u00e9t\u00e9 contact\u00e9s pour r\u00e9aliser un d\u00e9fi dans le sanatorium d\u00e9saffect\u00e9 de Dreux. A la cl\u00e9 ? Un joli pactole. Mais cela est-il vraiment une bonne id\u00e9e ? <\/p>\n","protected":false},"author":1,"featured_media":3200,"comment_status":"open","ping_status":"open","sticky":false,"template":"","format":"standard","meta":{"_crdt_document":"","om_disable_all_campaigns":false,"_uag_custom_page_level_css":"","_monsterinsights_skip_tracking":false,"_monsterinsights_sitenote_active":false,"_monsterinsights_sitenote_note":"","_monsterinsights_sitenote_category":0,"_uf_show_specific_survey":0,"_uf_disable_surveys":false,"_jetpack_memberships_contains_paid_content":false,"footnotes":"","jetpack_publicize_message":"Urbex Sed Lex de Christian Guillerme\n\nDeux couples d'urbexeurs ont \u00e9t\u00e9 contact\u00e9s pour r\u00e9aliser un d\u00e9fi dans le sanatorium d\u00e9saffect\u00e9 de Dreux. A la cl\u00e9 ? Un joli pactole. Mais cela est-il vraiment une bonne id\u00e9e ? ","jetpack_publicize_feature_enabled":true,"jetpack_social_post_already_shared":true,"jetpack_social_options":{"image_generator_settings":{"template":"highway","default_image_id":0,"font":"","enabled":false},"version":2}},"categories":[198,6],"tags":[286,287,25,285],"class_list":["post-3195","post","type-post","status-publish","format-standard","has-post-thumbnail","hentry","category-coup-de-coeur-livres-lus","category-livres-lus","tag-chasse","tag-christian-guillerme","tag-thriller","tag-urbex"],"aioseo_notices":[],"jetpack_publicize_connections":[],"jetpack_featured_media_url":"https:\/\/serialectrice.com\/wp-content\/uploads\/2022\/06\/Sans-titre408.png","uagb_featured_image_src":{"full":["https:\/\/serialectrice.com\/wp-content\/uploads\/2022\/06\/Sans-titre408.png",1716,993,false],"thumbnail":["https:\/\/serialectrice.com\/wp-content\/uploads\/2022\/06\/Sans-titre408-572x331.png",572,331,true],"medium":["https:\/\/serialectrice.com\/wp-content\/uploads\/2022\/06\/Sans-titre408-300x174.png",300,174,true],"medium_large":["https:\/\/serialectrice.com\/wp-content\/uploads\/2022\/06\/Sans-titre408-768x444.png",768,444,true],"large":["https:\/\/serialectrice.com\/wp-content\/uploads\/2022\/06\/Sans-titre408-1024x593.png",840,486,true],"post-slider-thumb-size":["https:\/\/serialectrice.com\/wp-content\/uploads\/2022\/06\/Sans-titre408.png",328,190,false],"post-category-slider-size":["https:\/\/serialectrice.com\/wp-content\/uploads\/2022\/06\/Sans-titre408.png",330,191,false],"1536x1536":["https:\/\/serialectrice.com\/wp-content\/uploads\/2022\/06\/Sans-titre408-1536x889.png",1536,889,true],"2048x2048":["https:\/\/serialectrice.com\/wp-content\/uploads\/2022\/06\/Sans-titre408.png",1716,993,false],"hello-fashion-slider":["https:\/\/serialectrice.com\/wp-content\/uploads\/2022\/06\/Sans-titre408.png",480,278,false],"hello-fashion-blog-three":["https:\/\/serialectrice.com\/wp-content\/uploads\/2022\/06\/Sans-titre408.png",420,243,false],"hello-fashion-blog-four":["https:\/\/serialectrice.com\/wp-content\/uploads\/2022\/06\/Sans-titre408.png",573,332,false],"vilva-slider-one":["https:\/\/serialectrice.com\/wp-content\/uploads\/2022\/06\/Sans-titre408.png",1037,600,false],"vilva-featured-four":["https:\/\/serialectrice.com\/wp-content\/uploads\/2022\/06\/Sans-titre408.png",800,463,false],"vilva-blog":["https:\/\/serialectrice.com\/wp-content\/uploads\/2022\/06\/Sans-titre408.png",420,243,false],"vilva-blog-one":["https:\/\/serialectrice.com\/wp-content\/uploads\/2022\/06\/Sans-titre408.png",864,500,false],"vilva-sidebar":["https:\/\/serialectrice.com\/wp-content\/uploads\/2022\/06\/Sans-titre408.png",817,473,false]},"uagb_author_info":{"display_name":"SeriaLectrice","author_link":"https:\/\/serialectrice.com\/index.php\/author\/cilounegmail-com\/"},"uagb_comment_info":0,"uagb_excerpt":"Deux couples d'urbexeurs ont \u00e9t\u00e9 contact\u00e9s pour r\u00e9aliser un d\u00e9fi dans le sanatorium d\u00e9saffect\u00e9 de Dreux. A la cl\u00e9 ? Un joli pactole. Mais cela est-il vraiment une bonne id\u00e9e ?","jetpack_sharing_enabled":true,"jetpack_likes_enabled":true,"_links":{"self":[{"href":"https:\/\/serialectrice.com\/index.php\/wp-json\/wp\/v2\/posts\/3195","targetHints":{"allow":["GET"]}}],"collection":[{"href":"https:\/\/serialectrice.com\/index.php\/wp-json\/wp\/v2\/posts"}],"about":[{"href":"https:\/\/serialectrice.com\/index.php\/wp-json\/wp\/v2\/types\/post"}],"author":[{"embeddable":true,"href":"https:\/\/serialectrice.com\/index.php\/wp-json\/wp\/v2\/users\/1"}],"replies":[{"embeddable":true,"href":"https:\/\/serialectrice.com\/index.php\/wp-json\/wp\/v2\/comments?post=3195"}],"version-history":[{"count":0,"href":"https:\/\/serialectrice.com\/index.php\/wp-json\/wp\/v2\/posts\/3195\/revisions"}],"wp:featuredmedia":[{"embeddable":true,"href":"https:\/\/serialectrice.com\/index.php\/wp-json\/wp\/v2\/media\/3200"}],"wp:attachment":[{"href":"https:\/\/serialectrice.com\/index.php\/wp-json\/wp\/v2\/media?parent=3195"}],"wp:term":[{"taxonomy":"category","embeddable":true,"href":"https:\/\/serialectrice.com\/index.php\/wp-json\/wp\/v2\/categories?post=3195"},{"taxonomy":"post_tag","embeddable":true,"href":"https:\/\/serialectrice.com\/index.php\/wp-json\/wp\/v2\/tags?post=3195"}],"curies":[{"name":"wp","href":"https:\/\/api.w.org\/{rel}","templated":true}]}}