{"id":3138,"date":"2022-05-23T11:30:00","date_gmt":"2022-05-23T09:30:00","guid":{"rendered":"https:\/\/serialectrice.com\/?p=3138"},"modified":"2022-05-22T22:37:57","modified_gmt":"2022-05-22T20:37:57","slug":"la-cite-de-larmes","status":"publish","type":"post","link":"https:\/\/serialectrice.com\/index.php\/2022\/05\/23\/la-cite-de-larmes\/","title":{"rendered":"La cit\u00e9 de larmes _ Kate Mosse"},"content":{"rendered":"\n<div class=\"wp-block-media-text alignwide is-stacked-on-mobile\" style=\"grid-template-columns:36% auto\"><figure class=\"wp-block-media-text__media\"><img loading=\"lazy\" decoding=\"async\" width=\"351\" height=\"576\" src=\"https:\/\/serialectrice.com\/wp-content\/uploads\/2022\/04\/la-cite-de-larmes-4924060.jpg\" alt=\"\" class=\"wp-image-3063 size-full\" srcset=\"https:\/\/serialectrice.com\/wp-content\/uploads\/2022\/04\/la-cite-de-larmes-4924060.jpg 351w, https:\/\/serialectrice.com\/wp-content\/uploads\/2022\/04\/la-cite-de-larmes-4924060-183x300.jpg 183w, https:\/\/serialectrice.com\/wp-content\/uploads\/2022\/04\/la-cite-de-larmes-4924060-91x150.jpg 91w\" sizes=\"auto, (max-width: 351px) 100vw, 351px\" \/><\/figure><div class=\"wp-block-media-text__content\">\n<h2 class=\"wp-block-heading\"><span style=\"color:#00d084\" class=\"tadv-color\">R\u00e9sum\u00e9<\/span><\/h2>\n\n\n\n<p class=\"wp-block-paragraph\" style=\"font-size:19px\">1572. Alors que les guerres de Religion ravagent la France, Minou Joubert et son \u00e9poux Piet se rendent \u00e0 Paris pour assister au mariage de Marguerite de Valois, la future Reine Margot, et d\u2019Henri de Navarre.<\/p>\n\n\n\n<p class=\"wp-block-paragraph\" style=\"font-size:19px\">Plong\u00e9 dans le chaos du massacre de la Saint-Barth\u00e9lemy, le couple s\u2019appr\u00eate \u00e0 fuir, quand leur fille de 7 ans, Marta, dispara\u00eet sans laisser de traces\u2026<\/p>\n<\/div><\/div>\n\n\n\n<h2 class=\"wp-block-heading\"><span style=\"color:#00d084\" class=\"tadv-color\">Mon ressenti<\/span><\/h2>\n\n\n\n<p class=\"has-medium-font-size wp-block-paragraph\">Apr\u00e8s avoir lu le premier tome La cit\u00e9 de feu, que <strong>j&rsquo;avais beaucoup appr\u00e9ci\u00e9<\/strong>, je me suis lanc\u00e9e dans la lecture du deuxi\u00e8me tome. Cet opus se passe une dizaine d&rsquo;ann\u00e9es plus tard. <strong>Piet et Minou sont mari\u00e9s et ils ont d\u00e9sormais deux enfants<\/strong>. Ils se rendent \u00e0 Paris, pour la mariage de la Reine Margot et Henri de Navarre, une catholique et un protestant. Leur union devrait permettre d&rsquo;apaiser les tensions entre ces deux religions. <strong>Mais durant leur s\u00e9jour, la petite Marta, 7 ans, se sauve et se perd<\/strong>.  Piet et Minou n&rsquo;ont gu\u00e8re le choix. <strong>Apr\u00e8s plusieurs jours \u00e0 la chercher<\/strong> alors que <a href=\"https:\/\/fr.wikipedia.org\/wiki\/Massacre_de_la_Saint-Barth%C3%A9lemy\">le massacre de la Saint Barth\u00e9l\u00e9my<\/a> fait rage, <strong>ils doivent partir<\/strong>. Minou quitte Paris avec la sensation d&rsquo;abandonner sa fille. Pourtant, les chances qu&rsquo;elle soit encore en vie sont tr\u00e8s maigres.<\/p>\n\n\n\n<p class=\"has-medium-font-size wp-block-paragraph\">Dans la cit\u00e9 de larmes, <strong>Kate Mosse nous fait voyager entre Chartres et Amsterdam. <\/strong>Apr\u00e8s avoir fui Paris, la famille se r\u00e9fugie aux Pays-Bas, pays de naissance de Piet. Nous y retrouvons Vidal, le pr\u00eatre chasseur de reliques qui pourchassait Minou et Piet dans le premier tome. Recherch\u00e9 par le Duc de Guise, il se cache \u00e0 Chartres, rue du Cheval Blanc, au pied de la Cath\u00e9drale. A partir de l\u00e0, <strong>les \u00e9v\u00e9nements ne vont cesser de s&rsquo;encha\u00eener<\/strong>. Entre vengeance, fanatisme religieux, complots politiques et secrets familiaux,<strong> le lecteur ne s&rsquo;ennuie pas une seconde.<\/strong><\/p>\n\n\n\n<h6 class=\"wp-block-heading\"><\/h6>\n\n\n\n<p class=\"has-medium-font-size wp-block-paragraph\"><strong>Et l&rsquo;\u00e9criture de Kate Mosse est toujours aussi addictive. <\/strong>Cette autrice a un talent fou pour faire aimer l&rsquo;Histoire. <strong>Sa plume est sensible et captivante<\/strong>. Elle a \u00e9galement su mettre des mots sur les sentiments de Piet et Minou suite \u00e0 la disparition de Marta.<strong> Faire le deuil d&rsquo;un enfant dont on n&rsquo;a jamais retrouv\u00e9 le corps est difficile et \u00e9prouvant<\/strong>. Et la possibilit\u00e9 que cette derni\u00e8re soit toujours en vie reste pr\u00e9sente. La psychologie de ces deux personnages est extr\u00e8mement bien travaill\u00e9e. <strong>Je regrette seulement qu&rsquo;elle n&rsquo;ait pas mieux exploit\u00e9 celle de Marie (qui arrive vers la fin)<\/strong>. Mais je suppose qu&rsquo;un troisi\u00e8me tome viendra compl\u00e9ter ces deux premiers tomes !<\/p>\n\n\n\n<div class=\"wp-block-image\"><figure class=\"aligncenter size-large\"><img loading=\"lazy\" decoding=\"async\" width=\"1024\" height=\"1024\" src=\"https:\/\/serialectrice.com\/wp-content\/uploads\/2022\/05\/Sans-titre400-1-1024x1024.png\" alt=\"\" class=\"wp-image-3140\" srcset=\"https:\/\/serialectrice.com\/wp-content\/uploads\/2022\/05\/Sans-titre400-1-1024x1024.png 1024w, https:\/\/serialectrice.com\/wp-content\/uploads\/2022\/05\/Sans-titre400-1-300x300.png 300w, https:\/\/serialectrice.com\/wp-content\/uploads\/2022\/05\/Sans-titre400-1-150x150.png 150w, https:\/\/serialectrice.com\/wp-content\/uploads\/2022\/05\/Sans-titre400-1-768x768.png 768w, https:\/\/serialectrice.com\/wp-content\/uploads\/2022\/05\/Sans-titre400-1-1536x1536.png 1536w, https:\/\/serialectrice.com\/wp-content\/uploads\/2022\/05\/Sans-titre400-1-2048x2048.png 2048w, https:\/\/serialectrice.com\/wp-content\/uploads\/2022\/05\/Sans-titre400-1-100x100.png 100w\" sizes=\"auto, (max-width: 1024px) 100vw, 1024px\" \/><figcaption>Habitant pr\u00e8s de Chartres, je n&rsquo;avais d&rsquo;autres choix que d&rsquo;aller prendre cette photo devant la Cath\u00e9drale.<\/figcaption><\/figure><\/div>\n\n\n\n<p class=\"has-text-align-center has-medium-font-size wp-block-paragraph\"><em>C&rsquo;est encore une fois une<strong> lecture passionnante <\/strong>que nous offre ici Kate Mosse. Si vous aimez l<strong>es romans historiques, fo<\/strong>ncez ! Si vous aimez <strong>les romans d&rsquo;aventures<\/strong>, alors n&rsquo;h\u00e9sitez pas ! <\/em><\/p>\n\n\n<div class=\"wp-block-jetpack-rating-star\" style=\"text-align:center\" itemprop=\"reviewRating\" itemscope itemtype=\"http:\/\/schema.org\/Rating\"><p><span aria-hidden=\"true\">\u2b50<\/span><span aria-hidden=\"true\">\u2b50<\/span><span aria-hidden=\"true\">\u2b50<\/span><span aria-hidden=\"true\">\u2b50<\/span><\/p><span style=\"display: none;\" itemprop=\"worstRating\" content=\"0.5\"><span>\n<svg xmlns=\"http:\/\/www.w3.org\/2000\/svg\" width=\"24\" height=\"24\" viewBox=\"0 0 24 24\">\n\t<path class=\"\" fill=\"currentColor\" stroke=\"currentColor\" d=\"M12,17.3l6.2,3.7l-1.6-7L22,9.2l-7.2-0.6L12,2L9.2,8.6L2,9.2L7.5,14l-1.6,7L12,17.3z\" \/>\n<\/svg>\n<\/span>\n<span>\n<svg xmlns=\"http:\/\/www.w3.org\/2000\/svg\" width=\"24\" height=\"24\" viewBox=\"0 0 24 24\">\n\t<path class=\"\" fill=\"currentColor\" stroke=\"currentColor\" d=\"M12,17.3l6.2,3.7l-1.6-7L22,9.2l-7.2-0.6L12,2L9.2,8.6L2,9.2L7.5,14l-1.6,7L12,17.3z\" \/>\n<\/svg>\n<\/span><\/span><span style=\"display: none;\" ><span>\n<svg xmlns=\"http:\/\/www.w3.org\/2000\/svg\" width=\"24\" height=\"24\" viewBox=\"0 0 24 24\">\n\t<path class=\"\" fill=\"currentColor\" stroke=\"currentColor\" d=\"M12,17.3l6.2,3.7l-1.6-7L22,9.2l-7.2-0.6L12,2L9.2,8.6L2,9.2L7.5,14l-1.6,7L12,17.3z\" \/>\n<\/svg>\n<\/span>\n<span>\n<svg xmlns=\"http:\/\/www.w3.org\/2000\/svg\" width=\"24\" height=\"24\" viewBox=\"0 0 24 24\">\n\t<path class=\"\" fill=\"currentColor\" stroke=\"currentColor\" d=\"M12,17.3l6.2,3.7l-1.6-7L22,9.2l-7.2-0.6L12,2L9.2,8.6L2,9.2L7.5,14l-1.6,7L12,17.3z\" \/>\n<\/svg>\n<\/span><\/span><span style=\"display: none;\" ><span>\n<svg xmlns=\"http:\/\/www.w3.org\/2000\/svg\" width=\"24\" height=\"24\" viewBox=\"0 0 24 24\">\n\t<path class=\"\" fill=\"currentColor\" stroke=\"currentColor\" d=\"M12,17.3l6.2,3.7l-1.6-7L22,9.2l-7.2-0.6L12,2L9.2,8.6L2,9.2L7.5,14l-1.6,7L12,17.3z\" \/>\n<\/svg>\n<\/span>\n<span>\n<svg xmlns=\"http:\/\/www.w3.org\/2000\/svg\" width=\"24\" height=\"24\" viewBox=\"0 0 24 24\">\n\t<path class=\"\" fill=\"currentColor\" stroke=\"currentColor\" d=\"M12,17.3l6.2,3.7l-1.6-7L22,9.2l-7.2-0.6L12,2L9.2,8.6L2,9.2L7.5,14l-1.6,7L12,17.3z\" \/>\n<\/svg>\n<\/span><\/span><span style=\"display: none;\" ><span>\n<svg xmlns=\"http:\/\/www.w3.org\/2000\/svg\" width=\"24\" height=\"24\" viewBox=\"0 0 24 24\">\n\t<path class=\"\" fill=\"currentColor\" stroke=\"currentColor\" d=\"M12,17.3l6.2,3.7l-1.6-7L22,9.2l-7.2-0.6L12,2L9.2,8.6L2,9.2L7.5,14l-1.6,7L12,17.3z\" \/>\n<\/svg>\n<\/span>\n<span>\n<svg xmlns=\"http:\/\/www.w3.org\/2000\/svg\" width=\"24\" height=\"24\" viewBox=\"0 0 24 24\">\n\t<path class=\"\" fill=\"currentColor\" stroke=\"currentColor\" d=\"M12,17.3l6.2,3.7l-1.6-7L22,9.2l-7.2-0.6L12,2L9.2,8.6L2,9.2L7.5,14l-1.6,7L12,17.3z\" \/>\n<\/svg>\n<\/span><\/span><span style=\"display: none;\" itemprop=\"bestRating\" content=\"5\"><span>\n<svg xmlns=\"http:\/\/www.w3.org\/2000\/svg\" width=\"24\" height=\"24\" viewBox=\"0 0 24 24\">\n\t<path class=\"is-rating-unfilled\" fill=\"currentColor\" stroke=\"currentColor\" d=\"M12,17.3l6.2,3.7l-1.6-7L22,9.2l-7.2-0.6L12,2L9.2,8.6L2,9.2L7.5,14l-1.6,7L12,17.3z\" \/>\n<\/svg>\n<\/span>\n<span>\n<svg xmlns=\"http:\/\/www.w3.org\/2000\/svg\" width=\"24\" height=\"24\" viewBox=\"0 0 24 24\">\n\t<path class=\"is-rating-unfilled\" fill=\"currentColor\" stroke=\"currentColor\" d=\"M12,17.3l6.2,3.7l-1.6-7L22,9.2l-7.2-0.6L12,2L9.2,8.6L2,9.2L7.5,14l-1.6,7L12,17.3z\" \/>\n<\/svg>\n<\/span><\/span><span itemprop=\"ratingValue\" class=\"screen-reader-text\" content=\"4\">Note\u00a0: 4\u00a0sur 5.<\/span><\/div>\n\n\n<h2 class=\"has-vivid-green-cyan-color has-text-color wp-block-heading\">Mes challenges<\/h2>\n\n\n\n<p class=\"has-medium-font-size wp-block-paragraph\">Cette lecture m&rsquo;a permis de valider la cat\u00e9gorie 6 du <a href=\"https:\/\/serialectrice.com\/index.php\/2022\/04\/27\/challenge-litteraire-mai-2022\/\">challenge mensuel<\/a>. <strong>Couverture \u00e0 dominante bleue.<\/strong><\/p>\n","protected":false},"excerpt":{"rendered":"<p>Dix ann\u00e9es se sont \u00e9coul\u00e9es depuis le mariage de Piet et Minou. Ils sont convi\u00e9s \u00e0 un mariage royal \u00e0 Paris.<\/p>\n","protected":false},"author":1,"featured_media":3141,"comment_status":"open","ping_status":"open","sticky":false,"template":"","format":"standard","meta":{"_crdt_document":"","om_disable_all_campaigns":false,"_uag_custom_page_level_css":"","_monsterinsights_skip_tracking":false,"_monsterinsights_sitenote_active":false,"_monsterinsights_sitenote_note":"","_monsterinsights_sitenote_category":0,"_uf_show_specific_survey":0,"_uf_disable_surveys":false,"_jetpack_memberships_contains_paid_content":false,"footnotes":"","jetpack_publicize_message":"La cit\u00e9 de larmes de Kate Mosse.\n\nDix ann\u00e9es se sont \u00e9coul\u00e9es depuis le mariage de Piet et Minou. Ils sont convi\u00e9s \u00e0 un mariage royal \u00e0 Paris.","jetpack_publicize_feature_enabled":true,"jetpack_social_post_already_shared":true,"jetpack_social_options":{"image_generator_settings":{"template":"highway","default_image_id":0,"font":"","enabled":false},"version":2}},"categories":[35,6,14],"tags":[228,58,279,59],"class_list":["post-3138","post","type-post","status-publish","format-standard","has-post-thumbnail","hentry","category-jury","category-livres-lus","category-service-presse","tag-kate-mosse","tag-litterature-americaine","tag-roman-daventures","tag-roman-historique"],"aioseo_notices":[],"jetpack_publicize_connections":[],"jetpack_featured_media_url":"https:\/\/serialectrice.com\/wp-content\/uploads\/2022\/05\/Sans-titre401.png","uagb_featured_image_src":{"full":["https:\/\/serialectrice.com\/wp-content\/uploads\/2022\/05\/Sans-titre401.png",1716,993,false],"thumbnail":["https:\/\/serialectrice.com\/wp-content\/uploads\/2022\/05\/Sans-titre401-572x331.png",572,331,true],"medium":["https:\/\/serialectrice.com\/wp-content\/uploads\/2022\/05\/Sans-titre401-300x174.png",300,174,true],"medium_large":["https:\/\/serialectrice.com\/wp-content\/uploads\/2022\/05\/Sans-titre401-768x444.png",768,444,true],"large":["https:\/\/serialectrice.com\/wp-content\/uploads\/2022\/05\/Sans-titre401-1024x593.png",840,486,true],"post-slider-thumb-size":["https:\/\/serialectrice.com\/wp-content\/uploads\/2022\/05\/Sans-titre401.png",328,190,false],"post-category-slider-size":["https:\/\/serialectrice.com\/wp-content\/uploads\/2022\/05\/Sans-titre401.png",330,191,false],"1536x1536":["https:\/\/serialectrice.com\/wp-content\/uploads\/2022\/05\/Sans-titre401-1536x889.png",1536,889,true],"2048x2048":["https:\/\/serialectrice.com\/wp-content\/uploads\/2022\/05\/Sans-titre401.png",1716,993,false],"hello-fashion-slider":["https:\/\/serialectrice.com\/wp-content\/uploads\/2022\/05\/Sans-titre401.png",480,278,false],"hello-fashion-blog-three":["https:\/\/serialectrice.com\/wp-content\/uploads\/2022\/05\/Sans-titre401.png",420,243,false],"hello-fashion-blog-four":["https:\/\/serialectrice.com\/wp-content\/uploads\/2022\/05\/Sans-titre401.png",573,332,false],"vilva-slider-one":["https:\/\/serialectrice.com\/wp-content\/uploads\/2022\/05\/Sans-titre401.png",1037,600,false],"vilva-featured-four":["https:\/\/serialectrice.com\/wp-content\/uploads\/2022\/05\/Sans-titre401.png",800,463,false],"vilva-blog":["https:\/\/serialectrice.com\/wp-content\/uploads\/2022\/05\/Sans-titre401.png",420,243,false],"vilva-blog-one":["https:\/\/serialectrice.com\/wp-content\/uploads\/2022\/05\/Sans-titre401.png",864,500,false],"vilva-sidebar":["https:\/\/serialectrice.com\/wp-content\/uploads\/2022\/05\/Sans-titre401.png",817,473,false]},"uagb_author_info":{"display_name":"SeriaLectrice","author_link":"https:\/\/serialectrice.com\/index.php\/author\/cilounegmail-com\/"},"uagb_comment_info":1,"uagb_excerpt":"Dix ann\u00e9es se sont \u00e9coul\u00e9es depuis le mariage de Piet et Minou. Ils sont convi\u00e9s \u00e0 un mariage royal \u00e0 Paris.","jetpack_sharing_enabled":true,"jetpack_likes_enabled":true,"_links":{"self":[{"href":"https:\/\/serialectrice.com\/index.php\/wp-json\/wp\/v2\/posts\/3138","targetHints":{"allow":["GET"]}}],"collection":[{"href":"https:\/\/serialectrice.com\/index.php\/wp-json\/wp\/v2\/posts"}],"about":[{"href":"https:\/\/serialectrice.com\/index.php\/wp-json\/wp\/v2\/types\/post"}],"author":[{"embeddable":true,"href":"https:\/\/serialectrice.com\/index.php\/wp-json\/wp\/v2\/users\/1"}],"replies":[{"embeddable":true,"href":"https:\/\/serialectrice.com\/index.php\/wp-json\/wp\/v2\/comments?post=3138"}],"version-history":[{"count":0,"href":"https:\/\/serialectrice.com\/index.php\/wp-json\/wp\/v2\/posts\/3138\/revisions"}],"wp:featuredmedia":[{"embeddable":true,"href":"https:\/\/serialectrice.com\/index.php\/wp-json\/wp\/v2\/media\/3141"}],"wp:attachment":[{"href":"https:\/\/serialectrice.com\/index.php\/wp-json\/wp\/v2\/media?parent=3138"}],"wp:term":[{"taxonomy":"category","embeddable":true,"href":"https:\/\/serialectrice.com\/index.php\/wp-json\/wp\/v2\/categories?post=3138"},{"taxonomy":"post_tag","embeddable":true,"href":"https:\/\/serialectrice.com\/index.php\/wp-json\/wp\/v2\/tags?post=3138"}],"curies":[{"name":"wp","href":"https:\/\/api.w.org\/{rel}","templated":true}]}}