{"id":3116,"date":"2022-05-11T10:58:48","date_gmt":"2022-05-11T08:58:48","guid":{"rendered":"https:\/\/serialectrice.com\/?p=3116"},"modified":"2022-05-11T10:58:52","modified_gmt":"2022-05-11T08:58:52","slug":"le-paradis-des-vauriens","status":"publish","type":"post","link":"https:\/\/serialectrice.com\/index.php\/2022\/05\/11\/le-paradis-des-vauriens\/","title":{"rendered":"Le paradis des vauriens _ Wendall Utroi"},"content":{"rendered":"\n<div class=\"wp-block-media-text alignwide is-stacked-on-mobile\" style=\"grid-template-columns:35% auto\"><figure class=\"wp-block-media-text__media\"><img loading=\"lazy\" decoding=\"async\" width=\"683\" height=\"1024\" src=\"https:\/\/serialectrice.com\/wp-content\/uploads\/2022\/04\/le-paradis-des-vauriens-4923242-683x1024.jpg\" alt=\"\" class=\"wp-image-3067 size-full\" srcset=\"https:\/\/serialectrice.com\/wp-content\/uploads\/2022\/04\/le-paradis-des-vauriens-4923242-683x1024.jpg 683w, https:\/\/serialectrice.com\/wp-content\/uploads\/2022\/04\/le-paradis-des-vauriens-4923242-200x300.jpg 200w, https:\/\/serialectrice.com\/wp-content\/uploads\/2022\/04\/le-paradis-des-vauriens-4923242-100x150.jpg 100w, https:\/\/serialectrice.com\/wp-content\/uploads\/2022\/04\/le-paradis-des-vauriens-4923242-768x1151.jpg 768w, https:\/\/serialectrice.com\/wp-content\/uploads\/2022\/04\/le-paradis-des-vauriens-4923242-1025x1536.jpg 1025w, https:\/\/serialectrice.com\/wp-content\/uploads\/2022\/04\/le-paradis-des-vauriens-4923242.jpg 1080w\" sizes=\"auto, (max-width: 683px) 100vw, 683px\" \/><\/figure><div class=\"wp-block-media-text__content\">\n<h2 class=\"has-vivid-green-cyan-color has-text-color wp-block-heading\">R\u00e9sum\u00e9<\/h2>\n\n\n\n<p class=\"has-medium-font-size wp-block-paragraph\">Le paradis des vauriens donne vie \u00e0 deux enfants bless\u00e9s : Kalya, d\u2019origine tsigane, que recueille un ferrailleur, et\u00a0 Sans-Nom, un gamin un peu ch\u00e9tif, fils d\u2019une prostitu\u00e9e. L\u2019histoire prend sa source dans les plaines du Nord au milieu des ann\u00e9es 30 et vient mourir dans le sud-est de la France beaucoup plus tard. Deux lieux, deux \u00e9poques et deux terribles destins. Aimer le destin, c\u2019est le forcer \u00e0 vous \u00e9couter pour que, un jour, \u00e0 son tour, il vous aime un peu.<\/p>\n<\/div><\/div>\n\n\n\n<h2 class=\"wp-block-heading\"><span style=\"color:#00d084\" class=\"tadv-color\">Mon ressenti<\/span><\/h2>\n\n\n\n<p class=\"has-medium-font-size wp-block-paragraph\">Dans le paradis des vauriens nous suivons <strong>Hugo, surnomm\u00e9 Sans-Nom.<\/strong> Nous le suivons sur deux \u00e9poques. Celle de <strong>son enfance, durant laquelle il rencontre Kalya<\/strong>, et celle <strong>adulte durant laquelle il va fuir une bonne partie de sa vie<\/strong>. La vie de Hugo et Kalya est loin d&rsquo;\u00eatre rose. <strong>Les deux enfants vont devenir ins\u00e9parables<\/strong>, jusqu&rsquo;\u00e0 l&rsquo;adolescence o\u00f9 les deux tomberont amoureux. Lorsque l&rsquo;on lit les parties de la vie adulte d&rsquo;Hugo, <strong>on comprend que les deux ont \u00e9t\u00e9 s\u00e9par\u00e9s<\/strong> mais on ignore pourquoi et comment. Hugo, une fois adulte, est un d\u00e9linquant et devra fuir lorsqu&rsquo;il aura brutalis\u00e9 une vieille dame.<strong> C&rsquo;est le genre de personnage qu&rsquo;on pourrait d\u00e9tester mais qu&rsquo;on apprend \u00e0 aimer<\/strong> car le lecteur conna\u00eet son pass\u00e9 et comprend l&rsquo;origine de sa violence.<\/p>\n\n\n\n<p class=\"has-medium-font-size wp-block-paragraph\">Wendall Utroi nous livre un roman noir. En principe, je ne suis pas friande de ce genre de romans. Mais, <strong>malgr\u00e9 la noirceur de la vie de ces deux \u00ab\u00a0vauriens\u00a0\u00bb, l&rsquo;auteur livre un roman plein d&rsquo;espoir, qui ouvre une porte vers un jour meilleur.<\/strong> Malgr\u00e9 la violence des personnages, il n&rsquo;y a jamais aucun d\u00e9tail qui pourrait mettre le lecteur mal \u00e0 l&rsquo;aise. Les choses sont dites, mais ne sont pas d\u00e9crites. <strong>Le lecteur ne se retrouve pas dans la position du voyeur<\/strong>, et c&rsquo;est un point qui me semble tr\u00e8s important. Ce que je regrette dans beaucoup de romans noirs, ce sont les sc\u00e8nes racoleuses de viols ou autres maltraitances. Ici, <strong>on les devine, mais elles ne sont pas expos\u00e9es \u00e0 l&rsquo;oeil du lecteur.<\/strong><\/p>\n\n\n\n<p class=\"has-medium-font-size wp-block-paragraph\">L&rsquo;auteur a vraiment su me faire plonger dans son histoire, dans celle de Hugo et Kalya. Il nous fait voyager <strong>des ann\u00e9es 30 aux ann\u00e9es 80<\/strong>. Il nous fait \u00e9galement plonger dans le quotidien d&rsquo;une <strong>secte et de toutes les d\u00e9rives de son gourou<\/strong>. En alternant les temps un chapitre sur deux, l&rsquo;auteur donne une dynamique \u00e0 son r\u00e9cit qui le rend encore plus <strong>addictif<\/strong>. Il est difficile d&rsquo;en dire plus au risque de d\u00e9voiler des pans de l&rsquo;histoire. <strong>C&rsquo;est un livre \u00e0 lire qui devrait plaire m\u00eame \u00e0 celles et ceux qui, comme moi, ne sont pas friands de romans noirs<\/strong>.<\/p>\n\n\n\n<div class=\"wp-block-image\"><figure class=\"aligncenter size-large\"><img loading=\"lazy\" decoding=\"async\" width=\"1024\" height=\"1024\" src=\"https:\/\/serialectrice.com\/wp-content\/uploads\/2022\/05\/Sans-titre395-1024x1024.png\" alt=\"\" class=\"wp-image-3118\" srcset=\"https:\/\/serialectrice.com\/wp-content\/uploads\/2022\/05\/Sans-titre395-1024x1024.png 1024w, https:\/\/serialectrice.com\/wp-content\/uploads\/2022\/05\/Sans-titre395-300x300.png 300w, https:\/\/serialectrice.com\/wp-content\/uploads\/2022\/05\/Sans-titre395-150x150.png 150w, https:\/\/serialectrice.com\/wp-content\/uploads\/2022\/05\/Sans-titre395-768x768.png 768w, https:\/\/serialectrice.com\/wp-content\/uploads\/2022\/05\/Sans-titre395-100x100.png 100w, https:\/\/serialectrice.com\/wp-content\/uploads\/2022\/05\/Sans-titre395.png 1080w\" sizes=\"auto, (max-width: 1024px) 100vw, 1024px\" \/><\/figure><\/div>\n\n\n\n<p class=\"has-text-align-center has-medium-font-size wp-block-paragraph\"><em>Cette lecture fut un <strong>coup de coeur<\/strong>. Une histoire passionnante, vibrante, addictive et \u00e9mouvante. J&rsquo;avais d\u00e9j\u00e0 beaucoup appr\u00e9ci\u00e9 <a href=\"https:\/\/serialectrice.com\/index.php\/2021\/07\/04\/les-yeux-dava-_-wendall-utroi\/\">Les yeux d&rsquo;Ava<\/a>, et je <strong>continuerai \u00e0 lire cet auteur<\/strong> !<\/em><\/p>\n\n\n<div class=\"wp-block-jetpack-rating-star\" style=\"text-align:center\" itemprop=\"reviewRating\" itemscope itemtype=\"http:\/\/schema.org\/Rating\"><p><span aria-hidden=\"true\">\u2b50<\/span><span aria-hidden=\"true\">\u2b50<\/span><span aria-hidden=\"true\">\u2b50<\/span><span aria-hidden=\"true\">\u2b50<\/span><span aria-hidden=\"true\">\u2b50<\/span><\/p><span style=\"display: none;\" itemprop=\"worstRating\" content=\"0.5\"><span>\n<svg xmlns=\"http:\/\/www.w3.org\/2000\/svg\" width=\"24\" height=\"24\" viewBox=\"0 0 24 24\">\n\t<path class=\"\" fill=\"currentColor\" stroke=\"currentColor\" d=\"M12,17.3l6.2,3.7l-1.6-7L22,9.2l-7.2-0.6L12,2L9.2,8.6L2,9.2L7.5,14l-1.6,7L12,17.3z\" \/>\n<\/svg>\n<\/span>\n<span>\n<svg xmlns=\"http:\/\/www.w3.org\/2000\/svg\" width=\"24\" height=\"24\" viewBox=\"0 0 24 24\">\n\t<path class=\"\" fill=\"currentColor\" stroke=\"currentColor\" d=\"M12,17.3l6.2,3.7l-1.6-7L22,9.2l-7.2-0.6L12,2L9.2,8.6L2,9.2L7.5,14l-1.6,7L12,17.3z\" \/>\n<\/svg>\n<\/span><\/span><span style=\"display: none;\" ><span>\n<svg xmlns=\"http:\/\/www.w3.org\/2000\/svg\" width=\"24\" height=\"24\" viewBox=\"0 0 24 24\">\n\t<path class=\"\" fill=\"currentColor\" stroke=\"currentColor\" d=\"M12,17.3l6.2,3.7l-1.6-7L22,9.2l-7.2-0.6L12,2L9.2,8.6L2,9.2L7.5,14l-1.6,7L12,17.3z\" \/>\n<\/svg>\n<\/span>\n<span>\n<svg xmlns=\"http:\/\/www.w3.org\/2000\/svg\" width=\"24\" height=\"24\" viewBox=\"0 0 24 24\">\n\t<path class=\"\" fill=\"currentColor\" stroke=\"currentColor\" d=\"M12,17.3l6.2,3.7l-1.6-7L22,9.2l-7.2-0.6L12,2L9.2,8.6L2,9.2L7.5,14l-1.6,7L12,17.3z\" \/>\n<\/svg>\n<\/span><\/span><span style=\"display: none;\" ><span>\n<svg xmlns=\"http:\/\/www.w3.org\/2000\/svg\" width=\"24\" height=\"24\" viewBox=\"0 0 24 24\">\n\t<path class=\"\" fill=\"currentColor\" stroke=\"currentColor\" d=\"M12,17.3l6.2,3.7l-1.6-7L22,9.2l-7.2-0.6L12,2L9.2,8.6L2,9.2L7.5,14l-1.6,7L12,17.3z\" \/>\n<\/svg>\n<\/span>\n<span>\n<svg xmlns=\"http:\/\/www.w3.org\/2000\/svg\" width=\"24\" height=\"24\" viewBox=\"0 0 24 24\">\n\t<path class=\"\" fill=\"currentColor\" stroke=\"currentColor\" d=\"M12,17.3l6.2,3.7l-1.6-7L22,9.2l-7.2-0.6L12,2L9.2,8.6L2,9.2L7.5,14l-1.6,7L12,17.3z\" \/>\n<\/svg>\n<\/span><\/span><span style=\"display: none;\" ><span>\n<svg xmlns=\"http:\/\/www.w3.org\/2000\/svg\" width=\"24\" height=\"24\" viewBox=\"0 0 24 24\">\n\t<path class=\"\" fill=\"currentColor\" stroke=\"currentColor\" d=\"M12,17.3l6.2,3.7l-1.6-7L22,9.2l-7.2-0.6L12,2L9.2,8.6L2,9.2L7.5,14l-1.6,7L12,17.3z\" \/>\n<\/svg>\n<\/span>\n<span>\n<svg xmlns=\"http:\/\/www.w3.org\/2000\/svg\" width=\"24\" height=\"24\" viewBox=\"0 0 24 24\">\n\t<path class=\"\" fill=\"currentColor\" stroke=\"currentColor\" d=\"M12,17.3l6.2,3.7l-1.6-7L22,9.2l-7.2-0.6L12,2L9.2,8.6L2,9.2L7.5,14l-1.6,7L12,17.3z\" \/>\n<\/svg>\n<\/span><\/span><span style=\"display: none;\" itemprop=\"bestRating\" content=\"5\"><span>\n<svg xmlns=\"http:\/\/www.w3.org\/2000\/svg\" width=\"24\" height=\"24\" viewBox=\"0 0 24 24\">\n\t<path class=\"\" fill=\"currentColor\" stroke=\"currentColor\" d=\"M12,17.3l6.2,3.7l-1.6-7L22,9.2l-7.2-0.6L12,2L9.2,8.6L2,9.2L7.5,14l-1.6,7L12,17.3z\" \/>\n<\/svg>\n<\/span>\n<span>\n<svg xmlns=\"http:\/\/www.w3.org\/2000\/svg\" width=\"24\" height=\"24\" viewBox=\"0 0 24 24\">\n\t<path class=\"\" fill=\"currentColor\" stroke=\"currentColor\" d=\"M12,17.3l6.2,3.7l-1.6-7L22,9.2l-7.2-0.6L12,2L9.2,8.6L2,9.2L7.5,14l-1.6,7L12,17.3z\" \/>\n<\/svg>\n<\/span><\/span><span itemprop=\"ratingValue\" class=\"screen-reader-text\" content=\"5\">Note\u00a0: 5\u00a0sur 5.<\/span><\/div>\n\n\n<p class=\"has-small-font-size wp-block-paragraph\"><em>Je regrette seulement un aspect. L&rsquo;auteur ne nous livre pas ses sources, notamment concernant tout le passage au sein d&rsquo;une secte. J&rsquo;aurais appr\u00e9ci\u00e9 savoir o\u00f9 s&rsquo;arr\u00eatait la r\u00e9alit\u00e9 et o\u00f9 commen\u00e7ait la fiction.<\/em><\/p>\n\n\n\n<p class=\"wp-block-paragraph\">Merci aux \u00e9ditions <a href=\"https:\/\/www.slatkine.com\">Slatkine<\/a> et au concept des <a href=\"https:\/\/www.instagram.com\/thebooktrotteuses\/\">Booktrotteuses<\/a> pour ce roman !<\/p>\n\n\n\n<h2 class=\"wp-block-heading\"><span style=\"color:#00d084\" class=\"tadv-color\">Mes challenges<\/span><\/h2>\n\n\n\n<p class=\"has-medium-font-size wp-block-paragraph\">Cette lecture m&rsquo;a permis de valider la cat\u00e9gorie du <a href=\"https:\/\/serialectrice.com\/index.php\/2022\/04\/27\/challenge-litteraire-mai-2022\/\">challenge mensuel<\/a>. <strong>Couverture avec une personne qui sourit (le gar\u00e7on est souriant).<\/strong><\/p>\n","protected":false},"excerpt":{"rendered":"<p>Le paradis des vauriens donne vie \u00e0 deux enfants bless\u00e9s : Kalya, d\u2019origine tsigane, que recueille un ferrailleur, et  Sans-Nom, un gamin un peu ch\u00e9tif, fils d\u2019une prostitu\u00e9e.<\/p>\n","protected":false},"author":1,"featured_media":3119,"comment_status":"open","ping_status":"open","sticky":false,"template":"","format":"standard","meta":{"_crdt_document":"","om_disable_all_campaigns":false,"_uag_custom_page_level_css":"","_monsterinsights_skip_tracking":false,"_monsterinsights_sitenote_active":false,"_monsterinsights_sitenote_note":"","_monsterinsights_sitenote_category":0,"_uf_show_specific_survey":0,"_uf_disable_surveys":false,"_jetpack_memberships_contains_paid_content":false,"footnotes":"","jetpack_publicize_message":"Le paradis des vauriens de Wendall Utroi  donne vie \u00e0 deux enfants bless\u00e9s : Kalya, d\u2019origine tsigane, que recueille un ferrailleur, et  Sans-Nom, un gamin un peu ch\u00e9tif, fils d\u2019une prostitu\u00e9e.","jetpack_publicize_feature_enabled":true,"jetpack_social_post_already_shared":true,"jetpack_social_options":{"image_generator_settings":{"template":"highway","default_image_id":0,"font":"","enabled":false},"version":2}},"categories":[6,14],"tags":[30,276],"class_list":["post-3116","post","type-post","status-publish","format-standard","has-post-thumbnail","hentry","category-livres-lus","category-service-presse","tag-roman-noir","tag-wendall-utroi"],"aioseo_notices":[],"jetpack_publicize_connections":[],"jetpack_featured_media_url":"https:\/\/serialectrice.com\/wp-content\/uploads\/2022\/05\/Sans-titre394.png","uagb_featured_image_src":{"full":["https:\/\/serialectrice.com\/wp-content\/uploads\/2022\/05\/Sans-titre394.png",1716,993,false],"thumbnail":["https:\/\/serialectrice.com\/wp-content\/uploads\/2022\/05\/Sans-titre394-572x331.png",572,331,true],"medium":["https:\/\/serialectrice.com\/wp-content\/uploads\/2022\/05\/Sans-titre394-300x174.png",300,174,true],"medium_large":["https:\/\/serialectrice.com\/wp-content\/uploads\/2022\/05\/Sans-titre394-768x444.png",768,444,true],"large":["https:\/\/serialectrice.com\/wp-content\/uploads\/2022\/05\/Sans-titre394-1024x593.png",840,486,true],"post-slider-thumb-size":["https:\/\/serialectrice.com\/wp-content\/uploads\/2022\/05\/Sans-titre394.png",328,190,false],"post-category-slider-size":["https:\/\/serialectrice.com\/wp-content\/uploads\/2022\/05\/Sans-titre394.png",330,191,false],"1536x1536":["https:\/\/serialectrice.com\/wp-content\/uploads\/2022\/05\/Sans-titre394-1536x889.png",1536,889,true],"2048x2048":["https:\/\/serialectrice.com\/wp-content\/uploads\/2022\/05\/Sans-titre394.png",1716,993,false],"hello-fashion-slider":["https:\/\/serialectrice.com\/wp-content\/uploads\/2022\/05\/Sans-titre394.png",480,278,false],"hello-fashion-blog-three":["https:\/\/serialectrice.com\/wp-content\/uploads\/2022\/05\/Sans-titre394.png",420,243,false],"hello-fashion-blog-four":["https:\/\/serialectrice.com\/wp-content\/uploads\/2022\/05\/Sans-titre394.png",573,332,false],"vilva-slider-one":["https:\/\/serialectrice.com\/wp-content\/uploads\/2022\/05\/Sans-titre394.png",1037,600,false],"vilva-featured-four":["https:\/\/serialectrice.com\/wp-content\/uploads\/2022\/05\/Sans-titre394.png",800,463,false],"vilva-blog":["https:\/\/serialectrice.com\/wp-content\/uploads\/2022\/05\/Sans-titre394.png",420,243,false],"vilva-blog-one":["https:\/\/serialectrice.com\/wp-content\/uploads\/2022\/05\/Sans-titre394.png",864,500,false],"vilva-sidebar":["https:\/\/serialectrice.com\/wp-content\/uploads\/2022\/05\/Sans-titre394.png",817,473,false]},"uagb_author_info":{"display_name":"SeriaLectrice","author_link":"https:\/\/serialectrice.com\/index.php\/author\/cilounegmail-com\/"},"uagb_comment_info":1,"uagb_excerpt":"Le paradis des vauriens donne vie \u00e0 deux enfants bless\u00e9s : Kalya, d\u2019origine tsigane, que recueille un ferrailleur, et Sans-Nom, un gamin un peu ch\u00e9tif, fils d\u2019une prostitu\u00e9e.","jetpack_sharing_enabled":true,"jetpack_likes_enabled":true,"_links":{"self":[{"href":"https:\/\/serialectrice.com\/index.php\/wp-json\/wp\/v2\/posts\/3116","targetHints":{"allow":["GET"]}}],"collection":[{"href":"https:\/\/serialectrice.com\/index.php\/wp-json\/wp\/v2\/posts"}],"about":[{"href":"https:\/\/serialectrice.com\/index.php\/wp-json\/wp\/v2\/types\/post"}],"author":[{"embeddable":true,"href":"https:\/\/serialectrice.com\/index.php\/wp-json\/wp\/v2\/users\/1"}],"replies":[{"embeddable":true,"href":"https:\/\/serialectrice.com\/index.php\/wp-json\/wp\/v2\/comments?post=3116"}],"version-history":[{"count":0,"href":"https:\/\/serialectrice.com\/index.php\/wp-json\/wp\/v2\/posts\/3116\/revisions"}],"wp:featuredmedia":[{"embeddable":true,"href":"https:\/\/serialectrice.com\/index.php\/wp-json\/wp\/v2\/media\/3119"}],"wp:attachment":[{"href":"https:\/\/serialectrice.com\/index.php\/wp-json\/wp\/v2\/media?parent=3116"}],"wp:term":[{"taxonomy":"category","embeddable":true,"href":"https:\/\/serialectrice.com\/index.php\/wp-json\/wp\/v2\/categories?post=3116"},{"taxonomy":"post_tag","embeddable":true,"href":"https:\/\/serialectrice.com\/index.php\/wp-json\/wp\/v2\/tags?post=3116"}],"curies":[{"name":"wp","href":"https:\/\/api.w.org\/{rel}","templated":true}]}}