{"id":3062,"date":"2022-04-27T11:00:00","date_gmt":"2022-04-27T09:00:00","guid":{"rendered":"https:\/\/serialectrice.com\/?p=3062"},"modified":"2022-04-27T17:00:53","modified_gmt":"2022-04-27T15:00:53","slug":"challenge-litteraire-mai-2022","status":"publish","type":"post","link":"https:\/\/serialectrice.com\/index.php\/2022\/04\/27\/challenge-litteraire-mai-2022\/","title":{"rendered":"Challenge Litt\u00e9raire _ Mai 2022"},"content":{"rendered":"\n<div class=\"wp-block-image\"><figure class=\"aligncenter size-large\"><img loading=\"lazy\" decoding=\"async\" width=\"1024\" height=\"269\" src=\"https:\/\/serialectrice.com\/wp-content\/uploads\/2022\/04\/May-1140-\u00d7-300-px1-1024x269.png\" alt=\"\" class=\"wp-image-3075\" srcset=\"https:\/\/serialectrice.com\/wp-content\/uploads\/2022\/04\/May-1140-\u00d7-300-px1-1024x269.png 1024w, https:\/\/serialectrice.com\/wp-content\/uploads\/2022\/04\/May-1140-\u00d7-300-px1-300x79.png 300w, https:\/\/serialectrice.com\/wp-content\/uploads\/2022\/04\/May-1140-\u00d7-300-px1-150x39.png 150w, https:\/\/serialectrice.com\/wp-content\/uploads\/2022\/04\/May-1140-\u00d7-300-px1-768x202.png 768w, https:\/\/serialectrice.com\/wp-content\/uploads\/2022\/04\/May-1140-\u00d7-300-px1.png 1140w\" sizes=\"auto, (max-width: 1024px) 100vw, 1024px\" \/><\/figure><\/div>\n\n\n\n<p class=\"has-medium-font-size wp-block-paragraph\">Le mois de mai arrive \u00e0 grands pas, aussi \u00e9tait-il temps que je publie le prochain challenge litt\u00e9raire mensuel.<\/p>\n\n\n\n<p class=\"has-medium-font-size wp-block-paragraph\">Je ne me suis pas trop mal d\u00e9brouill\u00e9e sur celui du mois d&rsquo;avril. Au moment o\u00f9 j&rsquo;\u00e9cris ce billet, il ne me manque qu&rsquo;une cat\u00e9gorie \u00e0 valider. Et il me reste encore 4 jours pour essayer de le boucler.<\/p>\n\n\n\n<p class=\"has-medium-font-size wp-block-paragraph\">Les r\u00e8gles sont toujours les m\u00eames :<\/p>\n\n\n\n<ul class=\"has-medium-font-size wp-block-list\"><li>Avoir lu le livre entre le 1er et le 31 mai<\/li><li>Un livre peut valider jusqu\u2019\u00e0 2 cat\u00e9gories<\/li><li>Mangas et BDs sont accept\u00e9s<\/li><li>Surtout : on se fait plaisir !<\/li><\/ul>\n\n\n\n<p class=\"has-medium-font-size wp-block-paragraph\">Mais sans plus tard, voici les dix nouvelles cat\u00e9gories. Vous remarquerez que j&rsquo;ai parfois manqu\u00e9 d&rsquo;inspiration, je m&rsquo;en excuse.<\/p>\n\n\n\n<h2 class=\"wp-block-heading\">1. Un auteur en M<\/h2>\n\n\n\n<div class=\"wp-block-media-text alignwide is-stacked-on-mobile\" style=\"grid-template-columns:15% auto\"><figure class=\"wp-block-media-text__media\"><img loading=\"lazy\" decoding=\"async\" width=\"351\" height=\"576\" src=\"https:\/\/serialectrice.com\/wp-content\/uploads\/2022\/04\/la-cite-de-larmes-4924060.jpg\" alt=\"\" class=\"wp-image-3063 size-full\" srcset=\"https:\/\/serialectrice.com\/wp-content\/uploads\/2022\/04\/la-cite-de-larmes-4924060.jpg 351w, https:\/\/serialectrice.com\/wp-content\/uploads\/2022\/04\/la-cite-de-larmes-4924060-183x300.jpg 183w, https:\/\/serialectrice.com\/wp-content\/uploads\/2022\/04\/la-cite-de-larmes-4924060-91x150.jpg 91w\" sizes=\"auto, (max-width: 351px) 100vw, 351px\" \/><\/figure><div class=\"wp-block-media-text__content\">\n<p class=\"has-medium-font-size wp-block-paragraph\">Rien de nouveau sous le soleil. Pour le mois de Mai, lisons un auteur dont le nom de famille commence par la lettre M. Je lirai La cit\u00e9 de larmes pour le Grand Prix des lecteurs Pocket, dont j&rsquo;avais lu <a href=\"https:\/\/serialectrice.com\/index.php\/2022\/02\/10\/la-cite-de-feu\/\">le premier tome<\/a> il y a peu.<\/p>\n<\/div><\/div>\n\n\n\n<h2 class=\"wp-block-heading\">2. Un auteur \u00e9crit en rouge<\/h2>\n\n\n\n<div class=\"wp-block-media-text alignwide is-stacked-on-mobile\" style=\"grid-template-columns:15% auto\"><figure class=\"wp-block-media-text__media\"><img loading=\"lazy\" decoding=\"async\" width=\"400\" height=\"655\" src=\"https:\/\/serialectrice.com\/wp-content\/uploads\/2022\/04\/beloved-920843.jpg\" alt=\"\" class=\"wp-image-3064 size-full\" srcset=\"https:\/\/serialectrice.com\/wp-content\/uploads\/2022\/04\/beloved-920843.jpg 400w, https:\/\/serialectrice.com\/wp-content\/uploads\/2022\/04\/beloved-920843-183x300.jpg 183w, https:\/\/serialectrice.com\/wp-content\/uploads\/2022\/04\/beloved-920843-92x150.jpg 92w\" sizes=\"auto, (max-width: 400px) 100vw, 400px\" \/><\/figure><div class=\"wp-block-media-text__content\">\n<p class=\"has-medium-font-size wp-block-paragraph\">Le 26 mai a lieu la journ\u00e9e de Dracula. Qui dit Dracula, dit vampire. Qui dit vampire, dit sang. Et la couleur du sang est le rouge. Nous cherchons un auteur \u00e9crit en rouge sur la couverture, le dos ou la quatri\u00e8me. Pour ma part, je lirai Beloved de Toni Morrison.<\/p>\n<\/div><\/div>\n\n\n\n<h2 class=\"wp-block-heading\">3. Un titre en 3 mots<\/h2>\n\n\n\n<div class=\"wp-block-media-text alignwide is-stacked-on-mobile\" style=\"grid-template-columns:15% auto\"><figure class=\"wp-block-media-text__media\"><img loading=\"lazy\" decoding=\"async\" width=\"400\" height=\"653\" src=\"https:\/\/serialectrice.com\/wp-content\/uploads\/2022\/04\/urbex-sed-lex-1299177.jpg\" alt=\"\" class=\"wp-image-3065 size-full\" srcset=\"https:\/\/serialectrice.com\/wp-content\/uploads\/2022\/04\/urbex-sed-lex-1299177.jpg 400w, https:\/\/serialectrice.com\/wp-content\/uploads\/2022\/04\/urbex-sed-lex-1299177-184x300.jpg 184w, https:\/\/serialectrice.com\/wp-content\/uploads\/2022\/04\/urbex-sed-lex-1299177-92x150.jpg 92w\" sizes=\"auto, (max-width: 400px) 100vw, 400px\" \/><\/figure><div class=\"wp-block-media-text__content\">\n<p class=\"has-medium-font-size wp-block-paragraph\">Le mois de mai contient 3 lettres, nous chercherons donc un titre en 3 mots. Je lirai Urbex Sed Lex. L&rsquo;auteur s&rsquo;est inspir\u00e9 d&rsquo;un fait divers qui s&rsquo;est d\u00e9roul\u00e9 il y a quelques ann\u00e9es dans l&rsquo;ancien sanatorium d\u00e9saffect\u00e9 de Dreux. Voil\u00e0 presque dix ans que je travaille dans cette ville, donc ce livre me rend tr\u00e8s curieuse.<\/p>\n<\/div><\/div>\n\n\n\n<h2 class=\"wp-block-heading\">4. Un titre qui contient les lettres MAI<\/h2>\n\n\n\n<div class=\"wp-block-media-text alignwide is-stacked-on-mobile is-vertically-aligned-top\" style=\"grid-template-columns:15% auto\"><figure class=\"wp-block-media-text__media\"><img loading=\"lazy\" decoding=\"async\" width=\"400\" height=\"642\" src=\"https:\/\/serialectrice.com\/wp-content\/uploads\/2022\/04\/les-chemins-de-la-liberte-1467643.jpg\" alt=\"\" class=\"wp-image-3066 size-full\" srcset=\"https:\/\/serialectrice.com\/wp-content\/uploads\/2022\/04\/les-chemins-de-la-liberte-1467643.jpg 400w, https:\/\/serialectrice.com\/wp-content\/uploads\/2022\/04\/les-chemins-de-la-liberte-1467643-187x300.jpg 187w, https:\/\/serialectrice.com\/wp-content\/uploads\/2022\/04\/les-chemins-de-la-liberte-1467643-93x150.jpg 93w\" sizes=\"auto, (max-width: 400px) 100vw, 400px\" \/><\/figure><div class=\"wp-block-media-text__content\">\n<p class=\"has-medium-font-size wp-block-paragraph\">Encore une fois, j&rsquo;ai manqu\u00e9 d&rsquo;inspiration concernant les challenges. Je vous propose donc simplement de chercher un titre qui contient les lettres MAI. Je lirai Les chemins de la libert\u00e9 que je dois lire pour le Grand Prix des Lecteurs Pocket.<\/p>\n<\/div><\/div>\n\n\n\n<h2 class=\"wp-block-heading\">5. Couverture avec une personne qui sourit<\/h2>\n\n\n\n<div class=\"wp-block-media-text alignwide is-stacked-on-mobile\" style=\"grid-template-columns:15% auto\"><figure class=\"wp-block-media-text__media\"><img loading=\"lazy\" decoding=\"async\" width=\"683\" height=\"1024\" src=\"https:\/\/serialectrice.com\/wp-content\/uploads\/2022\/04\/le-paradis-des-vauriens-4923242-683x1024.jpg\" alt=\"\" class=\"wp-image-3067 size-full\" srcset=\"https:\/\/serialectrice.com\/wp-content\/uploads\/2022\/04\/le-paradis-des-vauriens-4923242-683x1024.jpg 683w, https:\/\/serialectrice.com\/wp-content\/uploads\/2022\/04\/le-paradis-des-vauriens-4923242-200x300.jpg 200w, https:\/\/serialectrice.com\/wp-content\/uploads\/2022\/04\/le-paradis-des-vauriens-4923242-100x150.jpg 100w, https:\/\/serialectrice.com\/wp-content\/uploads\/2022\/04\/le-paradis-des-vauriens-4923242-768x1151.jpg 768w, https:\/\/serialectrice.com\/wp-content\/uploads\/2022\/04\/le-paradis-des-vauriens-4923242-1025x1536.jpg 1025w, https:\/\/serialectrice.com\/wp-content\/uploads\/2022\/04\/le-paradis-des-vauriens-4923242.jpg 1080w\" sizes=\"auto, (max-width: 683px) 100vw, 683px\" \/><\/figure><div class=\"wp-block-media-text__content\">\n<p class=\"has-medium-font-size wp-block-paragraph\">Le 1er mai, c&rsquo;est la f\u00eate du travail, mais pas que ! C&rsquo;est \u00e9galement la journ\u00e9e du Rire. Alors, nous lirons un livre sur lequel nous voyons une personne sourire en couverture. Je lirai Le Paradis des Vauriens de Wendall Utroi re\u00e7u gr\u00e2ce au concept des Booktrotteuses.<\/p>\n<\/div><\/div>\n\n\n\n<h2 class=\"wp-block-heading\">6. Couverture majoritairement bleue<\/h2>\n\n\n\n<div class=\"wp-block-media-text alignwide is-stacked-on-mobile\" style=\"grid-template-columns:15% auto\"><figure class=\"wp-block-media-text__media\"><img loading=\"lazy\" decoding=\"async\" width=\"350\" height=\"577\" src=\"https:\/\/serialectrice.com\/wp-content\/uploads\/2022\/04\/glace-1044207.jpg\" alt=\"\" class=\"wp-image-3068 size-full\" srcset=\"https:\/\/serialectrice.com\/wp-content\/uploads\/2022\/04\/glace-1044207.jpg 350w, https:\/\/serialectrice.com\/wp-content\/uploads\/2022\/04\/glace-1044207-182x300.jpg 182w, https:\/\/serialectrice.com\/wp-content\/uploads\/2022\/04\/glace-1044207-91x150.jpg 91w\" sizes=\"auto, (max-width: 350px) 100vw, 350px\" \/><\/figure><div class=\"wp-block-media-text__content\">\n<p class=\"has-medium-font-size wp-block-paragraph\">Le 29 mai nous c\u00e9l\u00e9brerons la journ\u00e9e des <a href=\"https:\/\/peacekeeping.un.org\/fr\/our-peacekeepers\">Casques bleus<\/a>. Nous nous mettrons \u00e0 la recherche d&rsquo;un livre dont la couverture est majoritairement bleue. J&rsquo;ai d\u00e9cid\u00e9 de lire Glac\u00e9 de Bernard Minier car je dois lire le tome suivant pour un challenge.<\/p>\n<\/div><\/div>\n\n\n\n<h2 class=\"wp-block-heading\">7. Quatri\u00e8me avec le mot famille<\/h2>\n\n\n\n<div class=\"wp-block-media-text alignwide is-stacked-on-mobile\" style=\"grid-template-columns:15% auto\"><figure class=\"wp-block-media-text__media\"><img loading=\"lazy\" decoding=\"async\" width=\"657\" height=\"1024\" src=\"https:\/\/serialectrice.com\/wp-content\/uploads\/2022\/04\/la-colere-des-aubergines-538110-657x1024.jpg\" alt=\"\" class=\"wp-image-3069 size-full\" srcset=\"https:\/\/serialectrice.com\/wp-content\/uploads\/2022\/04\/la-colere-des-aubergines-538110-657x1024.jpg 657w, https:\/\/serialectrice.com\/wp-content\/uploads\/2022\/04\/la-colere-des-aubergines-538110-192x300.jpg 192w, https:\/\/serialectrice.com\/wp-content\/uploads\/2022\/04\/la-colere-des-aubergines-538110-96x150.jpg 96w, https:\/\/serialectrice.com\/wp-content\/uploads\/2022\/04\/la-colere-des-aubergines-538110-768x1197.jpg 768w, https:\/\/serialectrice.com\/wp-content\/uploads\/2022\/04\/la-colere-des-aubergines-538110-985x1536.jpg 985w, https:\/\/serialectrice.com\/wp-content\/uploads\/2022\/04\/la-colere-des-aubergines-538110.jpg 1000w\" sizes=\"auto, (max-width: 657px) 100vw, 657px\" \/><\/figure><div class=\"wp-block-media-text__content\">\n<p class=\"has-medium-font-size wp-block-paragraph\">La famille est \u00e0 l&rsquo;honneur au mois de mai. Le 15, c&rsquo;est la journ\u00e9e de la famille. Le 24, il y a \u00e9galement la journ\u00e9e des fr\u00e8res et le 29 c&rsquo;est la f\u00eate des m\u00e8res. Il faudra donc trouver une quatri\u00e8me sur laquelle on retrouve le mot \u00ab\u00a0famille\u00a0\u00bb. Je lirai La col\u00e8re des aubergines pour l&rsquo;occasion.<\/p>\n<\/div><\/div>\n\n\n\n<h2 class=\"wp-block-heading\">8. Quatri\u00e8me avec le mot \u00ab\u00a0mai\u00a0\u00bb<\/h2>\n\n\n\n<div class=\"wp-block-media-text alignwide is-stacked-on-mobile\" style=\"grid-template-columns:15% auto\"><figure class=\"wp-block-media-text__media\"><img loading=\"lazy\" decoding=\"async\" width=\"661\" height=\"1024\" src=\"https:\/\/serialectrice.com\/wp-content\/uploads\/2022\/04\/soeurs-1042310-661x1024.jpg\" alt=\"\" class=\"wp-image-3070 size-full\" srcset=\"https:\/\/serialectrice.com\/wp-content\/uploads\/2022\/04\/soeurs-1042310-661x1024.jpg 661w, https:\/\/serialectrice.com\/wp-content\/uploads\/2022\/04\/soeurs-1042310-194x300.jpg 194w, https:\/\/serialectrice.com\/wp-content\/uploads\/2022\/04\/soeurs-1042310-97x150.jpg 97w, https:\/\/serialectrice.com\/wp-content\/uploads\/2022\/04\/soeurs-1042310.jpg 768w\" sizes=\"auto, (max-width: 661px) 100vw, 661px\" \/><\/figure><div class=\"wp-block-media-text__content\">\n<p class=\"has-medium-font-size wp-block-paragraph\">Pour ce mois de mai, nous chercherons une quatri\u00e8me avec le mot \u00ab\u00a0mai\u00a0\u00bb tout simplement. J&rsquo;en profiterai pour essayer de lire Soeurs, la suite de Glac\u00e9 de Bernard Minier. Ce livre est le seul de ma biblioth\u00e8que pouvant valider le challenge annuel suivant : titre qui commence et se termine par la m\u00eame lettre.<\/p>\n<\/div><\/div>\n\n\n\n<h2 class=\"wp-block-heading\">9. Histoire dans laquelle un personnage est journaliste<\/h2>\n\n\n\n<div class=\"wp-block-media-text alignwide is-stacked-on-mobile\" style=\"grid-template-columns:15% auto\"><figure class=\"wp-block-media-text__media\"><img loading=\"lazy\" decoding=\"async\" width=\"633\" height=\"1024\" src=\"https:\/\/serialectrice.com\/wp-content\/uploads\/2022\/04\/le-cercle-des-derniers-libraires-1401023-633x1024.jpg\" alt=\"\" class=\"wp-image-3072 size-full\" srcset=\"https:\/\/serialectrice.com\/wp-content\/uploads\/2022\/04\/le-cercle-des-derniers-libraires-1401023-633x1024.jpg 633w, https:\/\/serialectrice.com\/wp-content\/uploads\/2022\/04\/le-cercle-des-derniers-libraires-1401023-186x300.jpg 186w, https:\/\/serialectrice.com\/wp-content\/uploads\/2022\/04\/le-cercle-des-derniers-libraires-1401023-93x150.jpg 93w, https:\/\/serialectrice.com\/wp-content\/uploads\/2022\/04\/le-cercle-des-derniers-libraires-1401023.jpg 650w\" sizes=\"auto, (max-width: 633px) 100vw, 633px\" \/><\/figure><div class=\"wp-block-media-text__content\">\n<p class=\"has-medium-font-size wp-block-paragraph\">Le 3 mai aura lieu La journ\u00e9e de la libert\u00e9 de la presse. C&rsquo;est donc l&rsquo;occasion de lire un livre dans lequel un des personnages (principal ou non) est journaliste. Je lirai Le cercle des derniers libraires dans lequel un r\u00e9dacteur en chef devient enqu\u00eateur.<\/p>\n<\/div><\/div>\n\n\n\n<h2 class=\"wp-block-heading\">10. Lire un Sherlock Holmes<\/h2>\n\n\n\n<div class=\"wp-block-media-text alignwide is-stacked-on-mobile is-vertically-aligned-top\" style=\"grid-template-columns:15% auto\"><figure class=\"wp-block-media-text__media\"><img loading=\"lazy\" decoding=\"async\" width=\"649\" height=\"1024\" src=\"https:\/\/serialectrice.com\/wp-content\/uploads\/2022\/04\/le-signe-des-quatre-1015175-649x1024.jpg\" alt=\"\" class=\"wp-image-3073 size-full\" srcset=\"https:\/\/serialectrice.com\/wp-content\/uploads\/2022\/04\/le-signe-des-quatre-1015175-649x1024.jpg 649w, https:\/\/serialectrice.com\/wp-content\/uploads\/2022\/04\/le-signe-des-quatre-1015175-190x300.jpg 190w, https:\/\/serialectrice.com\/wp-content\/uploads\/2022\/04\/le-signe-des-quatre-1015175-95x150.jpg 95w, https:\/\/serialectrice.com\/wp-content\/uploads\/2022\/04\/le-signe-des-quatre-1015175.jpg 768w\" sizes=\"auto, (max-width: 649px) 100vw, 649px\" \/><\/figure><div class=\"wp-block-media-text__content\">\n<p class=\"has-medium-font-size wp-block-paragraph\">Nous f\u00eatons la journ\u00e9 de Sherlock Holmes le 22 mai. C&rsquo;est l&rsquo;occasion parfaite pour se lancer dans la lecture d&rsquo;un \u00e9pisode de Sherlock Holmes. Pour ma part, je n&rsquo;ai lu que le premier, <a href=\"https:\/\/serialectrice.com\/index.php\/2021\/08\/21\/sherlock-holmes-etude-en-rouge\/\">Une \u00e9tude en rouge<\/a>. Je lirai donc le deuxi\u00e8me.<\/p>\n<\/div><\/div>\n","protected":false},"excerpt":{"rendered":"<p>Le mois de mai arrive \u00e0 grands pas, aussi \u00e9tait-il temps que je publie le prochain challenge litt\u00e9raire mensuel.<\/p>\n","protected":false},"author":1,"featured_media":3083,"comment_status":"open","ping_status":"open","sticky":false,"template":"","format":"standard","meta":{"_crdt_document":"","om_disable_all_campaigns":false,"_uag_custom_page_level_css":"","_monsterinsights_skip_tracking":false,"_monsterinsights_sitenote_active":false,"_monsterinsights_sitenote_note":"","_monsterinsights_sitenote_category":0,"_uf_show_specific_survey":0,"_uf_disable_surveys":false,"_jetpack_memberships_contains_paid_content":false,"footnotes":"","jetpack_publicize_message":"Le mois de mai arrive \u00e0 grands pas, aussi \u00e9tait-il temps que je publie le prochain challenge litt\u00e9raire mensuel.","jetpack_publicize_feature_enabled":true,"jetpack_social_post_already_shared":true,"jetpack_social_options":{"image_generator_settings":{"template":"highway","default_image_id":0,"font":"","enabled":false},"version":2}},"categories":[4],"tags":[8,267],"class_list":["post-3062","post","type-post","status-publish","format-standard","has-post-thumbnail","hentry","category-challenge","tag-challenge","tag-challenge-mensuel"],"aioseo_notices":[],"jetpack_publicize_connections":[],"jetpack_featured_media_url":"https:\/\/serialectrice.com\/wp-content\/uploads\/2022\/04\/May1.png","uagb_featured_image_src":{"full":["https:\/\/serialectrice.com\/wp-content\/uploads\/2022\/04\/May1.png",837,483,false],"thumbnail":["https:\/\/serialectrice.com\/wp-content\/uploads\/2022\/04\/May1-572x331.png",572,331,true],"medium":["https:\/\/serialectrice.com\/wp-content\/uploads\/2022\/04\/May1-300x173.png",300,173,true],"medium_large":["https:\/\/serialectrice.com\/wp-content\/uploads\/2022\/04\/May1-768x443.png",768,443,true],"large":["https:\/\/serialectrice.com\/wp-content\/uploads\/2022\/04\/May1.png",837,483,false],"post-slider-thumb-size":["https:\/\/serialectrice.com\/wp-content\/uploads\/2022\/04\/May1.png",330,190,false],"post-category-slider-size":["https:\/\/serialectrice.com\/wp-content\/uploads\/2022\/04\/May1.png",330,190,false],"1536x1536":["https:\/\/serialectrice.com\/wp-content\/uploads\/2022\/04\/May1.png",837,483,false],"2048x2048":["https:\/\/serialectrice.com\/wp-content\/uploads\/2022\/04\/May1.png",837,483,false],"hello-fashion-slider":["https:\/\/serialectrice.com\/wp-content\/uploads\/2022\/04\/May1.png",480,277,false],"hello-fashion-blog-three":["https:\/\/serialectrice.com\/wp-content\/uploads\/2022\/04\/May1.png",420,242,false],"hello-fashion-blog-four":["https:\/\/serialectrice.com\/wp-content\/uploads\/2022\/04\/May1.png",573,331,false],"vilva-slider-one":["https:\/\/serialectrice.com\/wp-content\/uploads\/2022\/04\/May1.png",837,483,false],"vilva-featured-four":["https:\/\/serialectrice.com\/wp-content\/uploads\/2022\/04\/May1.png",800,462,false],"vilva-blog":["https:\/\/serialectrice.com\/wp-content\/uploads\/2022\/04\/May1.png",420,242,false],"vilva-blog-one":["https:\/\/serialectrice.com\/wp-content\/uploads\/2022\/04\/May1.png",837,483,false],"vilva-sidebar":["https:\/\/serialectrice.com\/wp-content\/uploads\/2022\/04\/May1.png",820,473,false]},"uagb_author_info":{"display_name":"SeriaLectrice","author_link":"https:\/\/serialectrice.com\/index.php\/author\/cilounegmail-com\/"},"uagb_comment_info":5,"uagb_excerpt":"Le mois de mai arrive \u00e0 grands pas, aussi \u00e9tait-il temps que je publie le prochain challenge litt\u00e9raire mensuel.","jetpack_sharing_enabled":true,"jetpack_likes_enabled":true,"_links":{"self":[{"href":"https:\/\/serialectrice.com\/index.php\/wp-json\/wp\/v2\/posts\/3062","targetHints":{"allow":["GET"]}}],"collection":[{"href":"https:\/\/serialectrice.com\/index.php\/wp-json\/wp\/v2\/posts"}],"about":[{"href":"https:\/\/serialectrice.com\/index.php\/wp-json\/wp\/v2\/types\/post"}],"author":[{"embeddable":true,"href":"https:\/\/serialectrice.com\/index.php\/wp-json\/wp\/v2\/users\/1"}],"replies":[{"embeddable":true,"href":"https:\/\/serialectrice.com\/index.php\/wp-json\/wp\/v2\/comments?post=3062"}],"version-history":[{"count":0,"href":"https:\/\/serialectrice.com\/index.php\/wp-json\/wp\/v2\/posts\/3062\/revisions"}],"wp:featuredmedia":[{"embeddable":true,"href":"https:\/\/serialectrice.com\/index.php\/wp-json\/wp\/v2\/media\/3083"}],"wp:attachment":[{"href":"https:\/\/serialectrice.com\/index.php\/wp-json\/wp\/v2\/media?parent=3062"}],"wp:term":[{"taxonomy":"category","embeddable":true,"href":"https:\/\/serialectrice.com\/index.php\/wp-json\/wp\/v2\/categories?post=3062"},{"taxonomy":"post_tag","embeddable":true,"href":"https:\/\/serialectrice.com\/index.php\/wp-json\/wp\/v2\/tags?post=3062"}],"curies":[{"name":"wp","href":"https:\/\/api.w.org\/{rel}","templated":true}]}}