{"id":3022,"date":"2022-04-17T11:00:00","date_gmt":"2022-04-17T09:00:00","guid":{"rendered":"https:\/\/serialectrice.com\/?p=3022"},"modified":"2022-04-15T22:33:43","modified_gmt":"2022-04-15T20:33:43","slug":"sur-le-bord-de-la-riviere-piedra","status":"publish","type":"post","link":"https:\/\/serialectrice.com\/index.php\/2022\/04\/17\/sur-le-bord-de-la-riviere-piedra\/","title":{"rendered":"Sur le bord de la rivi\u00e8re Piedra&#8230;"},"content":{"rendered":"\n<div class=\"wp-block-media-text alignwide is-stacked-on-mobile is-vertically-aligned-top\"><figure class=\"wp-block-media-text__media\"><img loading=\"lazy\" decoding=\"async\" width=\"313\" height=\"500\" src=\"https:\/\/serialectrice.com\/wp-content\/uploads\/2022\/03\/sur-le-bord-de-la-riviere-pedra.jpg\" alt=\"\" class=\"wp-image-2963 size-full\" srcset=\"https:\/\/serialectrice.com\/wp-content\/uploads\/2022\/03\/sur-le-bord-de-la-riviere-pedra.jpg 313w, https:\/\/serialectrice.com\/wp-content\/uploads\/2022\/03\/sur-le-bord-de-la-riviere-pedra-188x300.jpg 188w, https:\/\/serialectrice.com\/wp-content\/uploads\/2022\/03\/sur-le-bord-de-la-riviere-pedra-94x150.jpg 94w\" sizes=\"auto, (max-width: 313px) 100vw, 313px\" \/><\/figure><div class=\"wp-block-media-text__content\">\n<h2 class=\"wp-block-heading\"><span style=\"color:#00d084\" class=\"tadv-color\">R\u00e9sum\u00e9<\/span><\/h2>\n\n\n\n<p class=\"wp-block-paragraph\"><span style=\"text-decoration: underline;\" class=\"underline\">Sur le bord de la rivi\u00e8re Piedra, je me suis assise et j&rsquo;ai pleur\u00e9<\/span><\/p>\n\n\n\n<p class=\"wp-block-paragraph\" style=\"font-size:19px\">Une histoire d&rsquo;amour renferme tous les secrets du monde. Pilar et son compagnon se sont connus dans l&rsquo;enfance, \u00e9loign\u00e9s au cours de leur adolescence, et voici qu&rsquo;ils se retrouvent onze ans plus tard. Elle, une femme \u00e0 qui la vie a appris \u00e0 \u00eatre forte et \u00e0 ne pas se laisser d\u00e9border par ses sentiments. Lui, un homme qui poss\u00e8de le don de gu\u00e9rir les autres et cherche dans la religion une solution \u00e0 ses conflits int\u00e9rieurs. Tous deux sont unis par le d\u00e9sir de changer et de poursuivre leurs r\u00eaves. Pour y parvenir, il leur faudra surmonter bien des obstacles : la peur de se donner, le sentiment de la faute, les pr\u00e9jug\u00e9s. Pilar et son compagnon d\u00e9cident alors de se rendre dans un petit village des Pyr\u00e9n\u00e9es, pour d\u00e9couvrir leur propre v\u00e9rit\u00e9. <\/p>\n<\/div><\/div>\n\n\n\n<h2 class=\"wp-block-heading\"><span style=\"color:#00d084\" class=\"tadv-color\">Mon ressenti<\/span><\/h2>\n\n\n\n<p class=\"has-medium-font-size wp-block-paragraph\">Voil\u00e0 un roman auquel<strong> je n&rsquo;ai pas compris grand chose<\/strong>. <strong>Tr\u00e8s spirituel<\/strong> et religieux, je me suis profond\u00e9ment <strong>ennuy\u00e9e<\/strong> \u00e0 la lecture de ce texte. Bien heureusement, il est tr\u00e8s court. Le seul moment o\u00f9 j&rsquo;ai r\u00e9ussi \u00e0 m&rsquo;y retrouver est la partie qui se d\u00e9roule \u00e0 Lourdes, lorsque l&rsquo;auteur \u00e9nonce comment la Saint Vierge serait apparue en vision \u00e0 Bernadette. Et c&rsquo;est certainement parce que je connaissais la l\u00e9gende et que je me suis d\u00e9j\u00e0 rendue \u00e0 Lourdes.<\/p>\n\n\n\n<p class=\"has-medium-font-size wp-block-paragraph\"><strong>Je n&rsquo;ai adh\u00e9r\u00e9 ni au sujet, ni \u00e0 l&rsquo;\u00e9criture que j&rsquo;ai trouv\u00e9 assez banale.<\/strong> Je pense que c&rsquo;est un texte qui invite \u00e0 la r\u00e9flexion, mais comme celle-ci est accompagn\u00e9e de pens\u00e9es spirituelles, je n&rsquo;ai pas r\u00e9ussi \u00e0 m&rsquo;en impr\u00e9gner. <strong>Ce roman \u00e9tait bien trop port\u00e9 sur la religion et la spiritualit\u00e9 \u00e0 mon go\u00fbt. <\/strong>J&rsquo;avais envie de secouer les deux personnages qui ne cessaient de remettre en cause leur amour. Je ne me suis absolument pas attach\u00e9e \u00e0 eux, je les ai trouv\u00e9s niais au possible. <\/p>\n\n\n\n<p class=\"has-medium-font-size wp-block-paragraph\">Alors, \u00e9videmment, \u00e9tant ath\u00e9e et agnostique, il m&rsquo;a \u00e9t\u00e9 difficile de trouver un int\u00e9r\u00eat \u00e0 ce texte. La qu\u00eate de soi, l&rsquo;envie de vivre mieux et de mani\u00e8re plus ancr\u00e9e \u00e0 la nature aurait pu m&rsquo;int\u00e9resser. <strong>C&rsquo;est vraiment le c\u00f4t\u00e9 id\u00e9ologique qui m&rsquo;a d\u00e9rang\u00e9e.<\/strong> Notamment celle qui place l&rsquo;homme de l&rsquo;histoire sur un piedestal. J&rsquo;avais parfois l&rsquo;impression qu&rsquo;il s&rsquo;agissait d&rsquo;un gourou (il expose ses th\u00e8ses mystiques lors de conf\u00e9rences) et que Pilar le consid\u00e9rait un peu comme le Messie.<\/p>\n\n\n\n<div class=\"wp-block-image\"><figure class=\"aligncenter size-large\"><img loading=\"lazy\" decoding=\"async\" width=\"1024\" height=\"1024\" src=\"https:\/\/serialectrice.com\/wp-content\/uploads\/2022\/04\/Sans-titre369-1024x1024.png\" alt=\"\" class=\"wp-image-3025\" srcset=\"https:\/\/serialectrice.com\/wp-content\/uploads\/2022\/04\/Sans-titre369-1024x1024.png 1024w, https:\/\/serialectrice.com\/wp-content\/uploads\/2022\/04\/Sans-titre369-300x300.png 300w, https:\/\/serialectrice.com\/wp-content\/uploads\/2022\/04\/Sans-titre369-150x150.png 150w, https:\/\/serialectrice.com\/wp-content\/uploads\/2022\/04\/Sans-titre369-768x768.png 768w, https:\/\/serialectrice.com\/wp-content\/uploads\/2022\/04\/Sans-titre369-100x100.png 100w, https:\/\/serialectrice.com\/wp-content\/uploads\/2022\/04\/Sans-titre369.png 1080w\" sizes=\"auto, (max-width: 1024px) 100vw, 1024px\" \/><\/figure><\/div>\n\n\n\n<p class=\"has-text-align-center has-medium-font-size wp-block-paragraph\"><em>Ecrit diff\u00e9remment et sans l&rsquo;angle religieux beaucoup trop pr\u00e9sent, ce texte aurait pu me faire r\u00e9fl\u00e9chir et aurait pu me plaire. Mais, tout au contraire,<strong> je me suis ennuy\u00e9e du d\u00e9but \u00e0 la fin !<\/strong><\/em><\/p>\n\n\n<div class=\"wp-block-jetpack-rating-star\" style=\"text-align:center\" itemprop=\"reviewRating\" itemscope itemtype=\"http:\/\/schema.org\/Rating\"><p><span aria-hidden=\"true\">\u2b50<\/span><span aria-hidden=\"true\">\u2b50<\/span><\/p><span style=\"display: none;\" itemprop=\"worstRating\" content=\"0.5\"><span>\n<svg xmlns=\"http:\/\/www.w3.org\/2000\/svg\" width=\"24\" height=\"24\" viewBox=\"0 0 24 24\">\n\t<path class=\"\" fill=\"currentColor\" stroke=\"currentColor\" d=\"M12,17.3l6.2,3.7l-1.6-7L22,9.2l-7.2-0.6L12,2L9.2,8.6L2,9.2L7.5,14l-1.6,7L12,17.3z\" \/>\n<\/svg>\n<\/span>\n<span>\n<svg xmlns=\"http:\/\/www.w3.org\/2000\/svg\" width=\"24\" height=\"24\" viewBox=\"0 0 24 24\">\n\t<path class=\"\" fill=\"currentColor\" stroke=\"currentColor\" d=\"M12,17.3l6.2,3.7l-1.6-7L22,9.2l-7.2-0.6L12,2L9.2,8.6L2,9.2L7.5,14l-1.6,7L12,17.3z\" \/>\n<\/svg>\n<\/span><\/span><span style=\"display: none;\" ><span>\n<svg xmlns=\"http:\/\/www.w3.org\/2000\/svg\" width=\"24\" height=\"24\" viewBox=\"0 0 24 24\">\n\t<path class=\"\" fill=\"currentColor\" stroke=\"currentColor\" d=\"M12,17.3l6.2,3.7l-1.6-7L22,9.2l-7.2-0.6L12,2L9.2,8.6L2,9.2L7.5,14l-1.6,7L12,17.3z\" \/>\n<\/svg>\n<\/span>\n<span>\n<svg xmlns=\"http:\/\/www.w3.org\/2000\/svg\" width=\"24\" height=\"24\" viewBox=\"0 0 24 24\">\n\t<path class=\"is-rating-unfilled\" fill=\"currentColor\" stroke=\"currentColor\" d=\"M12,17.3l6.2,3.7l-1.6-7L22,9.2l-7.2-0.6L12,2L9.2,8.6L2,9.2L7.5,14l-1.6,7L12,17.3z\" \/>\n<\/svg>\n<\/span><\/span><span style=\"display: none;\" ><span>\n<svg xmlns=\"http:\/\/www.w3.org\/2000\/svg\" width=\"24\" height=\"24\" viewBox=\"0 0 24 24\">\n\t<path class=\"is-rating-unfilled\" fill=\"currentColor\" stroke=\"currentColor\" d=\"M12,17.3l6.2,3.7l-1.6-7L22,9.2l-7.2-0.6L12,2L9.2,8.6L2,9.2L7.5,14l-1.6,7L12,17.3z\" \/>\n<\/svg>\n<\/span>\n<span>\n<svg xmlns=\"http:\/\/www.w3.org\/2000\/svg\" width=\"24\" height=\"24\" viewBox=\"0 0 24 24\">\n\t<path class=\"is-rating-unfilled\" fill=\"currentColor\" stroke=\"currentColor\" d=\"M12,17.3l6.2,3.7l-1.6-7L22,9.2l-7.2-0.6L12,2L9.2,8.6L2,9.2L7.5,14l-1.6,7L12,17.3z\" \/>\n<\/svg>\n<\/span><\/span><span style=\"display: none;\" ><span>\n<svg xmlns=\"http:\/\/www.w3.org\/2000\/svg\" width=\"24\" height=\"24\" viewBox=\"0 0 24 24\">\n\t<path class=\"is-rating-unfilled\" fill=\"currentColor\" stroke=\"currentColor\" d=\"M12,17.3l6.2,3.7l-1.6-7L22,9.2l-7.2-0.6L12,2L9.2,8.6L2,9.2L7.5,14l-1.6,7L12,17.3z\" \/>\n<\/svg>\n<\/span>\n<span>\n<svg xmlns=\"http:\/\/www.w3.org\/2000\/svg\" width=\"24\" height=\"24\" viewBox=\"0 0 24 24\">\n\t<path class=\"is-rating-unfilled\" fill=\"currentColor\" stroke=\"currentColor\" d=\"M12,17.3l6.2,3.7l-1.6-7L22,9.2l-7.2-0.6L12,2L9.2,8.6L2,9.2L7.5,14l-1.6,7L12,17.3z\" \/>\n<\/svg>\n<\/span><\/span><span style=\"display: none;\" itemprop=\"bestRating\" content=\"5\"><span>\n<svg xmlns=\"http:\/\/www.w3.org\/2000\/svg\" width=\"24\" height=\"24\" viewBox=\"0 0 24 24\">\n\t<path class=\"is-rating-unfilled\" fill=\"currentColor\" stroke=\"currentColor\" d=\"M12,17.3l6.2,3.7l-1.6-7L22,9.2l-7.2-0.6L12,2L9.2,8.6L2,9.2L7.5,14l-1.6,7L12,17.3z\" \/>\n<\/svg>\n<\/span>\n<span>\n<svg xmlns=\"http:\/\/www.w3.org\/2000\/svg\" width=\"24\" height=\"24\" viewBox=\"0 0 24 24\">\n\t<path class=\"is-rating-unfilled\" fill=\"currentColor\" stroke=\"currentColor\" d=\"M12,17.3l6.2,3.7l-1.6-7L22,9.2l-7.2-0.6L12,2L9.2,8.6L2,9.2L7.5,14l-1.6,7L12,17.3z\" \/>\n<\/svg>\n<\/span><\/span><span itemprop=\"ratingValue\" class=\"screen-reader-text\" content=\"1.5\">Note\u00a0: 1.5\u00a0sur 5.<\/span><\/div>\n\n\n<h2 class=\"wp-block-heading\"><span style=\"color:#00d084\" class=\"tadv-color\">Mes challenges<\/span><\/h2>\n\n\n\n<p class=\"wp-block-paragraph\">Si \u00e7a n&rsquo;avait \u00e9t\u00e9 pour valider des challenges, j&rsquo;aurais stopp\u00e9 la lecture de ce livre tr\u00e8s rapidement.<\/p>\n\n\n\n<p class=\"wp-block-paragraph\">J&rsquo;ai pu valider la cat\u00e9gorie 12 du <a href=\"https:\/\/www.facebook.com\/groups\/707636122759664\">challenge annuel<\/a>. <strong>Lire un auteur d&rsquo;Am\u00e9rique du Sud.<\/strong><\/p>\n\n\n\n<p class=\"wp-block-paragraph\">J&rsquo;ai \u00e9galement valid\u00e9 la cat\u00e9gorie 6 du <a href=\"https:\/\/serialectrice.com\/index.php\/2022\/03\/29\/challenge-lecture-_-avril-2022\/\">challenge mensuel.<\/a><strong> Couverture qui repr\u00e9sente un paysage.<\/strong><\/p>\n","protected":false},"excerpt":{"rendered":"<p>Une histoire d&rsquo;amour renferme tous les secrets du monde. Pilar et son compagnon se sont connus dans l&rsquo;enfance, \u00e9loign\u00e9s au cours de leur adolescence, et voici qu&rsquo;ils se retrouvent onze ans plus tard.<\/p>\n","protected":false},"author":1,"featured_media":3026,"comment_status":"open","ping_status":"open","sticky":false,"template":"","format":"standard","meta":{"_crdt_document":"","om_disable_all_campaigns":false,"_uag_custom_page_level_css":"","_monsterinsights_skip_tracking":false,"_monsterinsights_sitenote_active":false,"_monsterinsights_sitenote_note":"","_monsterinsights_sitenote_category":0,"_uf_show_specific_survey":0,"_uf_disable_surveys":false,"_jetpack_memberships_contains_paid_content":false,"footnotes":"","jetpack_publicize_message":"Sur le bord de la rivi\u00e8re Piedra je me suis assise et j'ai pleur\u00e9 de Coelho. \n\nD\u00e9couvrez pourquoi ce roman ne m'a absolument pas plus du tout.","jetpack_publicize_feature_enabled":true,"jetpack_social_post_already_shared":true,"jetpack_social_options":{"image_generator_settings":{"template":"highway","default_image_id":0,"font":"","enabled":false},"version":2}},"categories":[6],"tags":[259,48,26,258],"class_list":["post-3022","post","type-post","status-publish","format-standard","has-post-thumbnail","hentry","category-livres-lus","tag-paulo-coelho","tag-recit","tag-religion","tag-spiritualite"],"aioseo_notices":[],"jetpack_publicize_connections":[],"jetpack_featured_media_url":"https:\/\/serialectrice.com\/wp-content\/uploads\/2022\/04\/Sans-titre370.png","uagb_featured_image_src":{"full":["https:\/\/serialectrice.com\/wp-content\/uploads\/2022\/04\/Sans-titre370.png",1716,993,false],"thumbnail":["https:\/\/serialectrice.com\/wp-content\/uploads\/2022\/04\/Sans-titre370-572x331.png",572,331,true],"medium":["https:\/\/serialectrice.com\/wp-content\/uploads\/2022\/04\/Sans-titre370-300x174.png",300,174,true],"medium_large":["https:\/\/serialectrice.com\/wp-content\/uploads\/2022\/04\/Sans-titre370-768x444.png",768,444,true],"large":["https:\/\/serialectrice.com\/wp-content\/uploads\/2022\/04\/Sans-titre370-1024x593.png",840,486,true],"post-slider-thumb-size":["https:\/\/serialectrice.com\/wp-content\/uploads\/2022\/04\/Sans-titre370.png",328,190,false],"post-category-slider-size":["https:\/\/serialectrice.com\/wp-content\/uploads\/2022\/04\/Sans-titre370.png",330,191,false],"1536x1536":["https:\/\/serialectrice.com\/wp-content\/uploads\/2022\/04\/Sans-titre370-1536x889.png",1536,889,true],"2048x2048":["https:\/\/serialectrice.com\/wp-content\/uploads\/2022\/04\/Sans-titre370.png",1716,993,false],"hello-fashion-slider":["https:\/\/serialectrice.com\/wp-content\/uploads\/2022\/04\/Sans-titre370.png",480,278,false],"hello-fashion-blog-three":["https:\/\/serialectrice.com\/wp-content\/uploads\/2022\/04\/Sans-titre370.png",420,243,false],"hello-fashion-blog-four":["https:\/\/serialectrice.com\/wp-content\/uploads\/2022\/04\/Sans-titre370.png",573,332,false],"vilva-slider-one":["https:\/\/serialectrice.com\/wp-content\/uploads\/2022\/04\/Sans-titre370.png",1037,600,false],"vilva-featured-four":["https:\/\/serialectrice.com\/wp-content\/uploads\/2022\/04\/Sans-titre370.png",800,463,false],"vilva-blog":["https:\/\/serialectrice.com\/wp-content\/uploads\/2022\/04\/Sans-titre370.png",420,243,false],"vilva-blog-one":["https:\/\/serialectrice.com\/wp-content\/uploads\/2022\/04\/Sans-titre370.png",864,500,false],"vilva-sidebar":["https:\/\/serialectrice.com\/wp-content\/uploads\/2022\/04\/Sans-titre370.png",817,473,false]},"uagb_author_info":{"display_name":"SeriaLectrice","author_link":"https:\/\/serialectrice.com\/index.php\/author\/cilounegmail-com\/"},"uagb_comment_info":1,"uagb_excerpt":"Une histoire d'amour renferme tous les secrets du monde. Pilar et son compagnon se sont connus dans l'enfance, \u00e9loign\u00e9s au cours de leur adolescence, et voici qu'ils se retrouvent onze ans plus tard.","jetpack_sharing_enabled":true,"jetpack_likes_enabled":true,"_links":{"self":[{"href":"https:\/\/serialectrice.com\/index.php\/wp-json\/wp\/v2\/posts\/3022","targetHints":{"allow":["GET"]}}],"collection":[{"href":"https:\/\/serialectrice.com\/index.php\/wp-json\/wp\/v2\/posts"}],"about":[{"href":"https:\/\/serialectrice.com\/index.php\/wp-json\/wp\/v2\/types\/post"}],"author":[{"embeddable":true,"href":"https:\/\/serialectrice.com\/index.php\/wp-json\/wp\/v2\/users\/1"}],"replies":[{"embeddable":true,"href":"https:\/\/serialectrice.com\/index.php\/wp-json\/wp\/v2\/comments?post=3022"}],"version-history":[{"count":0,"href":"https:\/\/serialectrice.com\/index.php\/wp-json\/wp\/v2\/posts\/3022\/revisions"}],"wp:featuredmedia":[{"embeddable":true,"href":"https:\/\/serialectrice.com\/index.php\/wp-json\/wp\/v2\/media\/3026"}],"wp:attachment":[{"href":"https:\/\/serialectrice.com\/index.php\/wp-json\/wp\/v2\/media?parent=3022"}],"wp:term":[{"taxonomy":"category","embeddable":true,"href":"https:\/\/serialectrice.com\/index.php\/wp-json\/wp\/v2\/categories?post=3022"},{"taxonomy":"post_tag","embeddable":true,"href":"https:\/\/serialectrice.com\/index.php\/wp-json\/wp\/v2\/tags?post=3022"}],"curies":[{"name":"wp","href":"https:\/\/api.w.org\/{rel}","templated":true}]}}