{"id":2992,"date":"2022-04-11T11:00:00","date_gmt":"2022-04-11T09:00:00","guid":{"rendered":"https:\/\/serialectrice.com\/?p=2992"},"modified":"2022-04-09T11:21:51","modified_gmt":"2022-04-09T09:21:51","slug":"la-vague","status":"publish","type":"post","link":"https:\/\/serialectrice.com\/index.php\/2022\/04\/11\/la-vague\/","title":{"rendered":"La vague _ Todd Strasser"},"content":{"rendered":"\n<div class=\"wp-block-media-text alignwide is-stacked-on-mobile\" style=\"grid-template-columns:39% auto\"><figure class=\"wp-block-media-text__media\"><img loading=\"lazy\" decoding=\"async\" width=\"625\" height=\"1024\" src=\"https:\/\/serialectrice.com\/wp-content\/uploads\/2022\/04\/la-vague-625x1024.jpg\" alt=\"\" class=\"wp-image-2993 size-full\" srcset=\"https:\/\/serialectrice.com\/wp-content\/uploads\/2022\/04\/la-vague-625x1024.jpg 625w, https:\/\/serialectrice.com\/wp-content\/uploads\/2022\/04\/la-vague-183x300.jpg 183w, https:\/\/serialectrice.com\/wp-content\/uploads\/2022\/04\/la-vague-92x150.jpg 92w, https:\/\/serialectrice.com\/wp-content\/uploads\/2022\/04\/la-vague-768x1259.jpg 768w, https:\/\/serialectrice.com\/wp-content\/uploads\/2022\/04\/la-vague.jpg 800w\" sizes=\"auto, (max-width: 625px) 100vw, 625px\" \/><\/figure><div class=\"wp-block-media-text__content\">\n<h2 class=\"wp-block-heading\"><span style=\"color:#00d084\" class=\"tadv-color\">R\u00e9sum\u00e9<\/span><\/h2>\n\n\n\n<p class=\"wp-block-paragraph\" style=\"font-size:19px\">Pour faire comprendre les m\u00e9canismes du nazisme \u00e0 ses \u00e9l\u00e8ves, Ben Ross, professeur d&rsquo;histoire, cr\u00e9e un mouvement exp\u00e9rimental au slogan fort : \u00ab\u00a0La Force par la Discipline, la Force par la Communaut\u00e9, la Force par l&rsquo;Action.\u00a0\u00bb En l&rsquo;espace de quelques jours, l&rsquo;atmosph\u00e8re du paisible lyc\u00e9e californien se transforme en microcosme totalitaire : avec une docilit\u00e9 effrayante, les \u00e9l\u00e8ves abandonnent leur libre arbitre pour r\u00e9pondre aux ordres de leur nouveau leader.<\/p>\n\n\n\n<p class=\"wp-block-paragraph\" style=\"font-size:19px\">Quel choc pourra \u00eatre assez violent pour r\u00e9veiller leurs consciences et mettre fin \u00e0 la d\u00e9monstration ?<\/p>\n<\/div><\/div>\n\n\n\n<h2 class=\"wp-block-heading\"><span style=\"color:#00d084\" class=\"tadv-color\">Mon ressenti<\/span><\/h2>\n\n\n\n<p class=\"has-medium-font-size wp-block-paragraph\">La vague de Todd Strasser reprend une <strong>exp\u00e9rience qui a \u00e9t\u00e9 men\u00e9e par un professeur d&rsquo;Histoire, aux Etats-Unis. <\/strong>Apr\u00e8s avoir diffus\u00e9 \u00e0 ses \u00e9l\u00e8ves un reportage sur le nazisme, une question est pos\u00e9e : comment Hitler a-t-il pu r\u00e9ussir \u00e0 rassembler autant de monde autour de lui  ?<strong> Comment cette communaut\u00e9 a-t-elle pu d\u00e9river et atteindre un extr\u00e9misme sans nom ?<\/strong><\/p>\n\n\n\n<p class=\"has-medium-font-size wp-block-paragraph\">Au travers de son exp\u00e9rience, il r\u00e9ussit \u00e0 rassembler tous ses \u00e9l\u00e8ves autour de son mouvement : la vague. <strong>Slogan, logo, appel \u00e0 recruter de nouveaux membres !<\/strong> Il va m\u00eame jusqu&rsquo;\u00e0 proposer l&rsquo;autor\u00e9gulation. Certains \u00e9l\u00e8ves ont un r\u00f4le qui leur est assign\u00e9 au hasard. Ils doivent surveiller ceux qui voudraient sortir de ce mouvement, ou ceux qui pourraient lui nuire. Ils vont commencer par leur parler, puis menacer. <strong>Certains iront jusqu&rsquo;\u00e0 les agresser physiquement. <\/strong>Lorsque l&rsquo;enseignant r\u00e9alise que son exp\u00e9rience rencontre un tel succ\u00e8s, il ne sait trop comment se positionner. En tant que leader, il se sent pousser des ailes. Mais d&rsquo;un autre c\u00f4t\u00e9, il a conscience du caract\u00e8re malsain que prend cette communaut\u00e9.<\/p>\n\n\n\n<p class=\"has-medium-font-size wp-block-paragraph\"><strong>L&rsquo;histoire de cette exp\u00e9rience sociale est int\u00e9ressante.<\/strong> Cependant, j&rsquo;ai eu du mal \u00e0 croire qu&rsquo;en si peu de temps une telle exp\u00e9rience ait pu prendre une telle ampleur. Le livre \u00e9tant tr\u00e8s court, il nous donne l&rsquo;impression que tout s&rsquo;est pass\u00e9 en l&rsquo;espace de quelques jours et <strong>j&rsquo;y ai trouv\u00e9 un c\u00f4t\u00e9 un peu surr\u00e9aliste. <\/strong>Pourtant, lorsqu&rsquo;on se renseigne sur <a href=\"https:\/\/fr.wikipedia.org\/wiki\/Exp%C3%A9rience_de_la_Troisi%C3%A8me_Vague\">cette vague<\/a>, elle n&rsquo;a dur\u00e9 que 5 jours. C&rsquo;est assez dingue de voir qu&rsquo;on <strong>peut embrigader des esprits en si peu de temps. <\/strong><\/p>\n\n\n\n<p class=\"has-medium-font-size wp-block-paragraph\">Enfin, m\u00eame si l&rsquo;histoire est enrichissante, <strong>j&rsquo;ai eu du mal \u00e0 adh\u00e9rer \u00e0 l&rsquo;\u00e9criture. <\/strong>Peut-\u00eatre \u00e0 cause de la traduction. C&rsquo;est toujours difficile \u00e0 dire lorsqu&rsquo;on lit un roman \u00e9tranger. <strong>L&rsquo;\u00e9criture est simple, sans fioriture, mais ne m&rsquo;a pas emport\u00e9e.<\/strong> Il manquait un petit quelque chose. <\/p>\n\n\n\n<div class=\"wp-block-image\"><figure class=\"aligncenter size-large\"><img loading=\"lazy\" decoding=\"async\" width=\"1024\" height=\"1024\" src=\"https:\/\/serialectrice.com\/wp-content\/uploads\/2022\/04\/Sans-titre364-1024x1024.png\" alt=\"\" class=\"wp-image-3001\" srcset=\"https:\/\/serialectrice.com\/wp-content\/uploads\/2022\/04\/Sans-titre364-1024x1024.png 1024w, https:\/\/serialectrice.com\/wp-content\/uploads\/2022\/04\/Sans-titre364-300x300.png 300w, https:\/\/serialectrice.com\/wp-content\/uploads\/2022\/04\/Sans-titre364-150x150.png 150w, https:\/\/serialectrice.com\/wp-content\/uploads\/2022\/04\/Sans-titre364-768x768.png 768w, https:\/\/serialectrice.com\/wp-content\/uploads\/2022\/04\/Sans-titre364-100x100.png 100w, https:\/\/serialectrice.com\/wp-content\/uploads\/2022\/04\/Sans-titre364.png 1080w\" sizes=\"auto, (max-width: 1024px) 100vw, 1024px\" \/><\/figure><\/div>\n\n\n\n<p class=\"has-text-align-center has-medium-font-size wp-block-paragraph\"><em>C&rsquo;est donc un retour <strong>plut\u00f4t mitig\u00e9<\/strong> tant sur l&rsquo;histoire que sur l&rsquo;\u00e9criture. Heureusement, comme le livre est court, je n&rsquo;y ai pas pass\u00e9 beaucoup de temps.<\/em><\/p>\n\n\n<div class=\"wp-block-jetpack-rating-star\" style=\"text-align:center\" itemprop=\"reviewRating\" itemscope itemtype=\"http:\/\/schema.org\/Rating\"><p><span aria-hidden=\"true\">\u2b50<\/span><span aria-hidden=\"true\">\u2b50<\/span><span aria-hidden=\"true\">\u2b50<\/span><\/p><span style=\"display: none;\" itemprop=\"worstRating\" content=\"0.5\"><span>\n<svg xmlns=\"http:\/\/www.w3.org\/2000\/svg\" width=\"24\" height=\"24\" viewBox=\"0 0 24 24\">\n\t<path class=\"\" fill=\"currentColor\" stroke=\"currentColor\" d=\"M12,17.3l6.2,3.7l-1.6-7L22,9.2l-7.2-0.6L12,2L9.2,8.6L2,9.2L7.5,14l-1.6,7L12,17.3z\" \/>\n<\/svg>\n<\/span>\n<span>\n<svg xmlns=\"http:\/\/www.w3.org\/2000\/svg\" width=\"24\" height=\"24\" viewBox=\"0 0 24 24\">\n\t<path class=\"\" fill=\"currentColor\" stroke=\"currentColor\" d=\"M12,17.3l6.2,3.7l-1.6-7L22,9.2l-7.2-0.6L12,2L9.2,8.6L2,9.2L7.5,14l-1.6,7L12,17.3z\" \/>\n<\/svg>\n<\/span><\/span><span style=\"display: none;\" ><span>\n<svg xmlns=\"http:\/\/www.w3.org\/2000\/svg\" width=\"24\" height=\"24\" viewBox=\"0 0 24 24\">\n\t<path class=\"\" fill=\"currentColor\" stroke=\"currentColor\" d=\"M12,17.3l6.2,3.7l-1.6-7L22,9.2l-7.2-0.6L12,2L9.2,8.6L2,9.2L7.5,14l-1.6,7L12,17.3z\" \/>\n<\/svg>\n<\/span>\n<span>\n<svg xmlns=\"http:\/\/www.w3.org\/2000\/svg\" width=\"24\" height=\"24\" viewBox=\"0 0 24 24\">\n\t<path class=\"\" fill=\"currentColor\" stroke=\"currentColor\" d=\"M12,17.3l6.2,3.7l-1.6-7L22,9.2l-7.2-0.6L12,2L9.2,8.6L2,9.2L7.5,14l-1.6,7L12,17.3z\" \/>\n<\/svg>\n<\/span><\/span><span style=\"display: none;\" ><span>\n<svg xmlns=\"http:\/\/www.w3.org\/2000\/svg\" width=\"24\" height=\"24\" viewBox=\"0 0 24 24\">\n\t<path class=\"\" fill=\"currentColor\" stroke=\"currentColor\" d=\"M12,17.3l6.2,3.7l-1.6-7L22,9.2l-7.2-0.6L12,2L9.2,8.6L2,9.2L7.5,14l-1.6,7L12,17.3z\" \/>\n<\/svg>\n<\/span>\n<span>\n<svg xmlns=\"http:\/\/www.w3.org\/2000\/svg\" width=\"24\" height=\"24\" viewBox=\"0 0 24 24\">\n\t<path class=\"\" fill=\"currentColor\" stroke=\"currentColor\" d=\"M12,17.3l6.2,3.7l-1.6-7L22,9.2l-7.2-0.6L12,2L9.2,8.6L2,9.2L7.5,14l-1.6,7L12,17.3z\" \/>\n<\/svg>\n<\/span><\/span><span style=\"display: none;\" ><span>\n<svg xmlns=\"http:\/\/www.w3.org\/2000\/svg\" width=\"24\" height=\"24\" viewBox=\"0 0 24 24\">\n\t<path class=\"is-rating-unfilled\" fill=\"currentColor\" stroke=\"currentColor\" d=\"M12,17.3l6.2,3.7l-1.6-7L22,9.2l-7.2-0.6L12,2L9.2,8.6L2,9.2L7.5,14l-1.6,7L12,17.3z\" \/>\n<\/svg>\n<\/span>\n<span>\n<svg xmlns=\"http:\/\/www.w3.org\/2000\/svg\" width=\"24\" height=\"24\" viewBox=\"0 0 24 24\">\n\t<path class=\"is-rating-unfilled\" fill=\"currentColor\" stroke=\"currentColor\" d=\"M12,17.3l6.2,3.7l-1.6-7L22,9.2l-7.2-0.6L12,2L9.2,8.6L2,9.2L7.5,14l-1.6,7L12,17.3z\" \/>\n<\/svg>\n<\/span><\/span><span style=\"display: none;\" itemprop=\"bestRating\" content=\"5\"><span>\n<svg xmlns=\"http:\/\/www.w3.org\/2000\/svg\" width=\"24\" height=\"24\" viewBox=\"0 0 24 24\">\n\t<path class=\"is-rating-unfilled\" fill=\"currentColor\" stroke=\"currentColor\" d=\"M12,17.3l6.2,3.7l-1.6-7L22,9.2l-7.2-0.6L12,2L9.2,8.6L2,9.2L7.5,14l-1.6,7L12,17.3z\" \/>\n<\/svg>\n<\/span>\n<span>\n<svg xmlns=\"http:\/\/www.w3.org\/2000\/svg\" width=\"24\" height=\"24\" viewBox=\"0 0 24 24\">\n\t<path class=\"is-rating-unfilled\" fill=\"currentColor\" stroke=\"currentColor\" d=\"M12,17.3l6.2,3.7l-1.6-7L22,9.2l-7.2-0.6L12,2L9.2,8.6L2,9.2L7.5,14l-1.6,7L12,17.3z\" \/>\n<\/svg>\n<\/span><\/span><span itemprop=\"ratingValue\" class=\"screen-reader-text\" content=\"3\">Note\u00a0: 3\u00a0sur 5.<\/span><\/div>\n\n\n<h2 class=\"wp-block-heading\">Mes challenges<\/h2>\n\n\n\n<p class=\"has-medium-font-size wp-block-paragraph\">Cette lecture m&rsquo;a permis de valider la cat\u00e9gorie 8 du <a href=\"https:\/\/serialectrice.com\/index.php\/2022\/03\/29\/challenge-lecture-_-avril-2022\/\">challenge mensuel.<\/a><strong> Quatri\u00e8me avec un mot qui \u00e9voque le sommeil.<\/strong><\/p>\n\n\n\n<p class=\"has-medium-font-size wp-block-paragraph\">Cette lecture m&rsquo;a \u00e9galement permis de valider la cat\u00e9gorie 3 du <a href=\"https:\/\/serialectrice.com\/index.php\/2022\/03\/21\/challenge-litteraire-printemps-2022\/\">challenge saisonnier.<\/a> Co<strong>uverture sur laquelle il n&rsquo;y a que des animaux.<\/strong><\/p>\n\n\n\n<p class=\"has-medium-font-size wp-block-paragraph\">Enfin, elle m&rsquo;a permis de valider la cat\u00e9gorie 94 du challenge annuel. <strong>Livre coup de coeur de Linda<\/strong> (administratrice du club de lecture <a href=\"https:\/\/www.facebook.com\/groups\/707636122759664\">La t\u00eate dans les livres<\/a>).<\/p>\n","protected":false},"excerpt":{"rendered":"<p>Pour faire comprendre les m\u00e9canismes du nazisme \u00e0 ses \u00e9l\u00e8ves, Ben Ross, professeur d&rsquo;histoire, cr\u00e9e un mouvement exp\u00e9rimental<\/p>\n","protected":false},"author":1,"featured_media":3000,"comment_status":"open","ping_status":"open","sticky":false,"template":"","format":"standard","meta":{"_crdt_document":"","om_disable_all_campaigns":false,"_uag_custom_page_level_css":"","_monsterinsights_skip_tracking":false,"_monsterinsights_sitenote_active":false,"_monsterinsights_sitenote_note":"","_monsterinsights_sitenote_category":0,"_uf_show_specific_survey":0,"_uf_disable_surveys":false,"_jetpack_memberships_contains_paid_content":false,"footnotes":"","jetpack_publicize_message":"La vague de Todd Strasser. \n\nPour faire comprendre les m\u00e9canismes du nazisme \u00e0 ses \u00e9l\u00e8ves un professeur cr\u00e9e un mouvement exp\u00e9rimental.","jetpack_publicize_feature_enabled":true,"jetpack_social_post_already_shared":true,"jetpack_social_options":{"image_generator_settings":{"template":"highway","default_image_id":0,"font":"","enabled":false},"version":2}},"categories":[6],"tags":[251,253,48,61,252],"class_list":["post-2992","post","type-post","status-publish","format-standard","has-post-thumbnail","hentry","category-livres-lus","tag-experience","tag-nazisme","tag-recit","tag-temoignage","tag-todd-strasser"],"aioseo_notices":[],"jetpack_publicize_connections":[],"jetpack_featured_media_url":"https:\/\/serialectrice.com\/wp-content\/uploads\/2022\/04\/Sans-titre363.png","uagb_featured_image_src":{"full":["https:\/\/serialectrice.com\/wp-content\/uploads\/2022\/04\/Sans-titre363.png",1716,993,false],"thumbnail":["https:\/\/serialectrice.com\/wp-content\/uploads\/2022\/04\/Sans-titre363-572x331.png",572,331,true],"medium":["https:\/\/serialectrice.com\/wp-content\/uploads\/2022\/04\/Sans-titre363-300x174.png",300,174,true],"medium_large":["https:\/\/serialectrice.com\/wp-content\/uploads\/2022\/04\/Sans-titre363-768x444.png",768,444,true],"large":["https:\/\/serialectrice.com\/wp-content\/uploads\/2022\/04\/Sans-titre363-1024x593.png",840,486,true],"post-slider-thumb-size":["https:\/\/serialectrice.com\/wp-content\/uploads\/2022\/04\/Sans-titre363.png",328,190,false],"post-category-slider-size":["https:\/\/serialectrice.com\/wp-content\/uploads\/2022\/04\/Sans-titre363.png",330,191,false],"1536x1536":["https:\/\/serialectrice.com\/wp-content\/uploads\/2022\/04\/Sans-titre363-1536x889.png",1536,889,true],"2048x2048":["https:\/\/serialectrice.com\/wp-content\/uploads\/2022\/04\/Sans-titre363.png",1716,993,false],"hello-fashion-slider":["https:\/\/serialectrice.com\/wp-content\/uploads\/2022\/04\/Sans-titre363.png",480,278,false],"hello-fashion-blog-three":["https:\/\/serialectrice.com\/wp-content\/uploads\/2022\/04\/Sans-titre363.png",420,243,false],"hello-fashion-blog-four":["https:\/\/serialectrice.com\/wp-content\/uploads\/2022\/04\/Sans-titre363.png",573,332,false],"vilva-slider-one":["https:\/\/serialectrice.com\/wp-content\/uploads\/2022\/04\/Sans-titre363.png",1037,600,false],"vilva-featured-four":["https:\/\/serialectrice.com\/wp-content\/uploads\/2022\/04\/Sans-titre363.png",800,463,false],"vilva-blog":["https:\/\/serialectrice.com\/wp-content\/uploads\/2022\/04\/Sans-titre363.png",420,243,false],"vilva-blog-one":["https:\/\/serialectrice.com\/wp-content\/uploads\/2022\/04\/Sans-titre363.png",864,500,false],"vilva-sidebar":["https:\/\/serialectrice.com\/wp-content\/uploads\/2022\/04\/Sans-titre363.png",817,473,false]},"uagb_author_info":{"display_name":"SeriaLectrice","author_link":"https:\/\/serialectrice.com\/index.php\/author\/cilounegmail-com\/"},"uagb_comment_info":2,"uagb_excerpt":"Pour faire comprendre les m\u00e9canismes du nazisme \u00e0 ses \u00e9l\u00e8ves, Ben Ross, professeur d'histoire, cr\u00e9e un mouvement exp\u00e9rimental","jetpack_sharing_enabled":true,"jetpack_likes_enabled":true,"_links":{"self":[{"href":"https:\/\/serialectrice.com\/index.php\/wp-json\/wp\/v2\/posts\/2992","targetHints":{"allow":["GET"]}}],"collection":[{"href":"https:\/\/serialectrice.com\/index.php\/wp-json\/wp\/v2\/posts"}],"about":[{"href":"https:\/\/serialectrice.com\/index.php\/wp-json\/wp\/v2\/types\/post"}],"author":[{"embeddable":true,"href":"https:\/\/serialectrice.com\/index.php\/wp-json\/wp\/v2\/users\/1"}],"replies":[{"embeddable":true,"href":"https:\/\/serialectrice.com\/index.php\/wp-json\/wp\/v2\/comments?post=2992"}],"version-history":[{"count":0,"href":"https:\/\/serialectrice.com\/index.php\/wp-json\/wp\/v2\/posts\/2992\/revisions"}],"wp:featuredmedia":[{"embeddable":true,"href":"https:\/\/serialectrice.com\/index.php\/wp-json\/wp\/v2\/media\/3000"}],"wp:attachment":[{"href":"https:\/\/serialectrice.com\/index.php\/wp-json\/wp\/v2\/media?parent=2992"}],"wp:term":[{"taxonomy":"category","embeddable":true,"href":"https:\/\/serialectrice.com\/index.php\/wp-json\/wp\/v2\/categories?post=2992"},{"taxonomy":"post_tag","embeddable":true,"href":"https:\/\/serialectrice.com\/index.php\/wp-json\/wp\/v2\/tags?post=2992"}],"curies":[{"name":"wp","href":"https:\/\/api.w.org\/{rel}","templated":true}]}}