{"id":2936,"date":"2022-03-25T11:00:00","date_gmt":"2022-03-25T09:00:00","guid":{"rendered":"https:\/\/serialectrice.com\/?p=2936"},"modified":"2022-03-23T21:33:22","modified_gmt":"2022-03-23T19:33:22","slug":"hypothermie","status":"publish","type":"post","link":"https:\/\/serialectrice.com\/index.php\/2022\/03\/25\/hypothermie\/","title":{"rendered":"Hypothermie _ Arnaldur Indridason"},"content":{"rendered":"\n<div class=\"wp-block-media-text alignwide is-stacked-on-mobile is-vertically-aligned-top\" style=\"grid-template-columns:43% auto\"><figure class=\"wp-block-media-text__media\"><img loading=\"lazy\" decoding=\"async\" width=\"400\" height=\"662\" src=\"https:\/\/serialectrice.com\/wp-content\/uploads\/2022\/01\/hypothermie-238932.jpg\" alt=\"\" class=\"wp-image-2777 size-full\" srcset=\"https:\/\/serialectrice.com\/wp-content\/uploads\/2022\/01\/hypothermie-238932.jpg 400w, https:\/\/serialectrice.com\/wp-content\/uploads\/2022\/01\/hypothermie-238932-181x300.jpg 181w, https:\/\/serialectrice.com\/wp-content\/uploads\/2022\/01\/hypothermie-238932-91x150.jpg 91w\" sizes=\"auto, (max-width: 400px) 100vw, 400px\" \/><\/figure><div class=\"wp-block-media-text__content\">\n<h2 class=\"has-vivid-green-cyan-color has-text-color wp-block-heading\">R\u00e9sum\u00e9<\/h2>\n\n\n\n<p class=\"wp-block-paragraph\">Un soir d&rsquo;automne. Maria est retrouv\u00e9e pendue dans son chalet d&rsquo;\u00e9t\u00e9 sur les bords du lac de Thingvellir. Apr\u00e8s autopsie, la police conclut \u00e0 un suicide.<\/p>\n\n\n\n<p class=\"wp-block-paragraph\">Quelques jours plus tard, Erlendur re\u00e7oit la visite d&rsquo;une amie de cette femme qui lui affirme que ce n&rsquo;\u00e9tait pas \u00ab\u00a0le genre\u00a0\u00bb de Maria de se suicider et qui lui remet une cassette contenant l&rsquo;enregistrement d&rsquo;une s\u00e9ance chez un m\u00e9dium que Maria \u00e9tait all\u00e9e consulter pour entrer en contact dans l&rsquo;au-del\u00e0 avec sa m\u00e8re.<\/p>\n\n\n\n<p class=\"wp-block-paragraph\">Celle-ci lui avait promis de lui envoyer un signe. Au pays du fantastique et des fant\u00f4mes, aussi dubitatif que r\u00e9ticent, le commissaire Erlendur, troubl\u00e9 par l&rsquo;audition de la cassette, se sent oblig\u00e9 de reprendre l&rsquo;enqu\u00eate \u00e0 l&rsquo;insu de tous.<\/p>\n\n\n\n<p class=\"wp-block-paragraph\">Il d\u00e9couvre que l&rsquo;\u00e9poux de Maria n&rsquo;est pas aussi fiable qu&rsquo;il en a l&rsquo;air et ses investigations sur l&rsquo;enfance de la suicid\u00e9e, ses relations avec une m\u00e8re \u00e9touffante vont le mener sur des voies inattendues sem\u00e9es de secrets et de douleur.<\/p>\n\n\n\n<p class=\"wp-block-paragraph\">Obs\u00e9d\u00e9 par le deuil et la disparition, harcel\u00e9 par les frustrations de ses enfants, sceptique devant les croyances islandaises, bourru au coeur tendre, le commissaire Erlendur poursuit sa recherche sur lui-m\u00eame et rafle tous les suffrages des lecteurs.<\/p>\n<\/div><\/div>\n\n\n\n<h2 class=\"wp-block-heading\">Mon ressenti<\/h2>\n\n\n\n<p class=\"has-medium-font-size wp-block-paragraph\">Je n&rsquo;avais encore jamais lu cet auteur, et comme pour tout auteur islandais, je craignais un peu que l&rsquo;enqu\u00eate ne soit glauque et morbide. Mais ce ne fut absolument pas le cas et je pense que <strong>je dois avoir de s\u00e9rieux a priori sur les auteurs nordiques.<\/strong><\/p>\n\n\n\n<p class=\"has-medium-font-size wp-block-paragraph\">Maria est retrouv\u00e9e pendue dans son chalet de vacances. <strong>Tout porte \u00e0 croire qu&rsquo;il s&rsquo;agit d&rsquo;un simple suicide.<\/strong> Maria d\u00e9primait depuis la mort de sa m\u00e8re, quelques ann\u00e9es auparavant. Elle avait avec elle une relation fusionnelle depuis le d\u00e9c\u00e8s de son p\u00e8re alors qu&rsquo;elle n&rsquo;avait pas encore dix ans. <strong>Mais sa meilleure amie ne peut s&#8217;emp\u00eacher de trouver ce suicide \u00e9trange et s&rsquo;en r\u00e9f\u00e8re \u00e0 Erneldur. <\/strong>Ce dernier va alors enqu\u00eater de mani\u00e8re non officielle afin de comprendre pour quelles raisons Maria se serait suicid\u00e9e et si, par hasard, ce suicide n&rsquo;en \u00e9tait pas un.<\/p>\n\n\n\n<p class=\"has-medium-font-size wp-block-paragraph\">En parall\u00e8le, il m\u00e8ne <strong>une deuxi\u00e8me enqu\u00eate<\/strong>. Celle de la <strong>disparition d&rsquo;un jeune gar\u00e7on, plusieurs dizaines d&rsquo;ann\u00e9es plus t\u00f4t.<\/strong> Le p\u00e8re du jeune homme vit ses derniers jours et Erneldur voudrait lui donner des nouvelles avant que l&rsquo;homme ne pousse son dernier soupir.<\/p>\n\n\n\n<p class=\"has-medium-font-size wp-block-paragraph\">Au travers de l&rsquo;enqu\u00eate autour du suicide de Maria, l&rsquo;auteur nous emm\u00e8ne dans<strong> l&rsquo;au-del\u00e0 et l&rsquo;obsession de certaines personnes concernant la vie apr\u00e8s la mort.<\/strong>  Indridason a d\u00fb faire de nombreuses recherches pour savoir comment approcher la mort du plus pr\u00e8s possible, sans pour autant mourir. Pour cela, <strong>il faut plonger le corps en hypothermie pour une courte dur\u00e9e. <\/strong>La personne tombe alors dans le coma et il faut la r\u00e9veiller dans les quelques minutes qui suivent Tout cela pour exp\u00e9rimenter s&rsquo;il y a quelque chose de l&rsquo;autre c\u00f4t\u00e9 du tunnel&#8230; Mais en quoi cela concerne-t-il Maria ?<\/p>\n\n\n\n<div class=\"wp-block-image\"><figure class=\"aligncenter size-large\"><img loading=\"lazy\" decoding=\"async\" width=\"1024\" height=\"1024\" src=\"https:\/\/serialectrice.com\/wp-content\/uploads\/2022\/03\/Sans-titre353-1024x1024.png\" alt=\"\" class=\"wp-image-2937\" srcset=\"https:\/\/serialectrice.com\/wp-content\/uploads\/2022\/03\/Sans-titre353-1024x1024.png 1024w, https:\/\/serialectrice.com\/wp-content\/uploads\/2022\/03\/Sans-titre353-300x300.png 300w, https:\/\/serialectrice.com\/wp-content\/uploads\/2022\/03\/Sans-titre353-150x150.png 150w, https:\/\/serialectrice.com\/wp-content\/uploads\/2022\/03\/Sans-titre353-768x768.png 768w, https:\/\/serialectrice.com\/wp-content\/uploads\/2022\/03\/Sans-titre353-100x100.png 100w, https:\/\/serialectrice.com\/wp-content\/uploads\/2022\/03\/Sans-titre353.png 1080w\" sizes=\"auto, (max-width: 1024px) 100vw, 1024px\" \/><\/figure><\/div>\n\n\n\n<p class=\"has-text-align-center has-medium-font-size wp-block-paragraph\"><em>J&rsquo;ai <strong>beaucoup aim\u00e9<\/strong> suivre cette enqu\u00eate et ai vraiment <strong>appr\u00e9ci\u00e9 la plume d&rsquo;Indridason. <\/strong>Je relirai avec plaisir les enqu\u00eates d&rsquo;Erneldur, depuis le d\u00e9but cette fois. Car Hypothermie est le 6\u00e8me tome d&rsquo;une s\u00e9rie de 12 livres.<\/em><\/p>\n\n\n<div class=\"wp-block-jetpack-rating-star\" style=\"text-align:center\" itemprop=\"reviewRating\" itemscope itemtype=\"http:\/\/schema.org\/Rating\"><p><span aria-hidden=\"true\">\u2b50<\/span><span aria-hidden=\"true\">\u2b50<\/span><span aria-hidden=\"true\">\u2b50<\/span><span aria-hidden=\"true\">\u2b50<\/span><\/p><span style=\"display: none;\" itemprop=\"worstRating\" content=\"0.5\"><span>\n<svg xmlns=\"http:\/\/www.w3.org\/2000\/svg\" width=\"24\" height=\"24\" viewBox=\"0 0 24 24\">\n\t<path class=\"\" fill=\"currentColor\" stroke=\"currentColor\" d=\"M12,17.3l6.2,3.7l-1.6-7L22,9.2l-7.2-0.6L12,2L9.2,8.6L2,9.2L7.5,14l-1.6,7L12,17.3z\" \/>\n<\/svg>\n<\/span>\n<span>\n<svg xmlns=\"http:\/\/www.w3.org\/2000\/svg\" width=\"24\" height=\"24\" viewBox=\"0 0 24 24\">\n\t<path class=\"\" fill=\"currentColor\" stroke=\"currentColor\" d=\"M12,17.3l6.2,3.7l-1.6-7L22,9.2l-7.2-0.6L12,2L9.2,8.6L2,9.2L7.5,14l-1.6,7L12,17.3z\" \/>\n<\/svg>\n<\/span><\/span><span style=\"display: none;\" ><span>\n<svg xmlns=\"http:\/\/www.w3.org\/2000\/svg\" width=\"24\" height=\"24\" viewBox=\"0 0 24 24\">\n\t<path class=\"\" fill=\"currentColor\" stroke=\"currentColor\" d=\"M12,17.3l6.2,3.7l-1.6-7L22,9.2l-7.2-0.6L12,2L9.2,8.6L2,9.2L7.5,14l-1.6,7L12,17.3z\" \/>\n<\/svg>\n<\/span>\n<span>\n<svg xmlns=\"http:\/\/www.w3.org\/2000\/svg\" width=\"24\" height=\"24\" viewBox=\"0 0 24 24\">\n\t<path class=\"\" fill=\"currentColor\" stroke=\"currentColor\" d=\"M12,17.3l6.2,3.7l-1.6-7L22,9.2l-7.2-0.6L12,2L9.2,8.6L2,9.2L7.5,14l-1.6,7L12,17.3z\" \/>\n<\/svg>\n<\/span><\/span><span style=\"display: none;\" ><span>\n<svg xmlns=\"http:\/\/www.w3.org\/2000\/svg\" width=\"24\" height=\"24\" viewBox=\"0 0 24 24\">\n\t<path class=\"\" fill=\"currentColor\" stroke=\"currentColor\" d=\"M12,17.3l6.2,3.7l-1.6-7L22,9.2l-7.2-0.6L12,2L9.2,8.6L2,9.2L7.5,14l-1.6,7L12,17.3z\" \/>\n<\/svg>\n<\/span>\n<span>\n<svg xmlns=\"http:\/\/www.w3.org\/2000\/svg\" width=\"24\" height=\"24\" viewBox=\"0 0 24 24\">\n\t<path class=\"\" fill=\"currentColor\" stroke=\"currentColor\" d=\"M12,17.3l6.2,3.7l-1.6-7L22,9.2l-7.2-0.6L12,2L9.2,8.6L2,9.2L7.5,14l-1.6,7L12,17.3z\" \/>\n<\/svg>\n<\/span><\/span><span style=\"display: none;\" ><span>\n<svg xmlns=\"http:\/\/www.w3.org\/2000\/svg\" width=\"24\" height=\"24\" viewBox=\"0 0 24 24\">\n\t<path class=\"\" fill=\"currentColor\" stroke=\"currentColor\" d=\"M12,17.3l6.2,3.7l-1.6-7L22,9.2l-7.2-0.6L12,2L9.2,8.6L2,9.2L7.5,14l-1.6,7L12,17.3z\" \/>\n<\/svg>\n<\/span>\n<span>\n<svg xmlns=\"http:\/\/www.w3.org\/2000\/svg\" width=\"24\" height=\"24\" viewBox=\"0 0 24 24\">\n\t<path class=\"\" fill=\"currentColor\" stroke=\"currentColor\" d=\"M12,17.3l6.2,3.7l-1.6-7L22,9.2l-7.2-0.6L12,2L9.2,8.6L2,9.2L7.5,14l-1.6,7L12,17.3z\" \/>\n<\/svg>\n<\/span><\/span><span style=\"display: none;\" itemprop=\"bestRating\" content=\"5\"><span>\n<svg xmlns=\"http:\/\/www.w3.org\/2000\/svg\" width=\"24\" height=\"24\" viewBox=\"0 0 24 24\">\n\t<path class=\"is-rating-unfilled\" fill=\"currentColor\" stroke=\"currentColor\" d=\"M12,17.3l6.2,3.7l-1.6-7L22,9.2l-7.2-0.6L12,2L9.2,8.6L2,9.2L7.5,14l-1.6,7L12,17.3z\" \/>\n<\/svg>\n<\/span>\n<span>\n<svg xmlns=\"http:\/\/www.w3.org\/2000\/svg\" width=\"24\" height=\"24\" viewBox=\"0 0 24 24\">\n\t<path class=\"is-rating-unfilled\" fill=\"currentColor\" stroke=\"currentColor\" d=\"M12,17.3l6.2,3.7l-1.6-7L22,9.2l-7.2-0.6L12,2L9.2,8.6L2,9.2L7.5,14l-1.6,7L12,17.3z\" \/>\n<\/svg>\n<\/span><\/span><span itemprop=\"ratingValue\" class=\"screen-reader-text\" content=\"4\">Note\u00a0: 4\u00a0sur 5.<\/span><\/div>\n\n\n<h2 class=\"has-vivid-green-cyan-color has-text-color wp-block-heading\">Mes challenges<\/h2>\n\n\n\n<p class=\"has-medium-font-size wp-block-paragraph\">Cette lecture m&rsquo;a permis de valider la cat\u00e9gorie du <a href=\"https:\/\/serialectrice.com\/index.php\/2021\/12\/21\/challenge-litteraire-dhiver-2\/\">challenge hivernal.<\/a> <strong>Titre qui commence par un H.<\/strong><\/p>\n\n\n\n<p class=\"has-medium-font-size wp-block-paragraph\">Elle m&rsquo;a \u00e9galement permis de valider la cat\u00e9gorie du <a href=\"https:\/\/serialectrice.com\/index.php\/2022\/02\/26\/challenge-litteraire-_-mars-2022\/\">challenge mensuel<\/a>. <strong>Couverture avec de l&rsquo;eau (sous n&rsquo;importe quelle forme)<\/strong><\/p>\n\n\n\n<p class=\"has-medium-font-size wp-block-paragraph\">Enfin, j&rsquo;ai pu valider la cat\u00e9gorie 37 du <a href=\"https:\/\/www.facebook.com\/groups\/707636122759664\">challenge annuel.<\/a> <strong>Livre dont le genre est inscrit sur le dos.<\/strong><\/p>\n","protected":false},"excerpt":{"rendered":"<p>Pourquoi Maria s&rsquo;est-elle suicid\u00e9e ? Ne serait-ce pas plut\u00f4t un homicide ?<\/p>\n","protected":false},"author":1,"featured_media":2940,"comment_status":"open","ping_status":"open","sticky":false,"template":"","format":"standard","meta":{"_crdt_document":"","om_disable_all_campaigns":false,"_uag_custom_page_level_css":"","_monsterinsights_skip_tracking":false,"_monsterinsights_sitenote_active":false,"_monsterinsights_sitenote_note":"","_monsterinsights_sitenote_category":0,"_uf_show_specific_survey":0,"_uf_disable_surveys":false,"_jetpack_memberships_contains_paid_content":false,"footnotes":"","jetpack_publicize_message":"Hypothermie, Arnaldur Indridason\n\nPourquoi Maria s'est-elle suicid\u00e9e ? Ne serait-ce pas plut\u00f4t un homicide ?","jetpack_publicize_feature_enabled":true,"jetpack_social_post_already_shared":true,"jetpack_social_options":{"image_generator_settings":{"template":"highway","default_image_id":0,"font":"","enabled":false},"version":2}},"categories":[6],"tags":[243,23,24],"class_list":["post-2936","post","type-post","status-publish","format-standard","has-post-thumbnail","hentry","category-livres-lus","tag-arnaldur-indridason","tag-enquete","tag-policier"],"aioseo_notices":[],"jetpack_publicize_connections":[],"jetpack_featured_media_url":"https:\/\/serialectrice.com\/wp-content\/uploads\/2022\/03\/Sans-titre354.png","uagb_featured_image_src":{"full":["https:\/\/serialectrice.com\/wp-content\/uploads\/2022\/03\/Sans-titre354.png",1716,993,false],"thumbnail":["https:\/\/serialectrice.com\/wp-content\/uploads\/2022\/03\/Sans-titre354-572x331.png",572,331,true],"medium":["https:\/\/serialectrice.com\/wp-content\/uploads\/2022\/03\/Sans-titre354-300x174.png",300,174,true],"medium_large":["https:\/\/serialectrice.com\/wp-content\/uploads\/2022\/03\/Sans-titre354-768x444.png",768,444,true],"large":["https:\/\/serialectrice.com\/wp-content\/uploads\/2022\/03\/Sans-titre354-1024x593.png",840,486,true],"post-slider-thumb-size":["https:\/\/serialectrice.com\/wp-content\/uploads\/2022\/03\/Sans-titre354.png",328,190,false],"post-category-slider-size":["https:\/\/serialectrice.com\/wp-content\/uploads\/2022\/03\/Sans-titre354.png",330,191,false],"1536x1536":["https:\/\/serialectrice.com\/wp-content\/uploads\/2022\/03\/Sans-titre354-1536x889.png",1536,889,true],"2048x2048":["https:\/\/serialectrice.com\/wp-content\/uploads\/2022\/03\/Sans-titre354.png",1716,993,false],"hello-fashion-slider":["https:\/\/serialectrice.com\/wp-content\/uploads\/2022\/03\/Sans-titre354.png",480,278,false],"hello-fashion-blog-three":["https:\/\/serialectrice.com\/wp-content\/uploads\/2022\/03\/Sans-titre354.png",420,243,false],"hello-fashion-blog-four":["https:\/\/serialectrice.com\/wp-content\/uploads\/2022\/03\/Sans-titre354.png",573,332,false],"vilva-slider-one":["https:\/\/serialectrice.com\/wp-content\/uploads\/2022\/03\/Sans-titre354.png",1037,600,false],"vilva-featured-four":["https:\/\/serialectrice.com\/wp-content\/uploads\/2022\/03\/Sans-titre354.png",800,463,false],"vilva-blog":["https:\/\/serialectrice.com\/wp-content\/uploads\/2022\/03\/Sans-titre354.png",420,243,false],"vilva-blog-one":["https:\/\/serialectrice.com\/wp-content\/uploads\/2022\/03\/Sans-titre354.png",864,500,false],"vilva-sidebar":["https:\/\/serialectrice.com\/wp-content\/uploads\/2022\/03\/Sans-titre354.png",817,473,false]},"uagb_author_info":{"display_name":"SeriaLectrice","author_link":"https:\/\/serialectrice.com\/index.php\/author\/cilounegmail-com\/"},"uagb_comment_info":3,"uagb_excerpt":"Pourquoi Maria s'est-elle suicid\u00e9e ? Ne serait-ce pas plut\u00f4t un homicide ?","jetpack_sharing_enabled":true,"jetpack_likes_enabled":true,"_links":{"self":[{"href":"https:\/\/serialectrice.com\/index.php\/wp-json\/wp\/v2\/posts\/2936","targetHints":{"allow":["GET"]}}],"collection":[{"href":"https:\/\/serialectrice.com\/index.php\/wp-json\/wp\/v2\/posts"}],"about":[{"href":"https:\/\/serialectrice.com\/index.php\/wp-json\/wp\/v2\/types\/post"}],"author":[{"embeddable":true,"href":"https:\/\/serialectrice.com\/index.php\/wp-json\/wp\/v2\/users\/1"}],"replies":[{"embeddable":true,"href":"https:\/\/serialectrice.com\/index.php\/wp-json\/wp\/v2\/comments?post=2936"}],"version-history":[{"count":0,"href":"https:\/\/serialectrice.com\/index.php\/wp-json\/wp\/v2\/posts\/2936\/revisions"}],"wp:featuredmedia":[{"embeddable":true,"href":"https:\/\/serialectrice.com\/index.php\/wp-json\/wp\/v2\/media\/2940"}],"wp:attachment":[{"href":"https:\/\/serialectrice.com\/index.php\/wp-json\/wp\/v2\/media?parent=2936"}],"wp:term":[{"taxonomy":"category","embeddable":true,"href":"https:\/\/serialectrice.com\/index.php\/wp-json\/wp\/v2\/categories?post=2936"},{"taxonomy":"post_tag","embeddable":true,"href":"https:\/\/serialectrice.com\/index.php\/wp-json\/wp\/v2\/tags?post=2936"}],"curies":[{"name":"wp","href":"https:\/\/api.w.org\/{rel}","templated":true}]}}