{"id":2920,"date":"2022-03-21T11:00:00","date_gmt":"2022-03-21T09:00:00","guid":{"rendered":"https:\/\/serialectrice.com\/?p=2920"},"modified":"2022-03-21T23:02:39","modified_gmt":"2022-03-21T21:02:39","slug":"challenge-litteraire-printemps-2022","status":"publish","type":"post","link":"https:\/\/serialectrice.com\/index.php\/2022\/03\/21\/challenge-litteraire-printemps-2022\/","title":{"rendered":"Challenge litt\u00e9raire Printemps 2022"},"content":{"rendered":"\n<div class=\"wp-block-image\"><figure class=\"aligncenter size-large\"><img loading=\"lazy\" decoding=\"async\" width=\"1024\" height=\"593\" src=\"https:\/\/serialectrice.com\/wp-content\/uploads\/2022\/03\/Sans-titre348-1024x593.png\" alt=\"\" class=\"wp-image-2929\" srcset=\"https:\/\/serialectrice.com\/wp-content\/uploads\/2022\/03\/Sans-titre348-1024x593.png 1024w, https:\/\/serialectrice.com\/wp-content\/uploads\/2022\/03\/Sans-titre348-572x331.png 572w, https:\/\/serialectrice.com\/wp-content\/uploads\/2022\/03\/Sans-titre348-300x174.png 300w, https:\/\/serialectrice.com\/wp-content\/uploads\/2022\/03\/Sans-titre348-768x444.png 768w, https:\/\/serialectrice.com\/wp-content\/uploads\/2022\/03\/Sans-titre348-1536x889.png 1536w, https:\/\/serialectrice.com\/wp-content\/uploads\/2022\/03\/Sans-titre348.png 1716w\" sizes=\"auto, (max-width: 1024px) 100vw, 1024px\" \/><\/figure><\/div>\n\n\n\n<p class=\"has-medium-font-size wp-block-paragraph\">Le printemps est l\u00e0, et son challenge litt\u00e9raire aussi. Pour pouvoir participer \u00e0 ce challenge, rendez-vous sur le groupe Facebook <a href=\"https:\/\/www.facebook.com\/groups\/707636122759664\">La t\u00eate dans les livres<\/a><\/p>\n\n\n\n<p class=\"has-medium-font-size wp-block-paragraph\">Voici les cat\u00e9gories et les livres que je compte lire durant cette p\u00e9riode. J&rsquo;ai r\u00e9ussi \u00e0 valider toutes les cat\u00e9gories du challenge hivernal, mais je n&rsquo;ai presque pas respect\u00e9 les lectures que j&rsquo;avais pr\u00e9vu.<\/p>\n\n\n\n<h2 class=\"wp-block-heading\">Printemps<\/h2>\n\n\n\n<h4 class=\"wp-block-heading\">1. Auteur dont le nom ou pr\u00e9nom contient 2 P<\/h4>\n\n\n\n<div class=\"wp-block-media-text alignwide is-stacked-on-mobile\" style=\"grid-template-columns:15% auto\"><figure class=\"wp-block-media-text__media\"><img loading=\"lazy\" decoding=\"async\" width=\"210\" height=\"342\" src=\"https:\/\/serialectrice.com\/wp-content\/uploads\/2022\/03\/minority-report.jpg\" alt=\"\" class=\"wp-image-2921 size-full\" srcset=\"https:\/\/serialectrice.com\/wp-content\/uploads\/2022\/03\/minority-report.jpg 210w, https:\/\/serialectrice.com\/wp-content\/uploads\/2022\/03\/minority-report-184x300.jpg 184w, https:\/\/serialectrice.com\/wp-content\/uploads\/2022\/03\/minority-report-92x150.jpg 92w\" sizes=\"auto, (max-width: 210px) 100vw, 210px\" \/><\/figure><div class=\"wp-block-media-text__content\">\n<p class=\"has-medium-font-size wp-block-paragraph\">J&rsquo;avais plusieurs choix, mais dans le cadre du challenge annuel propos\u00e9 \u00e9galement sur le groupe La t\u00eate dans les livres, il faut lire 15 livres dont le titre n&rsquo;est pas \u00e9crit en fran\u00e7ais. La SF n&rsquo;est pas mon genre de lecture, mais ayant vu le film, je pense que \u00e7a devrait \u00eatre plus simple.<\/p>\n<\/div><\/div>\n\n\n\n<h4 class=\"wp-block-heading\">Quatri\u00e8me sur laquelle on retrouve un \u00e9l\u00e9ment m\u00e9t\u00e9orologique<\/h4>\n\n\n\n<div class=\"wp-block-media-text alignwide is-stacked-on-mobile\" style=\"grid-template-columns:15% auto\"><figure class=\"wp-block-media-text__media\"><img loading=\"lazy\" decoding=\"async\" width=\"633\" height=\"1024\" src=\"https:\/\/serialectrice.com\/wp-content\/uploads\/2022\/03\/la-petite-fille-de-monsieur-linh-633x1024.jpg\" alt=\"\" class=\"wp-image-2922 size-full\" srcset=\"https:\/\/serialectrice.com\/wp-content\/uploads\/2022\/03\/la-petite-fille-de-monsieur-linh-633x1024.jpg 633w, https:\/\/serialectrice.com\/wp-content\/uploads\/2022\/03\/la-petite-fille-de-monsieur-linh-185x300.jpg 185w, https:\/\/serialectrice.com\/wp-content\/uploads\/2022\/03\/la-petite-fille-de-monsieur-linh-93x150.jpg 93w, https:\/\/serialectrice.com\/wp-content\/uploads\/2022\/03\/la-petite-fille-de-monsieur-linh-768x1243.jpg 768w, https:\/\/serialectrice.com\/wp-content\/uploads\/2022\/03\/la-petite-fille-de-monsieur-linh-949x1536.jpg 949w, https:\/\/serialectrice.com\/wp-content\/uploads\/2022\/03\/la-petite-fille-de-monsieur-linh-1266x2048.jpg 1266w, https:\/\/serialectrice.com\/wp-content\/uploads\/2022\/03\/la-petite-fille-de-monsieur-linh.jpg 1400w\" sizes=\"auto, (max-width: 633px) 100vw, 633px\" \/><\/figure><div class=\"wp-block-media-text__content\">\n<p class=\"has-medium-font-size wp-block-paragraph\">J&rsquo;ai pr\u00e9vu de lire ce tout petit livre dont tout le monde me dit tant de bien. Je l&rsquo;ai trouv\u00e9 en bo\u00eete \u00e0 livres dans la biblioth\u00e8que de mon village. Le mot \u00ab\u00a0vent\u00a0\u00bb est pr\u00e9sent en quatri\u00e8me de couverture.<\/p>\n<\/div><\/div>\n\n\n\n<h2 class=\"wp-block-heading\">P\u00e2ques<\/h2>\n\n\n\n<h4 class=\"wp-block-heading\">Couverture sur laquelle on ne voit que des animaux<\/h4>\n\n\n\n<div class=\"wp-block-media-text alignwide is-stacked-on-mobile\" style=\"grid-template-columns:15% auto\"><figure class=\"wp-block-media-text__media\"><img loading=\"lazy\" decoding=\"async\" width=\"625\" height=\"1024\" src=\"https:\/\/serialectrice.com\/wp-content\/uploads\/2022\/03\/la-vague-625x1024.jpg\" alt=\"\" class=\"wp-image-2923 size-full\" srcset=\"https:\/\/serialectrice.com\/wp-content\/uploads\/2022\/03\/la-vague-625x1024.jpg 625w, https:\/\/serialectrice.com\/wp-content\/uploads\/2022\/03\/la-vague-183x300.jpg 183w, https:\/\/serialectrice.com\/wp-content\/uploads\/2022\/03\/la-vague-92x150.jpg 92w, https:\/\/serialectrice.com\/wp-content\/uploads\/2022\/03\/la-vague-768x1259.jpg 768w, https:\/\/serialectrice.com\/wp-content\/uploads\/2022\/03\/la-vague.jpg 800w\" sizes=\"auto, (max-width: 625px) 100vw, 625px\" \/><\/figure><div class=\"wp-block-media-text__content\">\n<p class=\"has-medium-font-size wp-block-paragraph\">Voil\u00e0 encore un livre qui m&rsquo;intrigue. Son succ\u00e8s est immense et le sujet semble tr\u00e8s fort. J&rsquo;aimerais donc bien lire ce court roman qu&rsquo;est La vague.<\/p>\n<\/div><\/div>\n\n\n\n<h4 class=\"wp-block-heading\">Quatri\u00e8me avec le nom d&rsquo;un animal<\/h4>\n\n\n\n<div class=\"wp-block-media-text alignwide is-stacked-on-mobile\" style=\"grid-template-columns:15% auto\"><figure class=\"wp-block-media-text__media\"><img loading=\"lazy\" decoding=\"async\" width=\"195\" height=\"300\" src=\"https:\/\/serialectrice.com\/wp-content\/uploads\/2022\/03\/de-la-meme-veine.jpg\" alt=\"\" class=\"wp-image-2924 size-full\" srcset=\"https:\/\/serialectrice.com\/wp-content\/uploads\/2022\/03\/de-la-meme-veine.jpg 195w, https:\/\/serialectrice.com\/wp-content\/uploads\/2022\/03\/de-la-meme-veine-98x150.jpg 98w\" sizes=\"auto, (max-width: 195px) 100vw, 195px\" \/><\/figure><div class=\"wp-block-media-text__content\">\n<p class=\"has-medium-font-size wp-block-paragraph\">Je souhaiterais lire De la m\u00eame veine, le dernier roman d&rsquo;Agathe Portail que j&rsquo;ai re\u00e7u en service-presse sur NetGalley. J&rsquo;avais ador\u00e9 son roman pr\u00e9c\u00e9dent, <a href=\"https:\/\/serialectrice.com\/index.php\/2021\/03\/09\/piqures-de-rappel-_-agathe-portail\/\">Piq\u00fbres de rappel.<\/a><\/p>\n<\/div><\/div>\n\n\n\n<h2 class=\"wp-block-heading\">F\u00eate du travail<\/h2>\n\n\n\n<h4 class=\"wp-block-heading\">Titre qui contient une profession<\/h4>\n\n\n\n<div class=\"wp-block-media-text alignwide is-stacked-on-mobile\" style=\"grid-template-columns:15% auto\"><figure class=\"wp-block-media-text__media\"><img loading=\"lazy\" decoding=\"async\" width=\"633\" height=\"1024\" src=\"https:\/\/serialectrice.com\/wp-content\/uploads\/2022\/03\/le-cercle-des-derniers-libraires-633x1024.jpg\" alt=\"\" class=\"wp-image-2925 size-full\" srcset=\"https:\/\/serialectrice.com\/wp-content\/uploads\/2022\/03\/le-cercle-des-derniers-libraires-633x1024.jpg 633w, https:\/\/serialectrice.com\/wp-content\/uploads\/2022\/03\/le-cercle-des-derniers-libraires-186x300.jpg 186w, https:\/\/serialectrice.com\/wp-content\/uploads\/2022\/03\/le-cercle-des-derniers-libraires-93x150.jpg 93w, https:\/\/serialectrice.com\/wp-content\/uploads\/2022\/03\/le-cercle-des-derniers-libraires.jpg 650w\" sizes=\"auto, (max-width: 633px) 100vw, 633px\" \/><\/figure><div class=\"wp-block-media-text__content\">\n<p class=\"has-medium-font-size wp-block-paragraph\">J&rsquo;aimerais lire Le cercle des derniers libraires que j&rsquo;ai en biblioth\u00e8que depuis un moment. Ce serait l&rsquo;occasion de le d\u00e9poussi\u00e9rer.<\/p>\n<\/div><\/div>\n\n\n\n<h4 class=\"wp-block-heading\">Couverture avec des fleurs<\/h4>\n\n\n\n<div class=\"wp-block-media-text alignwide is-stacked-on-mobile\" style=\"grid-template-columns:15% auto\"><figure class=\"wp-block-media-text__media\"><img loading=\"lazy\" decoding=\"async\" width=\"625\" height=\"1024\" src=\"https:\/\/serialectrice.com\/wp-content\/uploads\/2022\/02\/les-derniers-jours-de-rabbit-hayes-625x1024.jpg\" alt=\"\" class=\"wp-image-2871 size-full\" srcset=\"https:\/\/serialectrice.com\/wp-content\/uploads\/2022\/02\/les-derniers-jours-de-rabbit-hayes-625x1024.jpg 625w, https:\/\/serialectrice.com\/wp-content\/uploads\/2022\/02\/les-derniers-jours-de-rabbit-hayes-183x300.jpg 183w, https:\/\/serialectrice.com\/wp-content\/uploads\/2022\/02\/les-derniers-jours-de-rabbit-hayes-92x150.jpg 92w, https:\/\/serialectrice.com\/wp-content\/uploads\/2022\/02\/les-derniers-jours-de-rabbit-hayes-768x1259.jpg 768w, https:\/\/serialectrice.com\/wp-content\/uploads\/2022\/02\/les-derniers-jours-de-rabbit-hayes.jpg 800w\" sizes=\"auto, (max-width: 625px) 100vw, 625px\" \/><\/figure><div class=\"wp-block-media-text__content\">\n<p class=\"has-medium-font-size wp-block-paragraph\">Je dois lire le tome suivant dans le cadre du Grand prix des lecteurs Pocket. J&rsquo;aimerais donc d\u00e9couvrir le premier tome avant de me lancer dans la suite.<\/p>\n<\/div><\/div>\n\n\n\n<h2 class=\"wp-block-heading\">Ascension<\/h2>\n\n\n\n<h4 class=\"wp-block-heading\">Un livre qui n&rsquo;est pas le premier de l&rsquo;auteur<\/h4>\n\n\n\n<div class=\"wp-block-media-text alignwide is-stacked-on-mobile\" style=\"grid-template-columns:15% auto\"><figure class=\"wp-block-media-text__media\"><img loading=\"lazy\" decoding=\"async\" width=\"400\" height=\"637\" src=\"https:\/\/serialectrice.com\/wp-content\/uploads\/2022\/03\/Un-grain-de-moutarde.jpg\" alt=\"\" class=\"wp-image-2926 size-full\" srcset=\"https:\/\/serialectrice.com\/wp-content\/uploads\/2022\/03\/Un-grain-de-moutarde.jpg 400w, https:\/\/serialectrice.com\/wp-content\/uploads\/2022\/03\/Un-grain-de-moutarde-188x300.jpg 188w, https:\/\/serialectrice.com\/wp-content\/uploads\/2022\/03\/Un-grain-de-moutarde-94x150.jpg 94w\" sizes=\"auto, (max-width: 400px) 100vw, 400px\" \/><\/figure><div class=\"wp-block-media-text__content\">\n<p class=\"has-medium-font-size wp-block-paragraph\">J&rsquo;avais ador\u00e9 le premier tome, Le crocus jaune. Un grain de moutarde est le deuxi\u00e8me roman de Leila Ibrahim et il promet d&rsquo;\u00eatre aussi bon que le premier. Il est en cours de lecture au moment o\u00f9 j&rsquo;\u00e9cris cet article.<\/p>\n<\/div><\/div>\n\n\n\n<h4 class=\"wp-block-heading\">Auteur plus \u00e2g\u00e9 que vous<\/h4>\n\n\n\n<div class=\"wp-block-media-text alignwide is-stacked-on-mobile\" style=\"grid-template-columns:15% auto\"><figure class=\"wp-block-media-text__media\"><img loading=\"lazy\" decoding=\"async\" width=\"186\" height=\"272\" src=\"https:\/\/serialectrice.com\/wp-content\/uploads\/2022\/02\/ton-absence-nest-que-tenebres.jpg\" alt=\"\" class=\"wp-image-2872 size-full\" srcset=\"https:\/\/serialectrice.com\/wp-content\/uploads\/2022\/02\/ton-absence-nest-que-tenebres.jpg 186w, https:\/\/serialectrice.com\/wp-content\/uploads\/2022\/02\/ton-absence-nest-que-tenebres-103x150.jpg 103w\" sizes=\"auto, (max-width: 186px) 100vw, 186px\" \/><\/figure><div class=\"wp-block-media-text__content\">\n<p class=\"has-medium-font-size wp-block-paragraph\">Cela fait un moment que je dois lire ce roman  re\u00e7u en service-presse et qui, je dois bien l&rsquo;avouer, me fait peur avec ses 608 pages. Mais il serait grand temps que je le lise !<\/p>\n<\/div><\/div>\n\n\n\n<h2 class=\"wp-block-heading\">Pentec\u00f4te<\/h2>\n\n\n\n<h4 class=\"wp-block-heading\">Livre avec plus de 50 chapitres<\/h4>\n\n\n\n<div class=\"wp-block-media-text alignwide is-stacked-on-mobile\" style=\"grid-template-columns:15% auto\"><figure class=\"wp-block-media-text__media\"><img loading=\"lazy\" decoding=\"async\" width=\"210\" height=\"347\" src=\"https:\/\/serialectrice.com\/wp-content\/uploads\/2022\/03\/la-ou-chantent-les-ecrevisses.jpg\" alt=\"\" class=\"wp-image-2927 size-full\" srcset=\"https:\/\/serialectrice.com\/wp-content\/uploads\/2022\/03\/la-ou-chantent-les-ecrevisses.jpg 210w, https:\/\/serialectrice.com\/wp-content\/uploads\/2022\/03\/la-ou-chantent-les-ecrevisses-182x300.jpg 182w, https:\/\/serialectrice.com\/wp-content\/uploads\/2022\/03\/la-ou-chantent-les-ecrevisses-91x150.jpg 91w\" sizes=\"auto, (max-width: 210px) 100vw, 210px\" \/><\/figure><div class=\"wp-block-media-text__content\">\n<p class=\"has-medium-font-size wp-block-paragraph\">Voici encore un livre qui me tente \u00e9norm\u00e9ment. Tous les retours que je vois sont unanimes, ce livre semble \u00eatre un v\u00e9ritable hymne \u00e0 la nature, comme l&rsquo;indique son bandeau publicitaire. <\/p>\n<\/div><\/div>\n\n\n\n<h4 class=\"wp-block-heading\">Couverture avec une lune<\/h4>\n\n\n\n<div class=\"wp-block-media-text alignwide is-stacked-on-mobile\" style=\"grid-template-columns:15% auto\"><figure class=\"wp-block-media-text__media\"><img loading=\"lazy\" decoding=\"async\" width=\"176\" height=\"286\" src=\"https:\/\/serialectrice.com\/wp-content\/uploads\/2022\/02\/lappel-de-la-lune.jpg\" alt=\"\" class=\"wp-image-2870 size-full\" srcset=\"https:\/\/serialectrice.com\/wp-content\/uploads\/2022\/02\/lappel-de-la-lune.jpg 176w, https:\/\/serialectrice.com\/wp-content\/uploads\/2022\/02\/lappel-de-la-lune-92x150.jpg 92w\" sizes=\"auto, (max-width: 176px) 100vw, 176px\" \/><\/figure><div class=\"wp-block-media-text__content\">\n<p class=\"has-medium-font-size wp-block-paragraph\">Je dois lire ce livre qui me permettra de valider une cat\u00e9gorie du challenge annuel que nul autre livre ne peut valider dans ma biblioth\u00e8que. <\/p>\n<\/div><\/div>\n\n\n\n<h2 class=\"wp-block-heading\">BONUS<\/h2>\n\n\n\n<h4 class=\"wp-block-heading\">Titre qui contient les lettres POISSON<\/h4>\n\n\n\n<div class=\"wp-block-media-text alignwide is-stacked-on-mobile\" style=\"grid-template-columns:15% auto\"><figure class=\"wp-block-media-text__media\"><img loading=\"lazy\" decoding=\"async\" width=\"308\" height=\"500\" src=\"https:\/\/serialectrice.com\/wp-content\/uploads\/2022\/03\/la-vie-a-plus-dimagination-que-nous-1374179.jpg\" alt=\"\" class=\"wp-image-2928 size-full\" srcset=\"https:\/\/serialectrice.com\/wp-content\/uploads\/2022\/03\/la-vie-a-plus-dimagination-que-nous-1374179.jpg 308w, https:\/\/serialectrice.com\/wp-content\/uploads\/2022\/03\/la-vie-a-plus-dimagination-que-nous-1374179-185x300.jpg 185w, https:\/\/serialectrice.com\/wp-content\/uploads\/2022\/03\/la-vie-a-plus-dimagination-que-nous-1374179-92x150.jpg 92w\" sizes=\"auto, (max-width: 308px) 100vw, 308px\" \/><\/figure><div class=\"wp-block-media-text__content\">\n<p class=\"has-medium-font-size wp-block-paragraph\">Bon, c&rsquo;est un livre de No\u00ebl. En plein milieu du printemps. Mais c&rsquo;est le seul roman que j&rsquo;ai trouv\u00e9 qui contiennent les lettres POISSON.<\/p>\n<\/div><\/div>\n\n\n\n<h4 class=\"wp-block-heading\">Livre \u00e9dit\u00e9 en mars et juin<\/h4>\n\n\n\n<div class=\"wp-block-media-text alignwide is-stacked-on-mobile\" style=\"grid-template-columns:15% auto\"><figure class=\"wp-block-media-text__media\"><img loading=\"lazy\" decoding=\"async\" width=\"180\" height=\"293\" src=\"https:\/\/serialectrice.com\/wp-content\/uploads\/2022\/02\/les-reves-de-nos-meres-1.jpg\" alt=\"\" class=\"wp-image-2875 size-full\" srcset=\"https:\/\/serialectrice.com\/wp-content\/uploads\/2022\/02\/les-reves-de-nos-meres-1.jpg 180w, https:\/\/serialectrice.com\/wp-content\/uploads\/2022\/02\/les-reves-de-nos-meres-1-92x150.jpg 92w\" sizes=\"auto, (max-width: 180px) 100vw, 180px\" \/><\/figure><div class=\"wp-block-media-text__content\">\n<p class=\"has-medium-font-size wp-block-paragraph\">Lui aussi est l&rsquo;unique livre qui me permettra de valider une cat\u00e9gorie du challenge annuel, donc il faut que j&rsquo;arrive \u00e0 le lire avant septembre, et \u00e7a va venir beaucoup plus vite qu&rsquo;on ne le croit.<\/p>\n<\/div><\/div>\n","protected":false},"excerpt":{"rendered":"<p>Le printemps est l\u00e0, et son challenge litt\u00e9raire aussi<\/p>\n","protected":false},"author":1,"featured_media":2929,"comment_status":"open","ping_status":"open","sticky":false,"template":"","format":"standard","meta":{"_crdt_document":"","om_disable_all_campaigns":false,"_uag_custom_page_level_css":"","_monsterinsights_skip_tracking":false,"_monsterinsights_sitenote_active":false,"_monsterinsights_sitenote_note":"","_monsterinsights_sitenote_category":0,"_uf_show_specific_survey":0,"_uf_disable_surveys":false,"_jetpack_memberships_contains_paid_content":false,"footnotes":"","jetpack_publicize_message":"D\u00e9couvrez le nouveau challenge saisonnier propos\u00e9 par le groupe Facebook La t\u00eate dans les livres","jetpack_publicize_feature_enabled":true,"jetpack_social_post_already_shared":true,"jetpack_social_options":{"image_generator_settings":{"template":"highway","default_image_id":0,"font":"","enabled":false},"version":2}},"categories":[4],"tags":[8],"class_list":["post-2920","post","type-post","status-publish","format-standard","has-post-thumbnail","hentry","category-challenge","tag-challenge"],"aioseo_notices":[],"jetpack_publicize_connections":[],"jetpack_featured_media_url":"https:\/\/serialectrice.com\/wp-content\/uploads\/2022\/03\/Sans-titre348.png","uagb_featured_image_src":{"full":["https:\/\/serialectrice.com\/wp-content\/uploads\/2022\/03\/Sans-titre348.png",1716,993,false],"thumbnail":["https:\/\/serialectrice.com\/wp-content\/uploads\/2022\/03\/Sans-titre348-572x331.png",572,331,true],"medium":["https:\/\/serialectrice.com\/wp-content\/uploads\/2022\/03\/Sans-titre348-300x174.png",300,174,true],"medium_large":["https:\/\/serialectrice.com\/wp-content\/uploads\/2022\/03\/Sans-titre348-768x444.png",768,444,true],"large":["https:\/\/serialectrice.com\/wp-content\/uploads\/2022\/03\/Sans-titre348-1024x593.png",840,486,true],"post-slider-thumb-size":["https:\/\/serialectrice.com\/wp-content\/uploads\/2022\/03\/Sans-titre348.png",328,190,false],"post-category-slider-size":["https:\/\/serialectrice.com\/wp-content\/uploads\/2022\/03\/Sans-titre348.png",330,191,false],"1536x1536":["https:\/\/serialectrice.com\/wp-content\/uploads\/2022\/03\/Sans-titre348-1536x889.png",1536,889,true],"2048x2048":["https:\/\/serialectrice.com\/wp-content\/uploads\/2022\/03\/Sans-titre348.png",1716,993,false],"hello-fashion-slider":["https:\/\/serialectrice.com\/wp-content\/uploads\/2022\/03\/Sans-titre348.png",480,278,false],"hello-fashion-blog-three":["https:\/\/serialectrice.com\/wp-content\/uploads\/2022\/03\/Sans-titre348.png",420,243,false],"hello-fashion-blog-four":["https:\/\/serialectrice.com\/wp-content\/uploads\/2022\/03\/Sans-titre348.png",573,332,false],"vilva-slider-one":["https:\/\/serialectrice.com\/wp-content\/uploads\/2022\/03\/Sans-titre348.png",1037,600,false],"vilva-featured-four":["https:\/\/serialectrice.com\/wp-content\/uploads\/2022\/03\/Sans-titre348.png",800,463,false],"vilva-blog":["https:\/\/serialectrice.com\/wp-content\/uploads\/2022\/03\/Sans-titre348.png",420,243,false],"vilva-blog-one":["https:\/\/serialectrice.com\/wp-content\/uploads\/2022\/03\/Sans-titre348.png",864,500,false],"vilva-sidebar":["https:\/\/serialectrice.com\/wp-content\/uploads\/2022\/03\/Sans-titre348.png",817,473,false]},"uagb_author_info":{"display_name":"SeriaLectrice","author_link":"https:\/\/serialectrice.com\/index.php\/author\/cilounegmail-com\/"},"uagb_comment_info":5,"uagb_excerpt":"Le printemps est l\u00e0, et son challenge litt\u00e9raire aussi","jetpack_sharing_enabled":true,"jetpack_likes_enabled":true,"_links":{"self":[{"href":"https:\/\/serialectrice.com\/index.php\/wp-json\/wp\/v2\/posts\/2920","targetHints":{"allow":["GET"]}}],"collection":[{"href":"https:\/\/serialectrice.com\/index.php\/wp-json\/wp\/v2\/posts"}],"about":[{"href":"https:\/\/serialectrice.com\/index.php\/wp-json\/wp\/v2\/types\/post"}],"author":[{"embeddable":true,"href":"https:\/\/serialectrice.com\/index.php\/wp-json\/wp\/v2\/users\/1"}],"replies":[{"embeddable":true,"href":"https:\/\/serialectrice.com\/index.php\/wp-json\/wp\/v2\/comments?post=2920"}],"version-history":[{"count":0,"href":"https:\/\/serialectrice.com\/index.php\/wp-json\/wp\/v2\/posts\/2920\/revisions"}],"wp:featuredmedia":[{"embeddable":true,"href":"https:\/\/serialectrice.com\/index.php\/wp-json\/wp\/v2\/media\/2929"}],"wp:attachment":[{"href":"https:\/\/serialectrice.com\/index.php\/wp-json\/wp\/v2\/media?parent=2920"}],"wp:term":[{"taxonomy":"category","embeddable":true,"href":"https:\/\/serialectrice.com\/index.php\/wp-json\/wp\/v2\/categories?post=2920"},{"taxonomy":"post_tag","embeddable":true,"href":"https:\/\/serialectrice.com\/index.php\/wp-json\/wp\/v2\/tags?post=2920"}],"curies":[{"name":"wp","href":"https:\/\/api.w.org\/{rel}","templated":true}]}}