{"id":285,"date":"2020-08-09T06:31:00","date_gmt":"2020-08-09T06:31:00","guid":{"rendered":"http:\/\/serialectrice.com\/?p=285"},"modified":"2020-08-16T20:32:40","modified_gmt":"2020-08-16T20:32:40","slug":"bilan-de-lecture-_-juillet-2020","status":"publish","type":"post","link":"https:\/\/serialectrice.com\/index.php\/2020\/08\/09\/bilan-de-lecture-_-juillet-2020\/","title":{"rendered":"Bilan de lecture _ Juillet 2020"},"content":{"rendered":"\n<div class=\"wp-block-image\"><figure class=\"aligncenter size-large is-resized\"><img loading=\"lazy\" decoding=\"async\" src=\"https:\/\/serialectrice.com\/wp-content\/uploads\/2020\/08\/117118109_2521829184739164_8113442363231162859_n.jpg\" alt=\"\" class=\"wp-image-366\" width=\"583\" height=\"437\" srcset=\"https:\/\/serialectrice.com\/wp-content\/uploads\/2020\/08\/117118109_2521829184739164_8113442363231162859_n.jpg 480w, https:\/\/serialectrice.com\/wp-content\/uploads\/2020\/08\/117118109_2521829184739164_8113442363231162859_n-300x225.jpg 300w, https:\/\/serialectrice.com\/wp-content\/uploads\/2020\/08\/117118109_2521829184739164_8113442363231162859_n-86x64.jpg 86w\" sizes=\"auto, (max-width: 583px) 100vw, 583px\" \/><\/figure><\/div>\n\n\n\n<p class=\"wp-block-paragraph\">Le mois de juillet qui vient de passer a \u00e9t\u00e9 riche en lecture. J&rsquo;ai lu pas moins de 15 livres ce mois-ci. En voici un rapide r\u00e9sum\u00e9.<\/p>\n\n\n\n<hr><h2>Les Service-Presse<\/h2>\n\n\n\n<p class=\"wp-block-paragraph\">Les Service-Presse (SP) ce sont ces livres qui vous sont offerts par les \u00e9diteurs pour \u00e9crire une critique. J&rsquo;ai lu 12 SP le mois dernier. J&rsquo;essaie en g\u00e9n\u00e9ral d&rsquo;alterner une lecture personnelles et un service-presse mais ma s\u00e9lection en tant que jury aux nouvelles voies du polar a un peu chang\u00e9 la donne et j&rsquo;ai d\u00fb lire 4 livres de plus.<\/p>\n\n\n\n<br><h3 class=\"wp-block-heading\">Nouvelles voies du polar<\/h3>\n\n\n\n<div class=\"wp-block-media-text alignwide is-stacked-on-mobile\"><figure class=\"wp-block-media-text__media\"><img loading=\"lazy\" decoding=\"async\" width=\"340\" height=\"397\" src=\"https:\/\/serialectrice.com\/wp-content\/uploads\/2020\/08\/SP-polar.png\" alt=\"\" class=\"wp-image-343\" srcset=\"https:\/\/serialectrice.com\/wp-content\/uploads\/2020\/08\/SP-polar.png 340w, https:\/\/serialectrice.com\/wp-content\/uploads\/2020\/08\/SP-polar-128x150.png 128w, https:\/\/serialectrice.com\/wp-content\/uploads\/2020\/08\/SP-polar-257x300.png 257w\" sizes=\"auto, (max-width: 340px) 100vw, 340px\" \/><\/figure><div class=\"wp-block-media-text__content\">\n<p class=\"wp-block-paragraph\">Parmi ces 4 livres, seuls les deux auteurs fran\u00e7ais ont su se d\u00e9marquer lors de mes lectures. Ma pr\u00e9f\u00e9rence s&rsquo;est port\u00e9e sur Bleu Calypso. M\u00eame si j&rsquo;ai d\u00e9vor\u00e9 L&#8217;empathie, celui-ci surfe sur la vague des thrillers psychologiques et j&rsquo;ai voulu privil\u00e9gier les romans policiers o\u00f9 on se focalise sur l&rsquo;enqu\u00eate.<\/p>\n\n\n\n<p class=\"wp-block-paragraph\">1793 est un livre que je n&rsquo;ai pas du tout appr\u00e9ci\u00e9. Tout d&rsquo;abord \u00e0 cause de son contexte historique mais surtout \u00e0 cause de son c\u00f4t\u00e9 noir et morbide.<\/p>\n\n\n\n<p class=\"wp-block-paragraph\">Sur le toit de l&rsquo;enfer \u00e9tait sympathique mais pas au point de l&rsquo;avoir d\u00e9vor\u00e9 et j&rsquo;ai eu beaucoup de mal \u00e0 m&rsquo;attacher aux diff\u00e9rents personnages.<\/p>\n\n\n\n<p class=\"wp-block-paragraph\">Vous pouvez retrouver les diff\u00e9rents avis par <a href=\"https:\/\/serialectrice.com\/index.php\/2020\/08\/03\/nouvelles-voies-du-polar-2020\/\">ici<\/a>.<\/p>\n<\/div><\/div>\n\n\n\n<br><h3>NetGalley<\/h3>\n\n\n\n<p class=\"wp-block-paragraph\">NetGalley est une plateforme qui met en lien les lecteurs et les \u00e9diteurs. Les Service-Presse propos\u00e9 sont sous le format ebook (soit pdf, soit kindle soit kobo). Il n&rsquo;y a pas vraiment de d\u00e9lai, mais les \u00e9diteurs ont acc\u00e8s \u00e0 vos critiques et certains demandent \u00e9galement de publier les avis sur diff\u00e9rentes plateformes telles que Babelio.<\/p>\n\n\n\n<div class=\"wp-block-media-text alignwide is-stacked-on-mobile\"><figure class=\"wp-block-media-text__media\"><img loading=\"lazy\" decoding=\"async\" width=\"331\" height=\"297\" src=\"https:\/\/serialectrice.com\/wp-content\/uploads\/2020\/08\/spnetgalley1.png\" alt=\"\" class=\"wp-image-348\" srcset=\"https:\/\/serialectrice.com\/wp-content\/uploads\/2020\/08\/spnetgalley1.png 331w, https:\/\/serialectrice.com\/wp-content\/uploads\/2020\/08\/spnetgalley1-150x135.png 150w, https:\/\/serialectrice.com\/wp-content\/uploads\/2020\/08\/spnetgalley1-300x269.png 300w\" sizes=\"auto, (max-width: 331px) 100vw, 331px\" \/><\/figure><div class=\"wp-block-media-text__content\">\n<p class=\"wp-block-paragraph\">Parmi toutes ces lectures, il y a un livre que j&rsquo;ai abandonn\u00e9. Il s&rsquo;agit du Corps de Sankara. Alors que l&rsquo;histoire m&rsquo;avait intrigu\u00e9e, je n&rsquo;ai absolument pas r\u00e9ussi \u00e0 entrer dans l&rsquo;histoire. <\/p>\n\n\n\n<p class=\"wp-block-paragraph\"><\/p>\n\n\n\n<p class=\"wp-block-paragraph\">Gray a \u00e9t\u00e9 ma grande d\u00e9ception. La pr\u00e9sence du perroquet m&rsquo;a agac\u00e9e du d\u00e9but \u00e0 la fin. Vous pouvez retrouver mon avis <a href=\"https:\/\/serialectrice.com\/index.php\/2020\/07\/11\/gray-_-leonie-swann\/\">ici<\/a>.<\/p>\n\n\n\n<p class=\"wp-block-paragraph\"><a href=\"https:\/\/serialectrice.com\/index.php\/2020\/07\/01\/charlie-va-bien-ne-tinquiete-pas-_-christophe-schriber\/\">Charlie va bien, ne t&rsquo;inqui\u00e8te pas<\/a> est un livre auto-\u00e9dit\u00e9 qui m&rsquo;a beaucoup plu. L&rsquo;auteur a un vrai talent d&rsquo;\u00e9crivain et j&rsquo;ai eu du mal \u00e0 refermer son livre.<\/p>\n\n\n\n<p class=\"wp-block-paragraph\"><\/p>\n<\/div><\/div>\n\n\n\n<div class=\"wp-block-media-text alignwide is-stacked-on-mobile\"><figure class=\"wp-block-media-text__media\"><img loading=\"lazy\" decoding=\"async\" width=\"333\" height=\"98\" src=\"https:\/\/serialectrice.com\/wp-content\/uploads\/2020\/08\/netgalley-polar.png\" alt=\"\" class=\"wp-image-351\" srcset=\"https:\/\/serialectrice.com\/wp-content\/uploads\/2020\/08\/netgalley-polar.png 333w, https:\/\/serialectrice.com\/wp-content\/uploads\/2020\/08\/netgalley-polar-150x44.png 150w, https:\/\/serialectrice.com\/wp-content\/uploads\/2020\/08\/netgalley-polar-300x88.png 300w\" sizes=\"auto, (max-width: 333px) 100vw, 333px\" \/><\/figure><div class=\"wp-block-media-text__content\">\n<p class=\"wp-block-paragraph\"><a href=\"https:\/\/serialectrice.com\/index.php\/2020\/07\/11\/riviere-maudite\/\">Rivi\u00e8re maudite<\/a> quant \u00e0 lui est un de mes coups de coeur ! Une enqu\u00eate bien ficel\u00e9e o\u00f9 l&rsquo;on retrouve meurtres et complots.<\/p>\n<\/div><\/div>\n\n\n\n<div class=\"wp-block-media-text alignwide is-stacked-on-mobile\"><figure class=\"wp-block-media-text__media\"><img loading=\"lazy\" decoding=\"async\" width=\"334\" height=\"296\" src=\"https:\/\/serialectrice.com\/wp-content\/uploads\/2020\/08\/netgalley-feel.png\" alt=\"\" class=\"wp-image-354\" srcset=\"https:\/\/serialectrice.com\/wp-content\/uploads\/2020\/08\/netgalley-feel.png 334w, https:\/\/serialectrice.com\/wp-content\/uploads\/2020\/08\/netgalley-feel-150x133.png 150w, https:\/\/serialectrice.com\/wp-content\/uploads\/2020\/08\/netgalley-feel-300x266.png 300w\" sizes=\"auto, (max-width: 334px) 100vw, 334px\" \/><\/figure><div class=\"wp-block-media-text__content\">\n<p class=\"wp-block-paragraph\">Sous le soleil de Key West et L&rsquo;\u00e9t\u00e9 des fleurs sauvages sont des romans \u00e0 l&rsquo;eau de rose. Comme la majorit\u00e9 de ces romans, on conna\u00eet la fin d\u00e8s le d\u00e9but. Ce n&rsquo;est pas du tout le genre de lecture que je pr\u00e9f\u00e8re.<\/p>\n\n\n\n<p class=\"wp-block-paragraph\"><a href=\"https:\/\/serialectrice.com\/index.php\/2020\/07\/20\/lete-des-fleurs-sauvages-_-kathryn-taylor\/\">L&rsquo;\u00e9t\u00e9 des fleurs sauvages<\/a> est tout de m\u00eame plus abouti que le deuxi\u00e8me, avec une histoire plus profonde et plus int\u00e9ressante.<\/p>\n\n\n\n<p class=\"wp-block-paragraph\">Si tu pouvais juste me sourire est un livre qui semble a priori comme les deux autres, mais ce dernier a su me surprendre. Alors que je pensais conna\u00eetre la fin, celle-ci a \u00e9t\u00e9 bien diff\u00e9rente. <\/p>\n<\/div><\/div>\n\n\n\n<br><h3 class=\"wp-block-heading\">Version Femina<\/h3>\n\n\n\n<p class=\"wp-block-paragraph\">Version Femina propose tous les mois de participer \u00e0 l&rsquo;\u00e9lection du livre du mois. Trois livres sont envoy\u00e9s aux lecteurs qui se sont inscrits (par tirage au sort). Peu de personnes doivent y participer car c&rsquo;est la troisi\u00e8me fois cette ann\u00e9e que je re\u00e7ois un livre de leur part. <a href=\"https:\/\/www.femina.fr\/article\/faire-partie-du-jury-du-coup-de-coeur-des-lectrices\">C&rsquo;est ici pour s&rsquo;inscrire.<\/a><\/p>\n\n\n\n<div class=\"wp-block-media-text alignwide is-stacked-on-mobile\"><figure class=\"wp-block-media-text__media\"><img loading=\"lazy\" decoding=\"async\" width=\"341\" height=\"107\" src=\"https:\/\/serialectrice.com\/wp-content\/uploads\/2020\/08\/sp-version-femina.png\" alt=\"\" class=\"wp-image-356\" srcset=\"https:\/\/serialectrice.com\/wp-content\/uploads\/2020\/08\/sp-version-femina.png 341w, https:\/\/serialectrice.com\/wp-content\/uploads\/2020\/08\/sp-version-femina-150x47.png 150w, https:\/\/serialectrice.com\/wp-content\/uploads\/2020\/08\/sp-version-femina-300x94.png 300w\" sizes=\"auto, (max-width: 341px) 100vw, 341px\" \/><\/figure><div class=\"wp-block-media-text__content\">\n<p class=\"wp-block-paragraph\">C&rsquo;est le livre <a href=\"https:\/\/serialectrice.com\/index.php\/2020\/07\/11\/amoureuses-_-frederic-baptiste\/\">Amoureuses<\/a>, premier roman de Fr\u00e9d\u00e9ric Baptiste que j&rsquo;ai re\u00e7u le mois dernier. Un livre plein de tendresse qui se d\u00e9roule pendant la deuxi\u00e8me guerre mondiale.<\/p>\n<\/div><\/div>\n\n\n\n<br><h2 class=\"wp-block-heading\">Mes lectures personnelles<\/h2>\n\n\n\n<p class=\"wp-block-paragraph\">Forc\u00e9ment, avec tous ces Service-Presse, je n&rsquo;ai pas eu l&rsquo;occasion de lire beaucoup de livres de ma biblioth\u00e8que.<\/p>\n\n\n\n<div class=\"wp-block-media-text alignwide is-stacked-on-mobile\"><figure class=\"wp-block-media-text__media\"><img loading=\"lazy\" decoding=\"async\" width=\"338\" height=\"316\" src=\"https:\/\/serialectrice.com\/wp-content\/uploads\/2020\/08\/lectureperso-juillet.png\" alt=\"\" class=\"wp-image-358\" srcset=\"https:\/\/serialectrice.com\/wp-content\/uploads\/2020\/08\/lectureperso-juillet.png 338w, https:\/\/serialectrice.com\/wp-content\/uploads\/2020\/08\/lectureperso-juillet-150x140.png 150w, https:\/\/serialectrice.com\/wp-content\/uploads\/2020\/08\/lectureperso-juillet-300x280.png 300w\" sizes=\"auto, (max-width: 338px) 100vw, 338px\" \/><\/figure><div class=\"wp-block-media-text__content\">\n<p class=\"wp-block-paragraph\"><a href=\"https:\/\/serialectrice.com\/index.php\/2020\/07\/30\/comment-jai-plaque-mon-boss-_-june-kanata\/\">Comment j&rsquo;ai plaqu\u00e9 mon boss<\/a> est un livre que j&rsquo;ai re\u00e7u dans mon abonnement <a href=\"https:\/\/boobox.subbly.co?r=248355&amp;s=7998\">Boobox<\/a>. Contrairement aux apparences, il ne s&rsquo;agit pas d&rsquo;une romance, mais plut\u00f4t d&rsquo;un livre de d\u00e9veloppement personnel sous forme de roman.<\/p>\n\n\n\n<p class=\"wp-block-paragraph\"><a href=\"https:\/\/serialectrice.com\/index.php\/2020\/07\/24\/pandemia-_-franck-thilliez\/\">Pandemia<\/a> est mon deuxi\u00e8me roman coup de coeur du mois de Juillet. Difficile d&rsquo;\u00eatre d\u00e9\u00e7ue avec Franck Thilliez.<\/p>\n\n\n\n<p class=\"wp-block-paragraph\">Enfin, j&rsquo;ai r\u00e9alis\u00e9 en cours de lecture que j&rsquo;avais d\u00e9j\u00e0 lu La double mort de Linda. Je l&rsquo;ai donc survol\u00e9 car je n&rsquo;aime pas relire les livres d\u00e9j\u00e0 lus.<\/p>\n<\/div><\/div>\n\n\n\n<p class=\"wp-block-paragraph\"><br><p><em>Et vous, quel est votre bilan lecture du mois de juillet ? Des lectures \u00e0 conseiller ?<\/em><\/p><\/p>\n","protected":false},"excerpt":{"rendered":"<p>Le mois de juillet qui vient de passer a \u00e9t\u00e9 riche en lecture. J&rsquo;ai lu pas moins de 15 livres ce mois-ci. En voici un rapide r\u00e9sum\u00e9. Les Service-Presse Les Service-Presse (SP) ce sont ces livres qui vous sont offerts par les \u00e9diteurs pour \u00e9crire une critique. J&rsquo;ai lu 12 SP le mois dernier. J&rsquo;essaie en g\u00e9n\u00e9ral d&rsquo;alterner une lecture personnelles et un service-presse mais ma s\u00e9lection en tant que jury aux nouvelles voies du polar a un peu chang\u00e9 la donne et j&rsquo;ai d\u00fb lire 4 livres de plus. Nouvelles voies du polar Parmi ces 4 livres, seuls les &hellip; <\/p>\n","protected":false},"author":1,"featured_media":366,"comment_status":"open","ping_status":"open","sticky":false,"template":"","format":"standard","meta":{"_crdt_document":"","om_disable_all_campaigns":false,"_uag_custom_page_level_css":"","_monsterinsights_skip_tracking":false,"_monsterinsights_sitenote_active":false,"_monsterinsights_sitenote_note":"","_monsterinsights_sitenote_category":0,"_uf_show_specific_survey":0,"_uf_disable_surveys":false,"_jetpack_memberships_contains_paid_content":false,"footnotes":"","jetpack_publicize_message":"Bilan de lecture _ Juillet 2020\n\n#bookstagram #lecture #bilanlecture","jetpack_publicize_feature_enabled":true,"jetpack_social_post_already_shared":true,"jetpack_social_options":{"image_generator_settings":{"template":"highway","default_image_id":0,"font":"","enabled":false},"version":2}},"categories":[6],"tags":[37],"class_list":["post-285","post","type-post","status-publish","format-standard","has-post-thumbnail","hentry","category-livres-lus","tag-bilan"],"aioseo_notices":[],"jetpack_publicize_connections":[],"jetpack_featured_media_url":"https:\/\/serialectrice.com\/wp-content\/uploads\/2020\/08\/117118109_2521829184739164_8113442363231162859_n.jpg","uagb_featured_image_src":{"full":["https:\/\/serialectrice.com\/wp-content\/uploads\/2020\/08\/117118109_2521829184739164_8113442363231162859_n.jpg",480,360,false],"thumbnail":["https:\/\/serialectrice.com\/wp-content\/uploads\/2020\/08\/117118109_2521829184739164_8113442363231162859_n-480x331.jpg",480,331,true],"medium":["https:\/\/serialectrice.com\/wp-content\/uploads\/2020\/08\/117118109_2521829184739164_8113442363231162859_n-300x225.jpg",300,225,true],"medium_large":["https:\/\/serialectrice.com\/wp-content\/uploads\/2020\/08\/117118109_2521829184739164_8113442363231162859_n.jpg",480,360,false],"large":["https:\/\/serialectrice.com\/wp-content\/uploads\/2020\/08\/117118109_2521829184739164_8113442363231162859_n.jpg",480,360,false],"post-slider-thumb-size":["https:\/\/serialectrice.com\/wp-content\/uploads\/2020\/08\/117118109_2521829184739164_8113442363231162859_n.jpg",253,190,false],"post-category-slider-size":["https:\/\/serialectrice.com\/wp-content\/uploads\/2020\/08\/117118109_2521829184739164_8113442363231162859_n.jpg",330,248,false],"1536x1536":["https:\/\/serialectrice.com\/wp-content\/uploads\/2020\/08\/117118109_2521829184739164_8113442363231162859_n.jpg",480,360,false],"2048x2048":["https:\/\/serialectrice.com\/wp-content\/uploads\/2020\/08\/117118109_2521829184739164_8113442363231162859_n.jpg",480,360,false],"hello-fashion-slider":["https:\/\/serialectrice.com\/wp-content\/uploads\/2020\/08\/117118109_2521829184739164_8113442363231162859_n.jpg",480,360,false],"hello-fashion-blog-three":["https:\/\/serialectrice.com\/wp-content\/uploads\/2020\/08\/117118109_2521829184739164_8113442363231162859_n.jpg",420,315,false],"hello-fashion-blog-four":["https:\/\/serialectrice.com\/wp-content\/uploads\/2020\/08\/117118109_2521829184739164_8113442363231162859_n.jpg",480,360,false],"vilva-slider-one":["https:\/\/serialectrice.com\/wp-content\/uploads\/2020\/08\/117118109_2521829184739164_8113442363231162859_n.jpg",480,360,false],"vilva-featured-four":["https:\/\/serialectrice.com\/wp-content\/uploads\/2020\/08\/117118109_2521829184739164_8113442363231162859_n.jpg",480,360,false],"vilva-blog":["https:\/\/serialectrice.com\/wp-content\/uploads\/2020\/08\/117118109_2521829184739164_8113442363231162859_n.jpg",373,280,false],"vilva-blog-one":["https:\/\/serialectrice.com\/wp-content\/uploads\/2020\/08\/117118109_2521829184739164_8113442363231162859_n.jpg",480,360,false],"vilva-sidebar":["https:\/\/serialectrice.com\/wp-content\/uploads\/2020\/08\/117118109_2521829184739164_8113442363231162859_n.jpg",480,360,false]},"uagb_author_info":{"display_name":"SeriaLectrice","author_link":"https:\/\/serialectrice.com\/index.php\/author\/cilounegmail-com\/"},"uagb_comment_info":0,"uagb_excerpt":"Le mois de juillet qui vient de passer a \u00e9t\u00e9 riche en lecture. J&rsquo;ai lu pas moins de 15 livres ce mois-ci. En voici un rapide r\u00e9sum\u00e9. Les Service-Presse Les Service-Presse (SP) ce sont ces livres qui vous sont offerts par les \u00e9diteurs pour \u00e9crire une critique. J&rsquo;ai lu 12 SP le mois dernier. J&rsquo;essaie\u2026","jetpack_sharing_enabled":true,"jetpack_likes_enabled":true,"_links":{"self":[{"href":"https:\/\/serialectrice.com\/index.php\/wp-json\/wp\/v2\/posts\/285","targetHints":{"allow":["GET"]}}],"collection":[{"href":"https:\/\/serialectrice.com\/index.php\/wp-json\/wp\/v2\/posts"}],"about":[{"href":"https:\/\/serialectrice.com\/index.php\/wp-json\/wp\/v2\/types\/post"}],"author":[{"embeddable":true,"href":"https:\/\/serialectrice.com\/index.php\/wp-json\/wp\/v2\/users\/1"}],"replies":[{"embeddable":true,"href":"https:\/\/serialectrice.com\/index.php\/wp-json\/wp\/v2\/comments?post=285"}],"version-history":[{"count":0,"href":"https:\/\/serialectrice.com\/index.php\/wp-json\/wp\/v2\/posts\/285\/revisions"}],"wp:featuredmedia":[{"embeddable":true,"href":"https:\/\/serialectrice.com\/index.php\/wp-json\/wp\/v2\/media\/366"}],"wp:attachment":[{"href":"https:\/\/serialectrice.com\/index.php\/wp-json\/wp\/v2\/media?parent=285"}],"wp:term":[{"taxonomy":"category","embeddable":true,"href":"https:\/\/serialectrice.com\/index.php\/wp-json\/wp\/v2\/categories?post=285"},{"taxonomy":"post_tag","embeddable":true,"href":"https:\/\/serialectrice.com\/index.php\/wp-json\/wp\/v2\/tags?post=285"}],"curies":[{"name":"wp","href":"https:\/\/api.w.org\/{rel}","templated":true}]}}