{"id":277,"date":"2020-09-12T22:35:00","date_gmt":"2020-09-12T20:35:00","guid":{"rendered":"http:\/\/serialectrice.com\/?p=277"},"modified":"2020-09-12T21:31:29","modified_gmt":"2020-09-12T19:31:29","slug":"nouvelles-voies-du-polar-2020","status":"publish","type":"post","link":"https:\/\/serialectrice.com\/index.php\/2020\/09\/12\/nouvelles-voies-du-polar-2020\/","title":{"rendered":"Nouvelles  voies du polar 2020"},"content":{"rendered":"\n<figure class=\"wp-block-image size-large\"><img loading=\"lazy\" decoding=\"async\" width=\"586\" height=\"223\" src=\"https:\/\/serialectrice.com\/wp-content\/uploads\/2020\/07\/nouvelles-voies.png\" alt=\"nouvelles voies du polar\" class=\"wp-image-283\" srcset=\"https:\/\/serialectrice.com\/wp-content\/uploads\/2020\/07\/nouvelles-voies.png 586w, https:\/\/serialectrice.com\/wp-content\/uploads\/2020\/07\/nouvelles-voies-300x114.png 300w\" sizes=\"auto, (max-width: 586px) 100vw, 586px\" \/><\/figure>\n\n\n\n<p class=\"wp-block-paragraph\">D\u00e9but juillet, c&rsquo;est avec surprise que j&rsquo;ai d\u00e9couvert que j&rsquo;avais \u00e9t\u00e9 s\u00e9lectionn\u00e9e pour participer au <a href=\"https:\/\/nouvelles-voix-du-polar-pocket.lisez.com\/\">jury<\/a> des nouvelles voies du polar, propos\u00e9 par les \u00e9ditions <a href=\"https:\/\/www.lisez.com\/pocket\/15\">pocket.<\/a><\/p>\n\n\n\n<p class=\"wp-block-paragraph\">Quelques jours plus tard je recevais mes 4 livres, \u00e0 lire avant le 31 juillet. Alors j&rsquo;avais d\u00e9j\u00e0 quelques imp\u00e9ratifs niveau service presse pour le mois de juillet, c&rsquo;est donc avec quelques difficult\u00e9s que j&rsquo;ai r\u00e9ussi \u00e0 relever le d\u00e9fi. J&rsquo;ai termin\u00e9 le dernier livre 2 jours avant la date butoir. Ouf ! Je devais donc ensuite voter pour mon livre fran\u00e7ais et mon livre \u00e9tranger pr\u00e9f\u00e9r\u00e9s.<\/p>\n\n\n\n<h2 class=\"wp-block-heading\">Les finalistes<\/h2>\n\n\n\n<div class=\"wp-block-image\"><figure class=\"aligncenter size-large is-resized\"><img loading=\"lazy\" decoding=\"async\" src=\"https:\/\/serialectrice.com\/wp-content\/uploads\/2020\/07\/nouvelles-voies-fr.png\" alt=\"nouvelles voies du polar\" class=\"wp-image-280\" width=\"524\" height=\"462\" srcset=\"https:\/\/serialectrice.com\/wp-content\/uploads\/2020\/07\/nouvelles-voies-fr.png 664w, https:\/\/serialectrice.com\/wp-content\/uploads\/2020\/07\/nouvelles-voies-fr-150x132.png 150w, https:\/\/serialectrice.com\/wp-content\/uploads\/2020\/07\/nouvelles-voies-fr-300x264.png 300w\" sizes=\"auto, (max-width: 524px) 100vw, 524px\" \/><\/figure><\/div>\n\n\n\n<p class=\"wp-block-paragraph\">C\u00f4t\u00e9 finalistes Fran\u00e7ais, le choix a \u00e9t\u00e9 compliqu\u00e9 car j&rsquo;ai appr\u00e9ci\u00e9 ces deux lectures. <a href=\"https:\/\/serialectrice.com\/index.php\/2020\/07\/26\/bleu-calypso-_-charles-aubert\/\">Bleu Calypso <\/a>est une <strong>enqu\u00eate plut\u00f4t traditionnelle<\/strong> mais bien ficel\u00e9e tandis qu&rsquo;avec <a href=\"https:\/\/serialectrice.com\/index.php\/2020\/07\/28\/lempathie-_-antoine-renand\/\">L&#8217;empathie<\/a> nous sommes plus sur un <strong>thriller palpitant mais avec son lot d&rsquo;horreur. <\/strong><\/p>\n\n\n\n<p class=\"wp-block-paragraph\">Comme les thrillers noirs et sordides ont le vent en poupe, j&rsquo;ai finalement choisi de <strong>privil\u00e9gier le roman de Charles Aubert.<\/strong><\/p>\n\n\n\n<div class=\"wp-block-image\"><figure class=\"aligncenter size-large is-resized\"><img loading=\"lazy\" decoding=\"async\" src=\"https:\/\/serialectrice.com\/wp-content\/uploads\/2020\/07\/nouvelles-voies-etr.png\" alt=\"nouvelles voies du polar\" class=\"wp-image-278\" width=\"560\" height=\"434\" srcset=\"https:\/\/serialectrice.com\/wp-content\/uploads\/2020\/07\/nouvelles-voies-etr.png 691w, https:\/\/serialectrice.com\/wp-content\/uploads\/2020\/07\/nouvelles-voies-etr-150x116.png 150w, https:\/\/serialectrice.com\/wp-content\/uploads\/2020\/07\/nouvelles-voies-etr-300x233.png 300w\" sizes=\"auto, (max-width: 560px) 100vw, 560px\" \/><\/figure><\/div>\n\n\n\n<p class=\"wp-block-paragraph\">En ce qui concerne les auteurs \u00e9trangers, <strong>mon choix a \u00e9t\u00e9 beaucoup plus simple<\/strong>. J&rsquo;ai tout simplement d\u00e9test\u00e9 <a href=\"https:\/\/serialectrice.com\/index.php\/2020\/07\/20\/1793_-niklas-natt-och-dag\/\">1793<\/a>, beaucoup trop noir, trop glauque, trop sanglant. <\/p>\n\n\n\n<p class=\"wp-block-paragraph\">Alors m\u00eame si <a href=\"https:\/\/serialectrice.com\/?p=273\">Sur le toit de l&rsquo;enfer<\/a> ne m&rsquo;a pas convaincue plus que \u00e7a, il n&rsquo;en reste pas moins que <strong>je l&rsquo;ai largement pr\u00e9f\u00e9r\u00e9<\/strong> ! <\/p>\n\n\n\n<p class=\"wp-block-paragraph\">Le 8 septembre aura lieu la remise du Prix des nouvelles voies du polar. J&rsquo;ai re\u00e7u une invitation pour y participer, mais malheureusement je ne pourrai y \u00eatre pr\u00e9sente. Je profiterai de cette occasion pour mettre \u00e0 jour cet article en annon\u00e7ant les gagnants.<\/p>\n\n\n\n<h2 class=\"wp-block-heading\">R\u00e9sultats et remise des prix des nouvelles voies du polar 2020<\/h2>\n\n\n\n<p class=\"wp-block-paragraph\">Le 8 septembre ont eu lieu les remises des prix des nouvelles voies du polar. Charles Aubert ainsi quAntoine Renand y \u00e9taient.<\/p>\n\n\n\n<figure class=\"wp-block-embed-instagram wp-block-embed is-type-rich is-provider-instagram\"><div class=\"wp-block-embed__wrapper\">\nhttps:\/\/www.instagram.com\/p\/CE4mEoMi-Tq\/?utm_source=ig_web_copy_link\n<\/div><\/figure>\n\n\n\n<figure class=\"wp-block-embed-instagram wp-block-embed is-type-rich is-provider-instagram\"><div class=\"wp-block-embed__wrapper\">\nhttps:\/\/www.instagram.com\/p\/CE7RfaoHlie\/\n<\/div><\/figure>\n\n\n\n<p class=\"wp-block-paragraph\">C&rsquo;est donc un peu d\u00e9\u00e7ue que j&rsquo;ai appris que <strong>l&#8217;empathie avait gagn\u00e9 le prix<\/strong> du meilleur polar fran\u00e7ais. <strong>M\u00eame s&rsquo;il le m\u00e9rite amplement, j&rsquo;aurais pr\u00e9f\u00e9r\u00e9 que Charles Aubert remporte ce prix. <\/strong>Il a su se d\u00e9marquer en sortant des sentiers battus des polars \u00e0 la mode. J&rsquo;aime beaucoup les thrillers angoissants dont fait partie L&#8217;empathie, mais je trouve le style un peu trop r\u00e9p\u00e9titif. <\/p>\n\n\n\n<p class=\"wp-block-paragraph\">J&rsquo;ignore combien de personnes ont vot\u00e9 pour l&rsquo;un ou pour l&rsquo;autre, mais j&rsquo;imagine que<strong> les scores ont d\u00fb \u00eatre serr\u00e9s.<\/strong><\/p>\n\n\n\n<p class=\"wp-block-paragraph\">C\u00f4t\u00e9 polar \u00e9tranger, c&rsquo;est sans surprise que <strong>Sur le toit de l&rsquo;enfer<\/strong> remporte le prix. Je pense sinc\u00e8rement que 1793 n&rsquo;est vraiment pas pour n&rsquo;importe quel type de lecteur. <\/p>\n\n\n\n<figure class=\"wp-block-embed-instagram wp-block-embed is-type-rich is-provider-instagram\"><div class=\"wp-block-embed__wrapper\">\nhttps:\/\/www.instagram.com\/p\/CE7LCcqC5j2\/\n<\/div><\/figure>\n","protected":false},"excerpt":{"rendered":"<p>D\u00e9but juillet, c&rsquo;est avec surprise que j&rsquo;ai d\u00e9couvert que j&rsquo;avais \u00e9t\u00e9 selectionn\u00e9e pour participer au jury des nouvelles voies du polar, propos\u00e9 par les \u00e9ditions pocket.<\/p>\n<p>Quelques jours plus tard je recevais mes 4 livres, \u00e0 lire avant le 31 juillet. Alors j&rsquo;avais d\u00e9j\u00e0 quelques imp\u00e9ratifs niveau service presse pour le mois de juillet, c&rsquo;est donc avec quelques difficult\u00e9s que j&rsquo;ai r\u00e9ussi \u00e0 relever le d\u00e9fi. J&rsquo;ai termin\u00e9 le dernier livre 2 jours avant la date butoir. Ouf ! Je devais donc ensuite voter pour mon livre fran\u00e7ais et mon livre \u00e9tranger pr\u00e9f\u00e9r\u00e9s.<\/p>\n","protected":false},"author":1,"featured_media":283,"comment_status":"open","ping_status":"closed","sticky":false,"template":"","format":"standard","meta":{"_crdt_document":"","om_disable_all_campaigns":false,"_uag_custom_page_level_css":"","_monsterinsights_skip_tracking":false,"_monsterinsights_sitenote_active":false,"_monsterinsights_sitenote_note":"","_monsterinsights_sitenote_category":0,"_uf_show_specific_survey":0,"_uf_disable_surveys":false,"_jetpack_memberships_contains_paid_content":false,"footnotes":"","jetpack_publicize_message":"Nouvelles  voies du polar 2020\n\nPour quels livres ai-je vot\u00e9 ? Vous saurez tout dans ce nouvel article ! \n\n#nouvellesvoiesdupolar #pocket_editions #pocket #editionspocket","jetpack_publicize_feature_enabled":true,"jetpack_social_post_already_shared":true,"jetpack_social_options":{"image_generator_settings":{"template":"highway","default_image_id":0,"font":"","enabled":false},"version":2}},"categories":[35],"tags":[34,9],"class_list":["post-277","post","type-post","status-publish","format-standard","has-post-thumbnail","hentry","category-jury","tag-jury","tag-service-presse"],"aioseo_notices":[],"jetpack_publicize_connections":[],"jetpack_featured_media_url":"https:\/\/serialectrice.com\/wp-content\/uploads\/2020\/07\/nouvelles-voies.png","uagb_featured_image_src":{"full":["https:\/\/serialectrice.com\/wp-content\/uploads\/2020\/07\/nouvelles-voies.png",586,223,false],"thumbnail":["https:\/\/serialectrice.com\/wp-content\/uploads\/2020\/07\/nouvelles-voies-572x223.png",572,223,true],"medium":["https:\/\/serialectrice.com\/wp-content\/uploads\/2020\/07\/nouvelles-voies-300x114.png",300,114,true],"medium_large":["https:\/\/serialectrice.com\/wp-content\/uploads\/2020\/07\/nouvelles-voies.png",586,223,false],"large":["https:\/\/serialectrice.com\/wp-content\/uploads\/2020\/07\/nouvelles-voies.png",586,223,false],"post-slider-thumb-size":["https:\/\/serialectrice.com\/wp-content\/uploads\/2020\/07\/nouvelles-voies.png",330,126,false],"post-category-slider-size":["https:\/\/serialectrice.com\/wp-content\/uploads\/2020\/07\/nouvelles-voies.png",330,126,false],"1536x1536":["https:\/\/serialectrice.com\/wp-content\/uploads\/2020\/07\/nouvelles-voies.png",586,223,false],"2048x2048":["https:\/\/serialectrice.com\/wp-content\/uploads\/2020\/07\/nouvelles-voies.png",586,223,false],"hello-fashion-slider":["https:\/\/serialectrice.com\/wp-content\/uploads\/2020\/07\/nouvelles-voies.png",480,183,false],"hello-fashion-blog-three":["https:\/\/serialectrice.com\/wp-content\/uploads\/2020\/07\/nouvelles-voies.png",420,160,false],"hello-fashion-blog-four":["https:\/\/serialectrice.com\/wp-content\/uploads\/2020\/07\/nouvelles-voies.png",573,218,false],"vilva-slider-one":["https:\/\/serialectrice.com\/wp-content\/uploads\/2020\/07\/nouvelles-voies.png",586,223,false],"vilva-featured-four":["https:\/\/serialectrice.com\/wp-content\/uploads\/2020\/07\/nouvelles-voies.png",586,223,false],"vilva-blog":["https:\/\/serialectrice.com\/wp-content\/uploads\/2020\/07\/nouvelles-voies.png",420,160,false],"vilva-blog-one":["https:\/\/serialectrice.com\/wp-content\/uploads\/2020\/07\/nouvelles-voies.png",586,223,false],"vilva-sidebar":["https:\/\/serialectrice.com\/wp-content\/uploads\/2020\/07\/nouvelles-voies.png",586,223,false]},"uagb_author_info":{"display_name":"SeriaLectrice","author_link":"https:\/\/serialectrice.com\/index.php\/author\/cilounegmail-com\/"},"uagb_comment_info":0,"uagb_excerpt":"D\u00e9but juillet, c'est avec surprise que j'ai d\u00e9couvert que j'avais \u00e9t\u00e9 selectionn\u00e9e pour participer au jury des nouvelles voies du polar, propos\u00e9 par les \u00e9ditions pocket. Quelques jours plus tard je recevais mes 4 livres, \u00e0 lire avant le 31 juillet. Alors j'avais d\u00e9j\u00e0 quelques imp\u00e9ratifs niveau service presse pour le mois de juillet, c'est\u2026","jetpack_sharing_enabled":true,"jetpack_likes_enabled":true,"_links":{"self":[{"href":"https:\/\/serialectrice.com\/index.php\/wp-json\/wp\/v2\/posts\/277","targetHints":{"allow":["GET"]}}],"collection":[{"href":"https:\/\/serialectrice.com\/index.php\/wp-json\/wp\/v2\/posts"}],"about":[{"href":"https:\/\/serialectrice.com\/index.php\/wp-json\/wp\/v2\/types\/post"}],"author":[{"embeddable":true,"href":"https:\/\/serialectrice.com\/index.php\/wp-json\/wp\/v2\/users\/1"}],"replies":[{"embeddable":true,"href":"https:\/\/serialectrice.com\/index.php\/wp-json\/wp\/v2\/comments?post=277"}],"version-history":[{"count":0,"href":"https:\/\/serialectrice.com\/index.php\/wp-json\/wp\/v2\/posts\/277\/revisions"}],"wp:featuredmedia":[{"embeddable":true,"href":"https:\/\/serialectrice.com\/index.php\/wp-json\/wp\/v2\/media\/283"}],"wp:attachment":[{"href":"https:\/\/serialectrice.com\/index.php\/wp-json\/wp\/v2\/media?parent=277"}],"wp:term":[{"taxonomy":"category","embeddable":true,"href":"https:\/\/serialectrice.com\/index.php\/wp-json\/wp\/v2\/categories?post=277"},{"taxonomy":"post_tag","embeddable":true,"href":"https:\/\/serialectrice.com\/index.php\/wp-json\/wp\/v2\/tags?post=277"}],"curies":[{"name":"wp","href":"https:\/\/api.w.org\/{rel}","templated":true}]}}