{"id":2758,"date":"2022-01-19T12:30:00","date_gmt":"2022-01-19T10:30:00","guid":{"rendered":"https:\/\/serialectrice.com\/?p=2758"},"modified":"2022-01-18T22:44:00","modified_gmt":"2022-01-18T20:44:00","slug":"lile-du-diable-_-nicolas-beuglet","status":"publish","type":"post","link":"https:\/\/serialectrice.com\/index.php\/2022\/01\/19\/lile-du-diable-_-nicolas-beuglet\/","title":{"rendered":"L&rsquo;\u00eele du diable _ Nicolas Beuglet"},"content":{"rendered":"\n<div class=\"wp-block-media-text alignwide is-stacked-on-mobile is-vertically-aligned-top\" style=\"grid-template-columns:35% auto\"><figure class=\"wp-block-media-text__media\"><img loading=\"lazy\" decoding=\"async\" width=\"600\" height=\"937\" src=\"https:\/\/serialectrice.com\/wp-content\/uploads\/2021\/12\/lile-du-diable-1398208.jpg\" alt=\"\" class=\"wp-image-2634 size-full\" srcset=\"https:\/\/serialectrice.com\/wp-content\/uploads\/2021\/12\/lile-du-diable-1398208.jpg 600w, https:\/\/serialectrice.com\/wp-content\/uploads\/2021\/12\/lile-du-diable-1398208-192x300.jpg 192w, https:\/\/serialectrice.com\/wp-content\/uploads\/2021\/12\/lile-du-diable-1398208-96x150.jpg 96w\" sizes=\"auto, (max-width: 600px) 100vw, 600px\" \/><\/figure><div class=\"wp-block-media-text__content\">\n<h2 class=\"has-vivid-green-cyan-color has-text-color wp-block-heading\">R\u00e9sum\u00e9<\/h2>\n\n\n\n<p class=\"wp-block-paragraph\" style=\"font-size:19px\">Le corps recouvert d&rsquo;une \u00e9trange poudre blanche, des extr\u00e9mit\u00e9s gangren\u00e9es et un visage fig\u00e9 dans un rictus de douleur\u2026 En observant le cadavre de son p\u00e8re, Sarah Gering\u00ebn est saisie d&rsquo;\u00e9pouvante. Et quand le m\u00e9decin l\u00e9giste lui tend la cl\u00e9 retrouv\u00e9e au fond de son estomac, l&rsquo;effroi la paralyse. Et si son p\u00e8re n&rsquo;\u00e9tait pas l&rsquo;homme qu&rsquo;il pr\u00e9tendait \u00eatre ?<br>Des for\u00eats obscures de Norv\u00e8ge aux plaines glaciales de Sib\u00e9rie, l&rsquo;ex-inspectrice des forces sp\u00e9ciales s&rsquo;appr\u00eate \u00e0 affronter un secret de famille terrifiant. Que d\u00e9couvrira-t-elle dans ce vieux manoir perdu dans les bois ? Osera-t-elle se rendre jusqu&rsquo;\u00e0 l&rsquo;\u00eele du Diable ?<\/p>\n<\/div><\/div>\n\n\n\n<h2 class=\"has-vivid-green-cyan-color has-text-color wp-block-heading\">Mon ressenti<\/h2>\n\n\n\n<p class=\"has-medium-font-size wp-block-paragraph\">Dans l&rsquo;\u00eele du diable, le lecteur retrouve <strong>Sarah Geringen, l&rsquo;enqu\u00eatrice phare des deux tomes pr\u00e9c\u00e9dents<\/strong> (Le Cri et <a href=\"https:\/\/serialectrice.com\/index.php\/2021\/11\/10\/complot-_-nicolas-beuglet\/\">Complot<\/a> ). Dans Complot, elle finissait accus\u00e9e du meurtre du Pape et finissait en prison, demandant \u00e0 Christopher de l&rsquo;oublier. <strong>Un an s&rsquo;est \u00e9coul\u00e9, et Sarah est finalement disculp\u00e9e et s&rsquo;appr\u00eate \u00e0 sortir de prison.<\/strong> Mais la veille de sa sortie, elle apprend qu&rsquo;on a assassin\u00e9 son p\u00e8re<strong>.<\/strong> Cet homme si renferm\u00e9, si introverti. Qui aurait pu lui vouloir du mal ? Sarah va donc suivre officieusement l&rsquo;affaire, son chef sachant qu&rsquo;elle ne pourrait s&rsquo;en emp\u00eacher. Adrian, nouvel enqu\u00eateur, l&rsquo;\u00e9paulera. <strong>Leur enqu\u00eate va alors les mener jusqu&rsquo;au fin fond de la Sib\u00e9rie, sur une \u00eele surnomm\u00e9e l&rsquo;\u00eele du diable<\/strong> ou encore l&rsquo;\u00eele aux cannibales. Cette \u00eele a r\u00e9ellement exist\u00e9. C&rsquo;est<a href=\"https:\/\/fildelhistoire.com\/2019\/10\/26\/lile-goulag-les-fantomes-de-nazino\/\"> l&rsquo;\u00eele de Nazino<\/a>.<\/p>\n\n\n\n<p class=\"has-medium-font-size wp-block-paragraph\"><strong>URSS. 1933.<\/strong> Pour \u00e9chapper aux famines, les habitants des villages se dirigent vers les villes. Voyant le nombre incroyable de personnes qui migrent, <strong>le pouvoir d\u00e9cide d&rsquo;en expulser vers des camps de travail en Sib\u00e9rie.<\/strong> Mais la Sib\u00e9rie est alors dans l&rsquo;incapacit\u00e9 de g\u00e9rer une telle mar\u00e9e humaine. <strong>On envoie alors les plus agit\u00e9s<\/strong> <strong>vers l&rsquo;\u00eele de Nazino avec pour seule nourriture de la farine. <\/strong>Rapidement, les gens meurent de faim et pour sauver leur peau en viennent \u00e0 des actes de cannibalisme.<\/p>\n\n\n\n<p class=\"has-medium-font-size wp-block-paragraph\">Mais dans l&rsquo;\u00eele du diable, nous sommes dans les ann\u00e9es 2000 et <strong>cette histoire a cess\u00e9 depuis bien longtemps.<\/strong> Et pourtant, c&rsquo;est sur cette \u00eele que nous trouverons toutes les r\u00e9ponses \u00e0 nos questions. <strong>L&rsquo;auteur s&rsquo;est document\u00e9 comme il a pu, les sources officielles sur cette \u00eele \u00e9tant peu nombreuses.<\/strong> Il aborde \u00e9galement un autre fait av\u00e9r\u00e9, scientifique cette fois-ci. <strong>L&rsquo;\u00e9pig\u00e9n\u00e9tique<\/strong>. Le stress que nos anc\u00eatres ont subi a pu \u00eatre transmis dans nos g\u00e8nes. Ainsi, <strong>si nos anc\u00eatres ont v\u00e9cu de fortes p\u00e9riodes de stress, il se peut que nous m\u00eame portions ce stress en nous.<\/strong> C&rsquo;est ce qui arrive notamment aux descendants de l&rsquo;\u00eele du diable. <\/p>\n\n\n\n<p class=\"has-medium-font-size wp-block-paragraph\">Les sujets trait\u00e9s sont<strong> passionnants<\/strong>, d&rsquo;autant plus qu&rsquo;ils sont av\u00e9r\u00e9s. Comme d&rsquo;habitude l&rsquo;auteur a pouss\u00e9 son travail de recherche jusqu&rsquo;au bout et on le sent passionn\u00e9 par son sujet. Certains lui reprochent que son troisi\u00e8me opus soit plus court que les autres, moi c&rsquo;est ce qui m&rsquo;a plu. <strong>On ne se perd pas dans des d\u00e9tails inutiles, on va droit au but. <\/strong><\/p>\n\n\n\n<div class=\"wp-block-image\"><figure class=\"aligncenter size-large is-resized\"><img loading=\"lazy\" decoding=\"async\" src=\"https:\/\/serialectrice.com\/wp-content\/uploads\/2022\/01\/Sans-titre312-1024x1024.png\" alt=\"\" class=\"wp-image-2760\" width=\"548\" height=\"548\" srcset=\"https:\/\/serialectrice.com\/wp-content\/uploads\/2022\/01\/Sans-titre312-1024x1024.png 1024w, https:\/\/serialectrice.com\/wp-content\/uploads\/2022\/01\/Sans-titre312-300x300.png 300w, https:\/\/serialectrice.com\/wp-content\/uploads\/2022\/01\/Sans-titre312-150x150.png 150w, https:\/\/serialectrice.com\/wp-content\/uploads\/2022\/01\/Sans-titre312-768x768.png 768w, https:\/\/serialectrice.com\/wp-content\/uploads\/2022\/01\/Sans-titre312-100x100.png 100w, https:\/\/serialectrice.com\/wp-content\/uploads\/2022\/01\/Sans-titre312.png 1080w\" sizes=\"auto, (max-width: 548px) 100vw, 548px\" \/><\/figure><\/div>\n\n\n\n<p class=\"has-text-align-center has-medium-font-size wp-block-paragraph\"><em>Encore une fois, Nicolas Beuglet signe ici un livre addictif !  C&rsquo;est un <strong>v\u00e9ritable coup de coeur <\/strong>! Je suis officiellement conquise par cet auteur ! <\/em><\/p>\n\n\n<div class=\"wp-block-jetpack-rating-star\" style=\"text-align:center\" itemprop=\"reviewRating\" itemscope itemtype=\"http:\/\/schema.org\/Rating\"><p><span aria-hidden=\"true\">\u2b50<\/span><span aria-hidden=\"true\">\u2b50<\/span><span aria-hidden=\"true\">\u2b50<\/span><span aria-hidden=\"true\">\u2b50<\/span><span aria-hidden=\"true\">\u2b50<\/span><\/p><span style=\"display: none;\" itemprop=\"worstRating\" content=\"0.5\"><span>\n<svg xmlns=\"http:\/\/www.w3.org\/2000\/svg\" width=\"24\" height=\"24\" viewBox=\"0 0 24 24\">\n\t<path class=\"\" fill=\"currentColor\" stroke=\"currentColor\" d=\"M12,17.3l6.2,3.7l-1.6-7L22,9.2l-7.2-0.6L12,2L9.2,8.6L2,9.2L7.5,14l-1.6,7L12,17.3z\" \/>\n<\/svg>\n<\/span>\n<span>\n<svg xmlns=\"http:\/\/www.w3.org\/2000\/svg\" width=\"24\" height=\"24\" viewBox=\"0 0 24 24\">\n\t<path class=\"\" fill=\"currentColor\" stroke=\"currentColor\" d=\"M12,17.3l6.2,3.7l-1.6-7L22,9.2l-7.2-0.6L12,2L9.2,8.6L2,9.2L7.5,14l-1.6,7L12,17.3z\" \/>\n<\/svg>\n<\/span><\/span><span style=\"display: none;\" ><span>\n<svg xmlns=\"http:\/\/www.w3.org\/2000\/svg\" width=\"24\" height=\"24\" viewBox=\"0 0 24 24\">\n\t<path class=\"\" fill=\"currentColor\" stroke=\"currentColor\" d=\"M12,17.3l6.2,3.7l-1.6-7L22,9.2l-7.2-0.6L12,2L9.2,8.6L2,9.2L7.5,14l-1.6,7L12,17.3z\" \/>\n<\/svg>\n<\/span>\n<span>\n<svg xmlns=\"http:\/\/www.w3.org\/2000\/svg\" width=\"24\" height=\"24\" viewBox=\"0 0 24 24\">\n\t<path class=\"\" fill=\"currentColor\" stroke=\"currentColor\" d=\"M12,17.3l6.2,3.7l-1.6-7L22,9.2l-7.2-0.6L12,2L9.2,8.6L2,9.2L7.5,14l-1.6,7L12,17.3z\" \/>\n<\/svg>\n<\/span><\/span><span style=\"display: none;\" ><span>\n<svg xmlns=\"http:\/\/www.w3.org\/2000\/svg\" width=\"24\" height=\"24\" viewBox=\"0 0 24 24\">\n\t<path class=\"\" fill=\"currentColor\" stroke=\"currentColor\" d=\"M12,17.3l6.2,3.7l-1.6-7L22,9.2l-7.2-0.6L12,2L9.2,8.6L2,9.2L7.5,14l-1.6,7L12,17.3z\" \/>\n<\/svg>\n<\/span>\n<span>\n<svg xmlns=\"http:\/\/www.w3.org\/2000\/svg\" width=\"24\" height=\"24\" viewBox=\"0 0 24 24\">\n\t<path class=\"\" fill=\"currentColor\" stroke=\"currentColor\" d=\"M12,17.3l6.2,3.7l-1.6-7L22,9.2l-7.2-0.6L12,2L9.2,8.6L2,9.2L7.5,14l-1.6,7L12,17.3z\" \/>\n<\/svg>\n<\/span><\/span><span style=\"display: none;\" ><span>\n<svg xmlns=\"http:\/\/www.w3.org\/2000\/svg\" width=\"24\" height=\"24\" viewBox=\"0 0 24 24\">\n\t<path class=\"\" fill=\"currentColor\" stroke=\"currentColor\" d=\"M12,17.3l6.2,3.7l-1.6-7L22,9.2l-7.2-0.6L12,2L9.2,8.6L2,9.2L7.5,14l-1.6,7L12,17.3z\" \/>\n<\/svg>\n<\/span>\n<span>\n<svg xmlns=\"http:\/\/www.w3.org\/2000\/svg\" width=\"24\" height=\"24\" viewBox=\"0 0 24 24\">\n\t<path class=\"\" fill=\"currentColor\" stroke=\"currentColor\" d=\"M12,17.3l6.2,3.7l-1.6-7L22,9.2l-7.2-0.6L12,2L9.2,8.6L2,9.2L7.5,14l-1.6,7L12,17.3z\" \/>\n<\/svg>\n<\/span><\/span><span style=\"display: none;\" itemprop=\"bestRating\" content=\"5\"><span>\n<svg xmlns=\"http:\/\/www.w3.org\/2000\/svg\" width=\"24\" height=\"24\" viewBox=\"0 0 24 24\">\n\t<path class=\"\" fill=\"currentColor\" stroke=\"currentColor\" d=\"M12,17.3l6.2,3.7l-1.6-7L22,9.2l-7.2-0.6L12,2L9.2,8.6L2,9.2L7.5,14l-1.6,7L12,17.3z\" \/>\n<\/svg>\n<\/span>\n<span>\n<svg xmlns=\"http:\/\/www.w3.org\/2000\/svg\" width=\"24\" height=\"24\" viewBox=\"0 0 24 24\">\n\t<path class=\"\" fill=\"currentColor\" stroke=\"currentColor\" d=\"M12,17.3l6.2,3.7l-1.6-7L22,9.2l-7.2-0.6L12,2L9.2,8.6L2,9.2L7.5,14l-1.6,7L12,17.3z\" \/>\n<\/svg>\n<\/span><\/span><span itemprop=\"ratingValue\" class=\"screen-reader-text\" content=\"5\">Note\u00a0: 5\u00a0sur 5.<\/span><\/div>\n\n\n<h2 class=\"wp-block-heading\">Mes challenges<\/h2>\n\n\n\n<p class=\"has-medium-font-size wp-block-paragraph\">Cette lecture m&rsquo;a permis de valider la cat\u00e9gorie 5 du <a href=\"https:\/\/serialectrice.com\/index.php\/2021\/12\/21\/challenge-litteraire-dhiver-2\/\">challenge hivernal<\/a>. <strong>Auteur d\u00e9couvert en 2020 (avec Le Cri)<\/strong><\/p>\n\n\n\n<p class=\"has-medium-font-size wp-block-paragraph\">Elle m&rsquo;a \u00e9galement permis de valider la cat\u00e9gorie 82 d<a href=\"https:\/\/www.facebook.com\/groups\/707636122759664\">u challenge annuel. <\/a><strong>Quatri\u00e8me avec une critique de journal<\/strong><\/p>\n\n\n\n<p class=\"has-medium-font-size wp-block-paragraph\">Livre lu dans le cadre d&rsquo;une <strong>lecture commune<\/strong> organis\u00e9e par <a href=\"https:\/\/www.instagram.com\/une.page.de.plus\/\">@une.page.de.plus<\/a><\/p>\n","protected":false},"excerpt":{"rendered":"<p>Qui a tu\u00e9 le p\u00e8re de Sarah ? Pourquoi s&rsquo;en est-il pris \u00e0 lui, cet homme si introverti, si renferm\u00e9 ?<\/p>\n","protected":false},"author":1,"featured_media":2762,"comment_status":"open","ping_status":"open","sticky":false,"template":"","format":"standard","meta":{"_crdt_document":"","om_disable_all_campaigns":false,"_uag_custom_page_level_css":"","_monsterinsights_skip_tracking":false,"_monsterinsights_sitenote_active":false,"_monsterinsights_sitenote_note":"","_monsterinsights_sitenote_category":0,"_uf_show_specific_survey":0,"_uf_disable_surveys":false,"_jetpack_memberships_contains_paid_content":false,"footnotes":"","jetpack_publicize_message":"L'\u00eele du diable de Nicolas Beuglet.\n\nQui a tu\u00e9 le p\u00e8re de Sarah ? Pourquoi s'en est-il pris \u00e0 lui, cet homme si introverti, si renferm\u00e9 ?","jetpack_publicize_feature_enabled":true,"jetpack_social_post_already_shared":true,"jetpack_social_options":{"image_generator_settings":{"template":"highway","default_image_id":0,"font":"","enabled":false},"version":2}},"categories":[198,6],"tags":[23,180,24,25],"class_list":["post-2758","post","type-post","status-publish","format-standard","has-post-thumbnail","hentry","category-coup-de-coeur-livres-lus","category-livres-lus","tag-enquete","tag-nicolas-beuglet","tag-policier","tag-thriller"],"aioseo_notices":[],"jetpack_publicize_connections":[],"jetpack_featured_media_url":"https:\/\/serialectrice.com\/wp-content\/uploads\/2022\/01\/Sans-titre311.png","uagb_featured_image_src":{"full":["https:\/\/serialectrice.com\/wp-content\/uploads\/2022\/01\/Sans-titre311.png",1716,993,false],"thumbnail":["https:\/\/serialectrice.com\/wp-content\/uploads\/2022\/01\/Sans-titre311-572x331.png",572,331,true],"medium":["https:\/\/serialectrice.com\/wp-content\/uploads\/2022\/01\/Sans-titre311-300x174.png",300,174,true],"medium_large":["https:\/\/serialectrice.com\/wp-content\/uploads\/2022\/01\/Sans-titre311-768x444.png",768,444,true],"large":["https:\/\/serialectrice.com\/wp-content\/uploads\/2022\/01\/Sans-titre311-1024x593.png",840,486,true],"post-slider-thumb-size":["https:\/\/serialectrice.com\/wp-content\/uploads\/2022\/01\/Sans-titre311.png",328,190,false],"post-category-slider-size":["https:\/\/serialectrice.com\/wp-content\/uploads\/2022\/01\/Sans-titre311.png",330,191,false],"1536x1536":["https:\/\/serialectrice.com\/wp-content\/uploads\/2022\/01\/Sans-titre311-1536x889.png",1536,889,true],"2048x2048":["https:\/\/serialectrice.com\/wp-content\/uploads\/2022\/01\/Sans-titre311.png",1716,993,false],"hello-fashion-slider":["https:\/\/serialectrice.com\/wp-content\/uploads\/2022\/01\/Sans-titre311.png",480,278,false],"hello-fashion-blog-three":["https:\/\/serialectrice.com\/wp-content\/uploads\/2022\/01\/Sans-titre311.png",420,243,false],"hello-fashion-blog-four":["https:\/\/serialectrice.com\/wp-content\/uploads\/2022\/01\/Sans-titre311.png",573,332,false],"vilva-slider-one":["https:\/\/serialectrice.com\/wp-content\/uploads\/2022\/01\/Sans-titre311.png",1037,600,false],"vilva-featured-four":["https:\/\/serialectrice.com\/wp-content\/uploads\/2022\/01\/Sans-titre311.png",800,463,false],"vilva-blog":["https:\/\/serialectrice.com\/wp-content\/uploads\/2022\/01\/Sans-titre311.png",420,243,false],"vilva-blog-one":["https:\/\/serialectrice.com\/wp-content\/uploads\/2022\/01\/Sans-titre311.png",864,500,false],"vilva-sidebar":["https:\/\/serialectrice.com\/wp-content\/uploads\/2022\/01\/Sans-titre311.png",817,473,false]},"uagb_author_info":{"display_name":"SeriaLectrice","author_link":"https:\/\/serialectrice.com\/index.php\/author\/cilounegmail-com\/"},"uagb_comment_info":2,"uagb_excerpt":"Qui a tu\u00e9 le p\u00e8re de Sarah ? Pourquoi s'en est-il pris \u00e0 lui, cet homme si introverti, si renferm\u00e9 ?","jetpack_sharing_enabled":true,"jetpack_likes_enabled":true,"_links":{"self":[{"href":"https:\/\/serialectrice.com\/index.php\/wp-json\/wp\/v2\/posts\/2758","targetHints":{"allow":["GET"]}}],"collection":[{"href":"https:\/\/serialectrice.com\/index.php\/wp-json\/wp\/v2\/posts"}],"about":[{"href":"https:\/\/serialectrice.com\/index.php\/wp-json\/wp\/v2\/types\/post"}],"author":[{"embeddable":true,"href":"https:\/\/serialectrice.com\/index.php\/wp-json\/wp\/v2\/users\/1"}],"replies":[{"embeddable":true,"href":"https:\/\/serialectrice.com\/index.php\/wp-json\/wp\/v2\/comments?post=2758"}],"version-history":[{"count":0,"href":"https:\/\/serialectrice.com\/index.php\/wp-json\/wp\/v2\/posts\/2758\/revisions"}],"wp:featuredmedia":[{"embeddable":true,"href":"https:\/\/serialectrice.com\/index.php\/wp-json\/wp\/v2\/media\/2762"}],"wp:attachment":[{"href":"https:\/\/serialectrice.com\/index.php\/wp-json\/wp\/v2\/media?parent=2758"}],"wp:term":[{"taxonomy":"category","embeddable":true,"href":"https:\/\/serialectrice.com\/index.php\/wp-json\/wp\/v2\/categories?post=2758"},{"taxonomy":"post_tag","embeddable":true,"href":"https:\/\/serialectrice.com\/index.php\/wp-json\/wp\/v2\/tags?post=2758"}],"curies":[{"name":"wp","href":"https:\/\/api.w.org\/{rel}","templated":true}]}}