{"id":2732,"date":"2022-01-13T12:30:00","date_gmt":"2022-01-13T10:30:00","guid":{"rendered":"https:\/\/serialectrice.com\/?p=2732"},"modified":"2022-01-13T14:28:52","modified_gmt":"2022-01-13T12:28:52","slug":"l-enfant-dormira-bientot","status":"publish","type":"post","link":"https:\/\/serialectrice.com\/index.php\/2022\/01\/13\/l-enfant-dormira-bientot\/","title":{"rendered":"L&rsquo;enfant dormira bient\u00f4t _ Fran\u00e7ois-Xavier Dillard"},"content":{"rendered":"\n<div class=\"wp-block-media-text alignwide is-stacked-on-mobile is-vertically-aligned-top\" style=\"grid-template-columns:39% auto\"><figure class=\"wp-block-media-text__media\"><img loading=\"lazy\" decoding=\"async\" width=\"400\" height=\"643\" src=\"https:\/\/serialectrice.com\/wp-content\/uploads\/2021\/12\/lenfant-dormira-bientot-1500048.jpg\" alt=\"\" class=\"wp-image-2587 size-full\" srcset=\"https:\/\/serialectrice.com\/wp-content\/uploads\/2021\/12\/lenfant-dormira-bientot-1500048.jpg 400w, https:\/\/serialectrice.com\/wp-content\/uploads\/2021\/12\/lenfant-dormira-bientot-1500048-187x300.jpg 187w, https:\/\/serialectrice.com\/wp-content\/uploads\/2021\/12\/lenfant-dormira-bientot-1500048-93x150.jpg 93w\" sizes=\"auto, (max-width: 400px) 100vw, 400px\" \/><\/figure><div class=\"wp-block-media-text__content\">\n<h2 class=\"has-vivid-green-cyan-color has-text-color wp-block-heading\">R\u00e9sum\u00e9<\/h2>\n\n\n\n<p class=\"wp-block-paragraph\" style=\"font-size:19px\"><span style=\"text-decoration: underline;\" class=\"underline\">L&rsquo;enfant dormira bient\u00f4t<\/span><\/p>\n\n\n\n<p class=\"wp-block-paragraph\" style=\"font-size:19px\">Michel B\u00e9jart r\u00eave d\u2019une existence heureuse avec son fils Hadrien, mais tous deux ne gu\u00e9riront jamais du drame familial survenu quinze ans plus t\u00f4t. Une macabre d\u00e9couverte qui a bris\u00e9 leur vie pour toujours. Michel essaie de se reconstruire au sein de la fondation Ange qu\u2019il a cr\u00e9\u00e9e pour la protection de l\u2019enfance, et tente de surmonter son chagrin et sa culpabilit\u00e9 aupr\u00e8s d\u2019une poup\u00e9e \u00ab reborn \u00bb, \u00e9trange b\u00e9b\u00e9 plus vrai que nature, qu\u2019il ch\u00e9rit quotidiennement.<br>Un matin, la commissaire Jeanne Muller d\u00e9barque \u00e0 la Fondation. Des nouveau-n\u00e9s ont \u00e9t\u00e9 enlev\u00e9s, et un vent de panique sou e sur les maternit\u00e9s parisiennes. Pourquoi Michel s\u2019inqui\u00e8te-t-il soudainement ? Les disparitions auraient-elles un lien avec la Fondation? En investiguant au coeur de cette institution tout enti\u00e8re tourn\u00e9e vers la parentalit\u00e9, Jeanne ne tardera pas \u00e0 comprendre ce que l\u2019arriv\u00e9e d\u2019un enfant peut provoquer dans notre soci\u00e9t\u00e9, dans nos foyers et dans nos esprits. Le meilleur comme le pire\u2026<br><br>Une histoire o\u00f9 personne n\u2019est vraiment innocent, pas m\u00eame les enfants\u2026<\/p>\n<\/div><\/div>\n\n\n\n<h2 class=\"has-vivid-green-cyan-color has-text-color wp-block-heading\">Mon ressenti<\/h2>\n\n\n\n<p class=\"has-medium-font-size wp-block-paragraph\">J&rsquo;ai d\u00e9couvert la plume de Fran\u00e7ois-Xavier Dillard avec R\u00e9veille-toi puis <a href=\"https:\/\/serialectrice.com\/index.php\/2020\/10\/05\/ne-dis-rien-a-papa-francois-xavier-dilard\/\">Ne dis rien \u00e0 papa<\/a> que j&rsquo;avais beaucoup aim\u00e9. Puis j&rsquo;ai lu <a href=\"https:\/\/serialectrice.com\/index.php\/2021\/01\/03\/un-vrai-jeu-denfant-_-francois-xavier-dillard\/\">Un vrai jeu d&rsquo;enfant<\/a>, qui m&rsquo;avait globalement d\u00e9\u00e7ue. C&rsquo;est donc sans aucune attente que j&rsquo;ai demand\u00e9 \u00e0 recevoir, via <a href=\"http:\/\/netgalley.fr\">NetGalley<\/a>, son dernier roman. Et j&rsquo;ai bien fait ! <\/p>\n\n\n\n<h3 class=\"wp-block-heading\">De nombreux personnages<\/h3>\n\n\n\n<p class=\"has-medium-font-size wp-block-paragraph\">On retrouve la sp\u00e9cialit\u00e9 de l&rsquo;auteur. Ce que j&rsquo;appelle le <strong>roman puzzle<\/strong>. Chaque chapitre s&rsquo;int\u00e9resse \u00e0 un personnage de l&rsquo;histoire et repr\u00e9sente une pi\u00e8ce du puzzle \u00e0 remettre dans l&rsquo;ordre. Chaque personnage semble d\u00e9tach\u00e9 des autres, puis de mani\u00e8re progressive, l&rsquo;auteur d\u00e9couvre les liens qui les unissent chacun. <strong>Le texte est addictif et il est difficile de s&rsquo;en d\u00e9tacher.<\/strong><\/p>\n\n\n\n<p class=\"has-medium-font-size wp-block-paragraph\">Tout d&rsquo;abord nous suivons Samia, qui nous raconte son histoire. Elle a 17 ans et a d\u00e9j\u00e0 un v\u00e9cu assez lourd. Ancienne prostitu\u00e9e, elle a \u00e9t\u00e9 sauv\u00e9e par Jeanne. Jeanne, c&rsquo;est l&rsquo;enqu\u00eatrice de l&rsquo;histoire.<strong> Elle cherche \u00e0 retrouver deux nourrissons qui ont \u00e9t\u00e9 enlev\u00e9s \u00e0 leur m\u00e8re dans deux hopitaux de la r\u00e9gion parisienne.<\/strong> Les deux familles de ces b\u00e9b\u00e9s ont un point commun. Elles ont chacune fait appel \u00e0 la Fondation Ange pour adopter avant de r\u00e9ussir \u00e0 concevoir par eux-m\u00eame. La Fondation Ange est pr\u00e9sid\u00e9e par Michel, qui a v\u00e9cu un drame familial quinze ans plus t\u00f4t et dont le fils, Hadrien, reste fortement touch\u00e9, tant physiquement que psychologiquement.<\/p>\n\n\n\n<p class=\"has-medium-font-size wp-block-paragraph\"><strong>La psychologie des personnages est extr\u00e8mement bien travaill\u00e9e.<\/strong> L&rsquo;auteur aborde le sujet des violences faites aux enfants et de leurs r\u00e9percussions sur le court et long terme. J&rsquo;ai beaucoup aim\u00e9 le personnage de Jeanne, l&rsquo;enqu\u00eatrice. Pour une fois, <strong>nous avons un personnage policier bien construit.<\/strong> J&rsquo;ai toujours du mal avec les enqu\u00eateurs tortur\u00e9s par leur pass\u00e9. Evidemment, on sent que Jeanne a v\u00e9cu certaines exp\u00e9riences traumatisantes li\u00e9es \u00e0 son m\u00e9tier, mais ces exp\u00e9riences ne prennent pas le dessus dans le roman. <strong>C&rsquo;est appr\u00e9ciable car elle peut ainsi se focaliser sur son enqu\u00eate.<\/strong><\/p>\n\n\n\n<h3 class=\"wp-block-heading\">Quelques b\u00e9mols<\/h3>\n\n\n\n<p class=\"has-medium-font-size wp-block-paragraph\">M\u00eame si j&rsquo;ai vraiment beaucoup appr\u00e9ci\u00e9 cette histoire, il y a quelques points qui m&rsquo;ont d\u00e9rang\u00e9e. <strong>L&rsquo;histoire de Samia est tr\u00e8s touchante, mais selon moi, elle n&rsquo;avait pas grand chose \u00e0 voir avec l&rsquo;enqu\u00eate principale.<\/strong> Et surtout, la fin avec Hadrien m&rsquo;a vraiment sembl\u00e9 tordue, tir\u00e9e par les cheveux. Et enfin, l&rsquo;histoire des poup\u00e9es reborn m&rsquo;a d\u00e9rang\u00e9e. <strong>Je pense que l&rsquo;auteur n&rsquo;a pas assez pouss\u00e9 ce sujet ce qui le rend peu cr\u00e9dible. <\/strong><\/p>\n\n\n\n<p class=\"has-medium-font-size wp-block-paragraph\">Enfin, comme \u00e0 son habitude,<strong> l&rsquo;auteur nous surprend \u00e0 la toute fin<\/strong>. M\u00eame si j&rsquo;avais anticip\u00e9 une partie de la r\u00e9solution concernant l&rsquo;enl\u00e8vement des nourrissons, l&rsquo;auteur a de nouveau r\u00e9ussi \u00e0 me surprendre. Tout comme dans Ne dis rien \u00e0 papa,<strong> il attend les toutes derni\u00e8res lignes pour faire comprendre \u00e0 son lecteur qu&rsquo;il l&rsquo;a bien men\u00e9 en bateau.<\/strong> J&rsquo;adore ce genre de fin, lorsqu&rsquo;on d\u00e9couvre que toutes nos certitudes s&rsquo;\u00e9croulent.<\/p>\n\n\n\n<div class=\"wp-block-image\"><figure class=\"aligncenter size-large is-resized\"><img loading=\"lazy\" decoding=\"async\" src=\"https:\/\/serialectrice.com\/wp-content\/uploads\/2022\/01\/Sans-titre304-1024x1024.png\" alt=\"\" class=\"wp-image-2736\" width=\"587\" height=\"587\" srcset=\"https:\/\/serialectrice.com\/wp-content\/uploads\/2022\/01\/Sans-titre304-1024x1024.png 1024w, https:\/\/serialectrice.com\/wp-content\/uploads\/2022\/01\/Sans-titre304-300x300.png 300w, https:\/\/serialectrice.com\/wp-content\/uploads\/2022\/01\/Sans-titre304-150x150.png 150w, https:\/\/serialectrice.com\/wp-content\/uploads\/2022\/01\/Sans-titre304-768x768.png 768w, https:\/\/serialectrice.com\/wp-content\/uploads\/2022\/01\/Sans-titre304-100x100.png 100w, https:\/\/serialectrice.com\/wp-content\/uploads\/2022\/01\/Sans-titre304.png 1080w\" sizes=\"auto, (max-width: 587px) 100vw, 587px\" \/><\/figure><\/div>\n\n\n\n<p class=\"has-text-align-center has-medium-font-size wp-block-paragraph\"><em>J&rsquo;ai vraiment pass\u00e9 un excellent moment autour de cette lecture qui fut presque un coup de coeur. Si vous aimez les thrillers bien ficel\u00e9s qui vous tiennent en haleine, foncez et lisez cet auteur !<\/em><\/p>\n\n\n<div class=\"wp-block-jetpack-rating-star\" style=\"text-align:center\" itemprop=\"reviewRating\" itemscope itemtype=\"http:\/\/schema.org\/Rating\"><p><span aria-hidden=\"true\">\u2b50<\/span><span aria-hidden=\"true\">\u2b50<\/span><span aria-hidden=\"true\">\u2b50<\/span><span aria-hidden=\"true\">\u2b50<\/span><span aria-hidden=\"true\">\u2b50<\/span><\/p><span style=\"display: none;\" itemprop=\"worstRating\" content=\"0.5\"><span>\n<svg xmlns=\"http:\/\/www.w3.org\/2000\/svg\" width=\"24\" height=\"24\" viewBox=\"0 0 24 24\">\n\t<path class=\"\" fill=\"currentColor\" stroke=\"currentColor\" d=\"M12,17.3l6.2,3.7l-1.6-7L22,9.2l-7.2-0.6L12,2L9.2,8.6L2,9.2L7.5,14l-1.6,7L12,17.3z\" \/>\n<\/svg>\n<\/span>\n<span>\n<svg xmlns=\"http:\/\/www.w3.org\/2000\/svg\" width=\"24\" height=\"24\" viewBox=\"0 0 24 24\">\n\t<path class=\"\" fill=\"currentColor\" stroke=\"currentColor\" d=\"M12,17.3l6.2,3.7l-1.6-7L22,9.2l-7.2-0.6L12,2L9.2,8.6L2,9.2L7.5,14l-1.6,7L12,17.3z\" \/>\n<\/svg>\n<\/span><\/span><span style=\"display: none;\" ><span>\n<svg xmlns=\"http:\/\/www.w3.org\/2000\/svg\" width=\"24\" height=\"24\" viewBox=\"0 0 24 24\">\n\t<path class=\"\" fill=\"currentColor\" stroke=\"currentColor\" d=\"M12,17.3l6.2,3.7l-1.6-7L22,9.2l-7.2-0.6L12,2L9.2,8.6L2,9.2L7.5,14l-1.6,7L12,17.3z\" \/>\n<\/svg>\n<\/span>\n<span>\n<svg xmlns=\"http:\/\/www.w3.org\/2000\/svg\" width=\"24\" height=\"24\" viewBox=\"0 0 24 24\">\n\t<path class=\"\" fill=\"currentColor\" stroke=\"currentColor\" d=\"M12,17.3l6.2,3.7l-1.6-7L22,9.2l-7.2-0.6L12,2L9.2,8.6L2,9.2L7.5,14l-1.6,7L12,17.3z\" \/>\n<\/svg>\n<\/span><\/span><span style=\"display: none;\" ><span>\n<svg xmlns=\"http:\/\/www.w3.org\/2000\/svg\" width=\"24\" height=\"24\" viewBox=\"0 0 24 24\">\n\t<path class=\"\" fill=\"currentColor\" stroke=\"currentColor\" d=\"M12,17.3l6.2,3.7l-1.6-7L22,9.2l-7.2-0.6L12,2L9.2,8.6L2,9.2L7.5,14l-1.6,7L12,17.3z\" \/>\n<\/svg>\n<\/span>\n<span>\n<svg xmlns=\"http:\/\/www.w3.org\/2000\/svg\" width=\"24\" height=\"24\" viewBox=\"0 0 24 24\">\n\t<path class=\"\" fill=\"currentColor\" stroke=\"currentColor\" d=\"M12,17.3l6.2,3.7l-1.6-7L22,9.2l-7.2-0.6L12,2L9.2,8.6L2,9.2L7.5,14l-1.6,7L12,17.3z\" \/>\n<\/svg>\n<\/span><\/span><span style=\"display: none;\" ><span>\n<svg xmlns=\"http:\/\/www.w3.org\/2000\/svg\" width=\"24\" height=\"24\" viewBox=\"0 0 24 24\">\n\t<path class=\"\" fill=\"currentColor\" stroke=\"currentColor\" d=\"M12,17.3l6.2,3.7l-1.6-7L22,9.2l-7.2-0.6L12,2L9.2,8.6L2,9.2L7.5,14l-1.6,7L12,17.3z\" \/>\n<\/svg>\n<\/span>\n<span>\n<svg xmlns=\"http:\/\/www.w3.org\/2000\/svg\" width=\"24\" height=\"24\" viewBox=\"0 0 24 24\">\n\t<path class=\"\" fill=\"currentColor\" stroke=\"currentColor\" d=\"M12,17.3l6.2,3.7l-1.6-7L22,9.2l-7.2-0.6L12,2L9.2,8.6L2,9.2L7.5,14l-1.6,7L12,17.3z\" \/>\n<\/svg>\n<\/span><\/span><span style=\"display: none;\" itemprop=\"bestRating\" content=\"5\"><span>\n<svg xmlns=\"http:\/\/www.w3.org\/2000\/svg\" width=\"24\" height=\"24\" viewBox=\"0 0 24 24\">\n\t<path class=\"\" fill=\"currentColor\" stroke=\"currentColor\" d=\"M12,17.3l6.2,3.7l-1.6-7L22,9.2l-7.2-0.6L12,2L9.2,8.6L2,9.2L7.5,14l-1.6,7L12,17.3z\" \/>\n<\/svg>\n<\/span>\n<span>\n<svg xmlns=\"http:\/\/www.w3.org\/2000\/svg\" width=\"24\" height=\"24\" viewBox=\"0 0 24 24\">\n\t<path class=\"is-rating-unfilled\" fill=\"currentColor\" stroke=\"currentColor\" d=\"M12,17.3l6.2,3.7l-1.6-7L22,9.2l-7.2-0.6L12,2L9.2,8.6L2,9.2L7.5,14l-1.6,7L12,17.3z\" \/>\n<\/svg>\n<\/span><\/span><span itemprop=\"ratingValue\" class=\"screen-reader-text\" content=\"4.5\">Note\u00a0: 4.5\u00a0sur 5.<\/span><\/div>\n\n\n<h2 class=\"has-vivid-green-cyan-color has-text-color wp-block-heading\">Mes challenges<\/h2>\n\n\n\n<p class=\"has-medium-font-size wp-block-paragraph\">Cette lecture m&rsquo;a permis de valider La cat\u00e9gorie 2 du <a href=\"https:\/\/serialectrice.com\/index.php\/2021\/12\/29\/challenge-litteraire-janvier\/\">challenge mensuel<\/a>. <strong>Lire un auteur en 7 lettres.<\/strong><\/p>\n\n\n\n<p class=\"has-medium-font-size wp-block-paragraph\">Elle m&rsquo;a \u00e9galement permis de valider la cat\u00e9gorie 4 du <a href=\"https:\/\/serialectrice.com\/index.php\/2021\/12\/21\/challenge-litteraire-dhiver-2\/\">challenge saisonnier<\/a>. <strong>Une couverture avec un b\u00e9b\u00e9.<\/strong><\/p>\n\n\n\n<p class=\"has-medium-font-size wp-block-paragraph\">Enfin, j&rsquo;ai valid\u00e9 la cat\u00e9gorie 75 du <a href=\"https:\/\/www.facebook.com\/groups\/707636122759664\">challenge annuel.<\/a> <strong>Histoire dans laquelle il y a un suicide.<\/strong><\/p>\n","protected":false},"excerpt":{"rendered":"<p>Qui a bien pu enlever ces deux nourrissons dans deux hopitaux de la r\u00e9gion parisienne ?<\/p>\n","protected":false},"author":1,"featured_media":2735,"comment_status":"open","ping_status":"open","sticky":false,"template":"","format":"standard","meta":{"_crdt_document":"","om_disable_all_campaigns":false,"_uag_custom_page_level_css":"","_monsterinsights_skip_tracking":false,"_monsterinsights_sitenote_active":false,"_monsterinsights_sitenote_note":"","_monsterinsights_sitenote_category":0,"_uf_show_specific_survey":0,"_uf_disable_surveys":false,"_jetpack_memberships_contains_paid_content":false,"footnotes":"","jetpack_publicize_message":"L'enfant dormira bient\u00f4t de Fran\u00e7ois-Xavier Dillard. \n\nQui a bien pu enlever ces deux nourrissons dans deux hopitaux de la r\u00e9gion parisienne ?","jetpack_publicize_feature_enabled":true,"jetpack_social_post_already_shared":true,"jetpack_social_options":{"image_generator_settings":{"template":"highway","default_image_id":0,"font":"","enabled":false},"version":2}},"categories":[6,14],"tags":[216,46,23,24,12,25],"class_list":["post-2732","post","type-post","status-publish","format-standard","has-post-thumbnail","hentry","category-livres-lus","category-service-presse","tag-enfant","tag-enlevement","tag-enquete","tag-policier","tag-psychologie","tag-thriller"],"aioseo_notices":[],"jetpack_publicize_connections":[],"jetpack_featured_media_url":"https:\/\/serialectrice.com\/wp-content\/uploads\/2022\/01\/Sans-titre303.png","uagb_featured_image_src":{"full":["https:\/\/serialectrice.com\/wp-content\/uploads\/2022\/01\/Sans-titre303.png",1716,993,false],"thumbnail":["https:\/\/serialectrice.com\/wp-content\/uploads\/2022\/01\/Sans-titre303-572x331.png",572,331,true],"medium":["https:\/\/serialectrice.com\/wp-content\/uploads\/2022\/01\/Sans-titre303-300x174.png",300,174,true],"medium_large":["https:\/\/serialectrice.com\/wp-content\/uploads\/2022\/01\/Sans-titre303-768x444.png",768,444,true],"large":["https:\/\/serialectrice.com\/wp-content\/uploads\/2022\/01\/Sans-titre303-1024x593.png",840,486,true],"post-slider-thumb-size":["https:\/\/serialectrice.com\/wp-content\/uploads\/2022\/01\/Sans-titre303.png",328,190,false],"post-category-slider-size":["https:\/\/serialectrice.com\/wp-content\/uploads\/2022\/01\/Sans-titre303.png",330,191,false],"1536x1536":["https:\/\/serialectrice.com\/wp-content\/uploads\/2022\/01\/Sans-titre303-1536x889.png",1536,889,true],"2048x2048":["https:\/\/serialectrice.com\/wp-content\/uploads\/2022\/01\/Sans-titre303.png",1716,993,false],"hello-fashion-slider":["https:\/\/serialectrice.com\/wp-content\/uploads\/2022\/01\/Sans-titre303.png",480,278,false],"hello-fashion-blog-three":["https:\/\/serialectrice.com\/wp-content\/uploads\/2022\/01\/Sans-titre303.png",420,243,false],"hello-fashion-blog-four":["https:\/\/serialectrice.com\/wp-content\/uploads\/2022\/01\/Sans-titre303.png",573,332,false],"vilva-slider-one":["https:\/\/serialectrice.com\/wp-content\/uploads\/2022\/01\/Sans-titre303.png",1037,600,false],"vilva-featured-four":["https:\/\/serialectrice.com\/wp-content\/uploads\/2022\/01\/Sans-titre303.png",800,463,false],"vilva-blog":["https:\/\/serialectrice.com\/wp-content\/uploads\/2022\/01\/Sans-titre303.png",420,243,false],"vilva-blog-one":["https:\/\/serialectrice.com\/wp-content\/uploads\/2022\/01\/Sans-titre303.png",864,500,false],"vilva-sidebar":["https:\/\/serialectrice.com\/wp-content\/uploads\/2022\/01\/Sans-titre303.png",817,473,false]},"uagb_author_info":{"display_name":"SeriaLectrice","author_link":"https:\/\/serialectrice.com\/index.php\/author\/cilounegmail-com\/"},"uagb_comment_info":2,"uagb_excerpt":"Qui a bien pu enlever ces deux nourrissons dans deux hopitaux de la r\u00e9gion parisienne ?","jetpack_sharing_enabled":true,"jetpack_likes_enabled":true,"_links":{"self":[{"href":"https:\/\/serialectrice.com\/index.php\/wp-json\/wp\/v2\/posts\/2732","targetHints":{"allow":["GET"]}}],"collection":[{"href":"https:\/\/serialectrice.com\/index.php\/wp-json\/wp\/v2\/posts"}],"about":[{"href":"https:\/\/serialectrice.com\/index.php\/wp-json\/wp\/v2\/types\/post"}],"author":[{"embeddable":true,"href":"https:\/\/serialectrice.com\/index.php\/wp-json\/wp\/v2\/users\/1"}],"replies":[{"embeddable":true,"href":"https:\/\/serialectrice.com\/index.php\/wp-json\/wp\/v2\/comments?post=2732"}],"version-history":[{"count":0,"href":"https:\/\/serialectrice.com\/index.php\/wp-json\/wp\/v2\/posts\/2732\/revisions"}],"wp:featuredmedia":[{"embeddable":true,"href":"https:\/\/serialectrice.com\/index.php\/wp-json\/wp\/v2\/media\/2735"}],"wp:attachment":[{"href":"https:\/\/serialectrice.com\/index.php\/wp-json\/wp\/v2\/media?parent=2732"}],"wp:term":[{"taxonomy":"category","embeddable":true,"href":"https:\/\/serialectrice.com\/index.php\/wp-json\/wp\/v2\/categories?post=2732"},{"taxonomy":"post_tag","embeddable":true,"href":"https:\/\/serialectrice.com\/index.php\/wp-json\/wp\/v2\/tags?post=2732"}],"curies":[{"name":"wp","href":"https:\/\/api.w.org\/{rel}","templated":true}]}}