{"id":2725,"date":"2022-01-11T12:30:00","date_gmt":"2022-01-11T10:30:00","guid":{"rendered":"https:\/\/serialectrice.com\/?p=2725"},"modified":"2022-01-10T15:46:38","modified_gmt":"2022-01-10T13:46:38","slug":"dr-jekyll-mr-hyde","status":"publish","type":"post","link":"https:\/\/serialectrice.com\/index.php\/2022\/01\/11\/dr-jekyll-mr-hyde\/","title":{"rendered":"Le cas \u00e9trange du Dr Jekyll et Mr Hyde"},"content":{"rendered":"\n<div class=\"wp-block-media-text alignwide is-stacked-on-mobile is-vertically-aligned-top\" style=\"grid-template-columns:30% auto\"><figure class=\"wp-block-media-text__media\"><img loading=\"lazy\" decoding=\"async\" width=\"441\" height=\"675\" src=\"https:\/\/serialectrice.com\/wp-content\/uploads\/2021\/09\/dr-jekyll-and-mr-hyde-1151784.jpg\" alt=\"\" class=\"wp-image-2322 size-full\" srcset=\"https:\/\/serialectrice.com\/wp-content\/uploads\/2021\/09\/dr-jekyll-and-mr-hyde-1151784.jpg 441w, https:\/\/serialectrice.com\/wp-content\/uploads\/2021\/09\/dr-jekyll-and-mr-hyde-1151784-196x300.jpg 196w, https:\/\/serialectrice.com\/wp-content\/uploads\/2021\/09\/dr-jekyll-and-mr-hyde-1151784-98x150.jpg 98w\" sizes=\"auto, (max-width: 441px) 100vw, 441px\" \/><\/figure><div class=\"wp-block-media-text__content\">\n<h2 class=\"has-vivid-green-cyan-color has-text-color wp-block-heading\">R\u00e9sum\u00e9<\/h2>\n\n\n\n<p class=\"wp-block-paragraph\" style=\"font-size:19px\"><span style=\"text-decoration: underline;\" class=\"underline\">Le cas \u00e9trange du Dr Jekyll et Mr Hyde<\/span><\/p>\n\n\n\n<p class=\"wp-block-paragraph\" style=\"font-size:19px\">Un monstre r\u00f4de dans les br\u00fbmes victoriennes de Londres. Il a pi\u00e9tin\u00e9 une fillette, tu\u00e9 un d\u00e9put\u00e9 et box\u00e9 une marchande d&rsquo;allumettes. C&rsquo;est un petit homme difforme et mal habill\u00e9, qui inspire \u00e0 tous ceux qui l&rsquo;ont vu des sentiments m\u00eal\u00e9s de r\u00e9pulsion, de crainte et de haine. A quoi, \u00e0 qui ressemble-t-il?<\/p>\n\n\n\n<p class=\"wp-block-paragraph\" style=\"font-size:19px\">Pourquoi les t\u00e9moins occulaires de ses m\u00e9faits sont-ils incapables de d\u00e9crire Mr Hyde ?<\/p>\n<\/div><\/div>\n\n\n\n<h2 class=\"has-vivid-green-cyan-color has-text-color wp-block-heading\">Mon ressenti<\/h2>\n\n\n\n<p class=\"has-medium-font-size wp-block-paragraph\">Voici une lecture que j&rsquo;ai fortement appr\u00e9ci\u00e9. Je connaissais d\u00e9j\u00e0 les grandes lignes et cela m&rsquo;a certainement aid\u00e9e \u00e0 mieux me concentrer sur la construction du r\u00e9cit et l&rsquo;\u00e9criture.<\/p>\n\n\n\n<p class=\"has-medium-font-size wp-block-paragraph\">Cette histoire m&rsquo;a un peu fait penser \u00e0 celle de<strong> Frankeinstein, de <\/strong>Mary Shelley. C&rsquo;est l&rsquo;histoire d&rsquo;un m\u00e9decin, le Dr Jekyll,<strong> sorte de savant fou, obnubil\u00e9 par sa double personnalit\u00e9<\/strong>. A l&rsquo;aide de certaines mol\u00e9cules, il va cr\u00e9er une drogue lui permettant de changer de personnalit\u00e9 et d&rsquo;apparence. <strong>Appara\u00eet alors Mr Hyde. <\/strong>Il est tellement hideux, qu&rsquo;il se cache sans cesse, personne ne sait vraiment o\u00f9 il habite et on ne l&rsquo;attrape jamais. L&rsquo;auteur a bien \u00e9videmment jou\u00e9 sur les mots entre Hyde\/hide qui signifie se cacher. <strong>Le Dr Jekyll parvient toujours \u00e0 revenir \u00e0 sa personnalit\u00e9 de base, mais plus il utilise sa potion, plus sa version mal\u00e9fique prend le dessus, jusqu&rsquo;au jour o\u00f9 il ne peut retrouver une apparance ordinaire. <\/strong>Mais Stevenson nous laisse un espoir puisqu&rsquo;\u00e0 la toute fin, pris de remords Mr Hyde agira de la mani\u00e8re la plus humaine possible.<\/p>\n\n\n\n<h6 class=\"has-text-align-center wp-block-heading\">&#8212;<\/h6>\n\n\n\n<p class=\"has-medium-font-size wp-block-paragraph\">Tout au long du r\u00e9cit, Stevenson laisse planer le doute sur Mr Hyde, cet homme qui n&rsquo;est jamais d\u00e9crit physiquement par l&rsquo;auteur.<strong> Le simple fait de n&rsquo;avoir aucune id\u00e9e sur son apparence physique amplifie le c\u00f4t\u00e9 surr\u00e9aliste du r\u00e9cit.<\/strong> On le sait hideux, monstrueux, inhumain, mais on n&rsquo;a aucune id\u00e9e de la couleur de ses cheveux, de ses yeux, de la forme de son nez ou autres d\u00e9tails de son visage. D&rsquo;ailleurs, peut-\u00eatre son visage ne ressemble-t-il pas vraiment au n\u00f4tre ? <strong>Le manque de description cr\u00e9e une atmosph\u00e8re encore plus sombre, plus angoissante face \u00e0 ce myst\u00e9rieux personnage.<\/strong><\/p>\n\n\n\n<p class=\"has-medium-font-size wp-block-paragraph\">L&rsquo;auteur r\u00e9ussit \u00e0 cr\u00e9er une tension tout au long du livre. <strong>Et surtout il arrive \u00e0 nous faire ressentir qu&rsquo;en chacun de nous, sommeillent deux \u00eatres. <\/strong>Le bon et le mauvais qu&rsquo;on pr\u00e9f\u00e8re cacher. Combien de fois entendons-nous suite \u00e0 un meurtre effroyable que personne n&rsquo;aurait pens\u00e9 que le coupable aurait pu agir ainsi ? Ses voisins, sa famille, personne ne se doutait de la personnalit\u00e9 que le meurtrier cachait ! C&rsquo;est ce que nous montre Stevenson ici. <strong>Le Dr Jekyll, homme appr\u00e9ci\u00e9 et reconnu a une double personnalit\u00e9, et celle-ci va jusqu&rsquo;\u00e0 tuer.<\/strong><\/p>\n\n\n\n<div class=\"wp-block-image\"><figure class=\"aligncenter size-large is-resized\"><img decoding=\"async\" src=\"https:\/\/serialectrice.com\/wp-content\/uploads\/2022\/01\/Sans-titre301-1024x1024.png\" alt=\"\" class=\"wp-image-2729\" width=\"-95\" height=\"-95\" srcset=\"https:\/\/serialectrice.com\/wp-content\/uploads\/2022\/01\/Sans-titre301-1024x1024.png 1024w, https:\/\/serialectrice.com\/wp-content\/uploads\/2022\/01\/Sans-titre301-300x300.png 300w, https:\/\/serialectrice.com\/wp-content\/uploads\/2022\/01\/Sans-titre301-150x150.png 150w, https:\/\/serialectrice.com\/wp-content\/uploads\/2022\/01\/Sans-titre301-768x768.png 768w, https:\/\/serialectrice.com\/wp-content\/uploads\/2022\/01\/Sans-titre301-100x100.png 100w, https:\/\/serialectrice.com\/wp-content\/uploads\/2022\/01\/Sans-titre301.png 1080w\" sizes=\"(max-width: 1024px) 100vw, 1024px\" \/><\/figure><\/div>\n\n\n\n<p class=\"has-text-align-center has-medium-font-size wp-block-paragraph\"><em>C&rsquo;est un chef d&rsquo;oeuvre litt\u00e9raire qui nous emm\u00e8ne dans<strong> les m\u00e9andres de nos \u00e2mes tortur\u00e9es. <\/strong>Sous ses airs horrifiques, ce texte nous am\u00e8ne \u00e0 nous poser des questions sur notre moi, sur notre personnalit\u00e9 et sur celle qu&rsquo;on cache certainement (de mani\u00e8re consciente ou non). Ca en fait donc \u00e9galement <strong>un texte \u00e0 port\u00e9e philosophique. <\/strong><\/em><\/p>\n\n\n<div class=\"wp-block-jetpack-rating-star\" style=\"text-align:center\" itemprop=\"reviewRating\" itemscope itemtype=\"http:\/\/schema.org\/Rating\"><p><span aria-hidden=\"true\">\u2b50<\/span><span aria-hidden=\"true\">\u2b50<\/span><span aria-hidden=\"true\">\u2b50<\/span><span aria-hidden=\"true\">\u2b50<\/span><span aria-hidden=\"true\">\u2b50<\/span><\/p><span style=\"display: none;\" itemprop=\"worstRating\" content=\"0.5\"><span>\n<svg xmlns=\"http:\/\/www.w3.org\/2000\/svg\" width=\"24\" height=\"24\" viewBox=\"0 0 24 24\">\n\t<path class=\"\" fill=\"currentColor\" stroke=\"currentColor\" d=\"M12,17.3l6.2,3.7l-1.6-7L22,9.2l-7.2-0.6L12,2L9.2,8.6L2,9.2L7.5,14l-1.6,7L12,17.3z\" \/>\n<\/svg>\n<\/span>\n<span>\n<svg xmlns=\"http:\/\/www.w3.org\/2000\/svg\" width=\"24\" height=\"24\" viewBox=\"0 0 24 24\">\n\t<path class=\"\" fill=\"currentColor\" stroke=\"currentColor\" d=\"M12,17.3l6.2,3.7l-1.6-7L22,9.2l-7.2-0.6L12,2L9.2,8.6L2,9.2L7.5,14l-1.6,7L12,17.3z\" \/>\n<\/svg>\n<\/span><\/span><span style=\"display: none;\" ><span>\n<svg xmlns=\"http:\/\/www.w3.org\/2000\/svg\" width=\"24\" height=\"24\" viewBox=\"0 0 24 24\">\n\t<path class=\"\" fill=\"currentColor\" stroke=\"currentColor\" d=\"M12,17.3l6.2,3.7l-1.6-7L22,9.2l-7.2-0.6L12,2L9.2,8.6L2,9.2L7.5,14l-1.6,7L12,17.3z\" \/>\n<\/svg>\n<\/span>\n<span>\n<svg xmlns=\"http:\/\/www.w3.org\/2000\/svg\" width=\"24\" height=\"24\" viewBox=\"0 0 24 24\">\n\t<path class=\"\" fill=\"currentColor\" stroke=\"currentColor\" d=\"M12,17.3l6.2,3.7l-1.6-7L22,9.2l-7.2-0.6L12,2L9.2,8.6L2,9.2L7.5,14l-1.6,7L12,17.3z\" \/>\n<\/svg>\n<\/span><\/span><span style=\"display: none;\" ><span>\n<svg xmlns=\"http:\/\/www.w3.org\/2000\/svg\" width=\"24\" height=\"24\" viewBox=\"0 0 24 24\">\n\t<path class=\"\" fill=\"currentColor\" stroke=\"currentColor\" d=\"M12,17.3l6.2,3.7l-1.6-7L22,9.2l-7.2-0.6L12,2L9.2,8.6L2,9.2L7.5,14l-1.6,7L12,17.3z\" \/>\n<\/svg>\n<\/span>\n<span>\n<svg xmlns=\"http:\/\/www.w3.org\/2000\/svg\" width=\"24\" height=\"24\" viewBox=\"0 0 24 24\">\n\t<path class=\"\" fill=\"currentColor\" stroke=\"currentColor\" d=\"M12,17.3l6.2,3.7l-1.6-7L22,9.2l-7.2-0.6L12,2L9.2,8.6L2,9.2L7.5,14l-1.6,7L12,17.3z\" \/>\n<\/svg>\n<\/span><\/span><span style=\"display: none;\" ><span>\n<svg xmlns=\"http:\/\/www.w3.org\/2000\/svg\" width=\"24\" height=\"24\" viewBox=\"0 0 24 24\">\n\t<path class=\"\" fill=\"currentColor\" stroke=\"currentColor\" d=\"M12,17.3l6.2,3.7l-1.6-7L22,9.2l-7.2-0.6L12,2L9.2,8.6L2,9.2L7.5,14l-1.6,7L12,17.3z\" \/>\n<\/svg>\n<\/span>\n<span>\n<svg xmlns=\"http:\/\/www.w3.org\/2000\/svg\" width=\"24\" height=\"24\" viewBox=\"0 0 24 24\">\n\t<path class=\"\" fill=\"currentColor\" stroke=\"currentColor\" d=\"M12,17.3l6.2,3.7l-1.6-7L22,9.2l-7.2-0.6L12,2L9.2,8.6L2,9.2L7.5,14l-1.6,7L12,17.3z\" \/>\n<\/svg>\n<\/span><\/span><span style=\"display: none;\" itemprop=\"bestRating\" content=\"5\"><span>\n<svg xmlns=\"http:\/\/www.w3.org\/2000\/svg\" width=\"24\" height=\"24\" viewBox=\"0 0 24 24\">\n\t<path class=\"\" fill=\"currentColor\" stroke=\"currentColor\" d=\"M12,17.3l6.2,3.7l-1.6-7L22,9.2l-7.2-0.6L12,2L9.2,8.6L2,9.2L7.5,14l-1.6,7L12,17.3z\" \/>\n<\/svg>\n<\/span>\n<span>\n<svg xmlns=\"http:\/\/www.w3.org\/2000\/svg\" width=\"24\" height=\"24\" viewBox=\"0 0 24 24\">\n\t<path class=\"\" fill=\"currentColor\" stroke=\"currentColor\" d=\"M12,17.3l6.2,3.7l-1.6-7L22,9.2l-7.2-0.6L12,2L9.2,8.6L2,9.2L7.5,14l-1.6,7L12,17.3z\" \/>\n<\/svg>\n<\/span><\/span><span itemprop=\"ratingValue\" class=\"screen-reader-text\" content=\"5\">Note\u00a0: 5\u00a0sur 5.<\/span><\/div>\n\n\n<p class=\"has-text-align-center wp-block-paragraph\" style=\"font-size:30px\"><em>Avez-vous lu cette nouvelle ? Quel autre texte similaire me conseilleriez-vous ?<\/em><\/p>\n\n\n\n<h2 class=\"has-vivid-green-cyan-color has-text-color wp-block-heading\">Mes challenges<\/h2>\n\n\n\n<p class=\"has-medium-font-size wp-block-paragraph\">Cette lecture m&rsquo;a permis de valider les cat\u00e9gories 1 et 6 du <a href=\"https:\/\/serialectrice.com\/index.php\/2021\/12\/29\/challenge-litteraire-janvier\/\">challenge mensuel<\/a>. <strong>Titre qui contient les lettres J et R. Couverture qui repr\u00e9sente la nuit.<\/strong><\/p>\n\n\n\n<p class=\"has-medium-font-size wp-block-paragraph\">Elle m&rsquo;a \u00e9galement permis de valider la cat\u00e9gorie 12 du <a href=\"https:\/\/serialectrice.com\/index.php\/2021\/12\/21\/challenge-litteraire-dhiver-2\/\">challenge saisonnier<\/a>. <strong>Auteur dont le nom est compos\u00e9 des lettres S et V.<\/strong><\/p>\n\n\n\n<p class=\"has-medium-font-size wp-block-paragraph\">Enfin, j&rsquo;ai valid\u00e9 la cat\u00e9gorie 62 du <a href=\"https:\/\/www.facebook.com\/groups\/707636122759664\">challenge annuel.<\/a> <strong>Couverture avec au moins 4 personnes.<\/strong><\/p>\n\n\n\n<p class=\"wp-block-paragraph\"><\/p>\n","protected":false},"excerpt":{"rendered":"<p>Qui est donc Mr Hyde, qui tue impun\u00e9ment et se cache chez le Dr Jekyll ?<\/p>\n","protected":false},"author":1,"featured_media":2726,"comment_status":"open","ping_status":"open","sticky":false,"template":"","format":"standard","meta":{"_crdt_document":"","om_disable_all_campaigns":false,"_uag_custom_page_level_css":"","_monsterinsights_skip_tracking":false,"_monsterinsights_sitenote_active":false,"_monsterinsights_sitenote_note":"","_monsterinsights_sitenote_category":0,"_uf_show_specific_survey":0,"_uf_disable_surveys":false,"_jetpack_memberships_contains_paid_content":false,"footnotes":"","jetpack_publicize_message":"Le cas \u00e9trange du Dr Jekyll et Mr Hyde de Stevenson. \n\nQui est donc Mr Hyde, qui tue impun\u00e9ment et se cache chez le Dr Jekyll ?","jetpack_publicize_feature_enabled":true,"jetpack_social_post_already_shared":true,"jetpack_social_options":{"image_generator_settings":{"template":"highway","default_image_id":0,"font":"","enabled":false},"version":2}},"categories":[6],"tags":[41,214,50,215],"class_list":["post-2725","post","type-post","status-publish","format-standard","has-post-thumbnail","hentry","category-livres-lus","tag-fantastique","tag-horreur","tag-philosophie","tag-stevenson"],"aioseo_notices":[],"jetpack_publicize_connections":[],"jetpack_featured_media_url":"https:\/\/serialectrice.com\/wp-content\/uploads\/2022\/01\/Sans-titre300.png","uagb_featured_image_src":{"full":["https:\/\/serialectrice.com\/wp-content\/uploads\/2022\/01\/Sans-titre300.png",1716,993,false],"thumbnail":["https:\/\/serialectrice.com\/wp-content\/uploads\/2022\/01\/Sans-titre300-572x331.png",572,331,true],"medium":["https:\/\/serialectrice.com\/wp-content\/uploads\/2022\/01\/Sans-titre300-300x174.png",300,174,true],"medium_large":["https:\/\/serialectrice.com\/wp-content\/uploads\/2022\/01\/Sans-titre300-768x444.png",768,444,true],"large":["https:\/\/serialectrice.com\/wp-content\/uploads\/2022\/01\/Sans-titre300-1024x593.png",840,486,true],"post-slider-thumb-size":["https:\/\/serialectrice.com\/wp-content\/uploads\/2022\/01\/Sans-titre300.png",328,190,false],"post-category-slider-size":["https:\/\/serialectrice.com\/wp-content\/uploads\/2022\/01\/Sans-titre300.png",330,191,false],"1536x1536":["https:\/\/serialectrice.com\/wp-content\/uploads\/2022\/01\/Sans-titre300-1536x889.png",1536,889,true],"2048x2048":["https:\/\/serialectrice.com\/wp-content\/uploads\/2022\/01\/Sans-titre300.png",1716,993,false],"hello-fashion-slider":["https:\/\/serialectrice.com\/wp-content\/uploads\/2022\/01\/Sans-titre300.png",480,278,false],"hello-fashion-blog-three":["https:\/\/serialectrice.com\/wp-content\/uploads\/2022\/01\/Sans-titre300.png",420,243,false],"hello-fashion-blog-four":["https:\/\/serialectrice.com\/wp-content\/uploads\/2022\/01\/Sans-titre300.png",573,332,false],"vilva-slider-one":["https:\/\/serialectrice.com\/wp-content\/uploads\/2022\/01\/Sans-titre300.png",1037,600,false],"vilva-featured-four":["https:\/\/serialectrice.com\/wp-content\/uploads\/2022\/01\/Sans-titre300.png",800,463,false],"vilva-blog":["https:\/\/serialectrice.com\/wp-content\/uploads\/2022\/01\/Sans-titre300.png",420,243,false],"vilva-blog-one":["https:\/\/serialectrice.com\/wp-content\/uploads\/2022\/01\/Sans-titre300.png",864,500,false],"vilva-sidebar":["https:\/\/serialectrice.com\/wp-content\/uploads\/2022\/01\/Sans-titre300.png",817,473,false]},"uagb_author_info":{"display_name":"SeriaLectrice","author_link":"https:\/\/serialectrice.com\/index.php\/author\/cilounegmail-com\/"},"uagb_comment_info":1,"uagb_excerpt":"Qui est donc Mr Hyde, qui tue impun\u00e9ment et se cache chez le Dr Jekyll ?","jetpack_sharing_enabled":true,"jetpack_likes_enabled":true,"_links":{"self":[{"href":"https:\/\/serialectrice.com\/index.php\/wp-json\/wp\/v2\/posts\/2725","targetHints":{"allow":["GET"]}}],"collection":[{"href":"https:\/\/serialectrice.com\/index.php\/wp-json\/wp\/v2\/posts"}],"about":[{"href":"https:\/\/serialectrice.com\/index.php\/wp-json\/wp\/v2\/types\/post"}],"author":[{"embeddable":true,"href":"https:\/\/serialectrice.com\/index.php\/wp-json\/wp\/v2\/users\/1"}],"replies":[{"embeddable":true,"href":"https:\/\/serialectrice.com\/index.php\/wp-json\/wp\/v2\/comments?post=2725"}],"version-history":[{"count":0,"href":"https:\/\/serialectrice.com\/index.php\/wp-json\/wp\/v2\/posts\/2725\/revisions"}],"wp:featuredmedia":[{"embeddable":true,"href":"https:\/\/serialectrice.com\/index.php\/wp-json\/wp\/v2\/media\/2726"}],"wp:attachment":[{"href":"https:\/\/serialectrice.com\/index.php\/wp-json\/wp\/v2\/media?parent=2725"}],"wp:term":[{"taxonomy":"category","embeddable":true,"href":"https:\/\/serialectrice.com\/index.php\/wp-json\/wp\/v2\/categories?post=2725"},{"taxonomy":"post_tag","embeddable":true,"href":"https:\/\/serialectrice.com\/index.php\/wp-json\/wp\/v2\/tags?post=2725"}],"curies":[{"name":"wp","href":"https:\/\/api.w.org\/{rel}","templated":true}]}}