{"id":2661,"date":"2022-01-02T16:19:50","date_gmt":"2022-01-02T14:19:50","guid":{"rendered":"https:\/\/serialectrice.com\/?p=2661"},"modified":"2022-01-02T16:21:31","modified_gmt":"2022-01-02T14:21:31","slug":"bilan-lecture-2021","status":"publish","type":"post","link":"https:\/\/serialectrice.com\/index.php\/2022\/01\/02\/bilan-lecture-2021\/","title":{"rendered":"Bilan Lecture 2021"},"content":{"rendered":"\n<p class=\"has-medium-font-size wp-block-paragraph\">L&rsquo;ann\u00e9e 2021 vient de se terminer. C&rsquo;est l&rsquo;heure de dresser un <strong>petit bilan<\/strong>. J&rsquo;ai concoct\u00e9 quelques <strong>visuels graphiques<\/strong> pour l&rsquo;occasion. Retrouvez \u00e9galement le <a href=\"https:\/\/serialectrice.com\/index.php\/2021\/01\/05\/bilan-lecture-2020\/\">bilan 2020<\/a>.<\/p>\n\n\n\n<h2 class=\"wp-block-heading\">Livres lus<\/h2>\n\n\n\n<div class=\"wp-block-image\"><figure class=\"aligncenter size-full\"><img loading=\"lazy\" decoding=\"async\" width=\"533\" height=\"400\" src=\"https:\/\/serialectrice.com\/wp-content\/uploads\/2022\/01\/1-3.png\" alt=\"\" class=\"wp-image-2684\" srcset=\"https:\/\/serialectrice.com\/wp-content\/uploads\/2022\/01\/1-3.png 533w, https:\/\/serialectrice.com\/wp-content\/uploads\/2022\/01\/1-3-300x225.png 300w, https:\/\/serialectrice.com\/wp-content\/uploads\/2022\/01\/1-3-150x113.png 150w, https:\/\/serialectrice.com\/wp-content\/uploads\/2022\/01\/1-3-86x64.png 86w\" sizes=\"auto, (max-width: 533px) 100vw, 533px\" \/><\/figure><\/div>\n\n\n\n<p class=\"has-medium-font-size wp-block-paragraph\">J&rsquo;ai donc lu <strong>136 livres<\/strong> en 2021. C&rsquo;est 6 livres de moins qu&rsquo;en 2020. A noter que sur les 136 livres lus, il y en a <strong>52 qui m&rsquo;ont \u00e9t\u00e9 offerts<\/strong> par des maisons d&rsquo;Editions ou auteurs, via diff\u00e9rentes plateformes.<\/p>\n\n\n\n<div class=\"wp-block-image\"><figure class=\"aligncenter size-full\"><img loading=\"lazy\" decoding=\"async\" width=\"533\" height=\"400\" src=\"https:\/\/serialectrice.com\/wp-content\/uploads\/2022\/01\/2-1.png\" alt=\"\" class=\"wp-image-2685\" srcset=\"https:\/\/serialectrice.com\/wp-content\/uploads\/2022\/01\/2-1.png 533w, https:\/\/serialectrice.com\/wp-content\/uploads\/2022\/01\/2-1-300x225.png 300w, https:\/\/serialectrice.com\/wp-content\/uploads\/2022\/01\/2-1-150x113.png 150w, https:\/\/serialectrice.com\/wp-content\/uploads\/2022\/01\/2-1-86x64.png 86w\" sizes=\"auto, (max-width: 533px) 100vw, 533px\" \/><\/figure><\/div>\n\n\n\n<p class=\"has-medium-font-size wp-block-paragraph\">Parmi ces Service-Presse, c&rsquo;est la plateforme num\u00e9rique <a href=\"https:\/\/www.netgalley.fr\/\">NetGalley<\/a> qui arrive en t\u00eate avec <strong>22 livres lus<\/strong> (sur 30 livres re\u00e7us, il m&rsquo;en reste 8 \u00e0 lire) ! Ensuite, j&rsquo;ai lu pas moins de 18 livres gr\u00e2ce \u00e0 ma participation au <a href=\"https:\/\/prixdeslecteurs.livredepoche.com\/\">Prix des Lecteurs.<\/a> J&rsquo;en avais re\u00e7u 18 mais ai abandonn\u00e9 la lecture de 2 d&rsquo;entre eux. Ensuite, j&rsquo;ai \u00e9galement re\u00e7u et lu 4 livres via le prix des <a href=\"https:\/\/nouvelles-voix-du-polar-pocket.lisez.com\/\">Nouvelles Voix du Polar<\/a>. J&rsquo;ai d&rsquo;ailleurs eu un coup de coeur parmi ces livres, &#8230;<a href=\"https:\/\/serialectrice.com\/index.php\/2021\/07\/30\/et-avec-votre-esprit\/\">Et avec votre esprit<\/a> d&rsquo;Alexis Laipsker. <\/p>\n\n\n\n<p class=\"has-medium-font-size wp-block-paragraph\">Mention Sp\u00e9ciale au groupe Instagram <a href=\"https:\/\/www.instagram.com\/thebooktrotteuses\/\">@thebooktrotteuses<\/a> qui permettent de <strong>recevoir un livre voyageur dans lequel chaque lecteur \u00e9crit son avis en premi\u00e8re page<\/strong>, et qui revient \u00e0 son auteur d\u00e8s que les 10 lecteurs l&rsquo;ont lu.<\/p>\n\n\n\n<div class=\"wp-block-image\"><figure class=\"aligncenter size-full\"><img loading=\"lazy\" decoding=\"async\" width=\"533\" height=\"400\" src=\"https:\/\/serialectrice.com\/wp-content\/uploads\/2022\/01\/4-1.png\" alt=\"\" class=\"wp-image-2690\" srcset=\"https:\/\/serialectrice.com\/wp-content\/uploads\/2022\/01\/4-1.png 533w, https:\/\/serialectrice.com\/wp-content\/uploads\/2022\/01\/4-1-300x225.png 300w, https:\/\/serialectrice.com\/wp-content\/uploads\/2022\/01\/4-1-150x113.png 150w, https:\/\/serialectrice.com\/wp-content\/uploads\/2022\/01\/4-1-86x64.png 86w\" sizes=\"auto, (max-width: 533px) 100vw, 533px\" \/><\/figure><\/div>\n\n\n\n<p class=\"has-medium-font-size wp-block-paragraph\">Cette ann\u00e9e, en plus du groupe Facebook dont je vous parle tant <a href=\"https:\/\/www.facebook.com\/groups\/707636122759664\">La t\u00eate dans les livres<\/a>, j&rsquo;ai d\u00e9couvert la page instagram de <a href=\"https:\/\/www.instagram.com\/une.page.de.plus\/\">@une.page.de.plus<\/a> qui propose r\u00e9guli\u00e8rement des lectures communes ! J&rsquo;ai particip\u00e9 \u00e0 3 d&rsquo;entre elles. La t\u00eate dans les livres reste le groupe avec lequel je fais le plus de lectures communes (elles sont plus simples car il y a 3 mois pour les lire, aucune date n&rsquo;est impos\u00e9e). <strong>C&rsquo;est une exp\u00e9rience int\u00e9ressante de partager nos ressentis sur une lecture identique. <\/strong>Je continuerai bien entendu en 2022.<\/p>\n\n\n\n<p class=\"has-medium-font-size wp-block-paragraph\">Enfin, gr\u00e2ce au groupe <a href=\"https:\/\/www.facebook.com\/groups\/707636122759664\">La t\u00eate dans les livres<\/a>, nous avons mis en place <strong>un club de lecture<\/strong>. Nous nous r\u00e9unissons virtuellement en visio chaque dernier mercredi du mois. <strong>C&rsquo;est r\u00e9ellement passionnant de discuter de vive voix de nos lectures avec d&rsquo;autres passionn\u00e9s.<\/strong><\/p>\n\n\n\n<h2 class=\"wp-block-heading\">Mon ressenti global<\/h2>\n\n\n\n<div class=\"wp-block-image\"><figure class=\"aligncenter size-full\"><img loading=\"lazy\" decoding=\"async\" width=\"533\" height=\"400\" src=\"https:\/\/serialectrice.com\/wp-content\/uploads\/2022\/01\/3-1.png\" alt=\"\" class=\"wp-image-2687\" srcset=\"https:\/\/serialectrice.com\/wp-content\/uploads\/2022\/01\/3-1.png 533w, https:\/\/serialectrice.com\/wp-content\/uploads\/2022\/01\/3-1-300x225.png 300w, https:\/\/serialectrice.com\/wp-content\/uploads\/2022\/01\/3-1-150x113.png 150w, https:\/\/serialectrice.com\/wp-content\/uploads\/2022\/01\/3-1-86x64.png 86w\" sizes=\"auto, (max-width: 533px) 100vw, 533px\" \/><\/figure><\/div>\n\n\n\n<p class=\"has-medium-font-size wp-block-paragraph\">En terme de ressentis, j&rsquo;ai eu <strong>10 livres coup de coeur <\/strong>! Les derniers en date sont Le crocus <a href=\"https:\/\/serialectrice.com\/index.php\/2021\/12\/27\/le-crocus-jaune-_-laila-ibrahim\/\">Jaune<\/a>, <a href=\"https:\/\/serialectrice.com\/index.php\/2021\/12\/23\/jusqua-ce-que-la-mort-nous-unisse-_-karine-giebel\/\">Jusqu&rsquo;\u00e0 ce que la mort nous unisse<\/a> et <a href=\"https:\/\/serialectrice.com\/index.php\/2021\/11\/21\/linnocence-et-la-loi-_-michael-connelly\/\">L&rsquo;innocence et la loi<\/a>. J&rsquo;ai \u00e9galement lu 36 livres qui auraient pu \u00eatre des coups de coeur, de tr\u00e8s bonnes lectures (elle sont souvent not\u00e9es 8 sur le blog). Enfin, <strong>21 livres m&rsquo;ont vraiment d\u00e9\u00e7ue <\/strong>(ils sont not\u00e9s de 1 \u00e0 5 sur le blog), sans parler des quelques livres dont j&rsquo;ai finalement abandonn\u00e9 la lecture.<\/p>\n\n\n\n<h2 class=\"wp-block-heading\">R\u00e9solutions livresques<\/h2>\n\n\n\n<div class=\"wp-block-image\"><figure class=\"aligncenter size-full\"><img loading=\"lazy\" decoding=\"async\" width=\"533\" height=\"754\" src=\"https:\/\/serialectrice.com\/wp-content\/uploads\/2022\/01\/Resolutions-2021-533-x-754-px1.png\" alt=\"\" class=\"wp-image-2695\" srcset=\"https:\/\/serialectrice.com\/wp-content\/uploads\/2022\/01\/Resolutions-2021-533-x-754-px1.png 533w, https:\/\/serialectrice.com\/wp-content\/uploads\/2022\/01\/Resolutions-2021-533-x-754-px1-212x300.png 212w, https:\/\/serialectrice.com\/wp-content\/uploads\/2022\/01\/Resolutions-2021-533-x-754-px1-106x150.png 106w\" sizes=\"auto, (max-width: 533px) 100vw, 533px\" \/><\/figure><\/div>\n\n\n\n<p class=\"has-medium-font-size wp-block-paragraph\">Parmi les bonnes r\u00e9solutions prises en 2021, <strong>j&rsquo;en ai valid\u00e9 5 sur 6<\/strong>. Avec le recul, j&rsquo;ai pu constater que la plupart \u00e9tait plut\u00f4t simples. <strong>Pour 2022, je vais tenter de compliquer un peu les choses.<\/strong><\/p>\n\n\n\n<div class=\"wp-block-image\"><figure class=\"aligncenter size-full\"><img loading=\"lazy\" decoding=\"async\" width=\"533\" height=\"400\" src=\"https:\/\/serialectrice.com\/wp-content\/uploads\/2022\/01\/5-1.png\" alt=\"\" class=\"wp-image-2691\" srcset=\"https:\/\/serialectrice.com\/wp-content\/uploads\/2022\/01\/5-1.png 533w, https:\/\/serialectrice.com\/wp-content\/uploads\/2022\/01\/5-1-300x225.png 300w, https:\/\/serialectrice.com\/wp-content\/uploads\/2022\/01\/5-1-150x113.png 150w, https:\/\/serialectrice.com\/wp-content\/uploads\/2022\/01\/5-1-86x64.png 86w\" sizes=\"auto, (max-width: 533px) 100vw, 533px\" \/><\/figure><\/div>\n\n\n\n<p class=\"has-text-align-center wp-block-paragraph\" style=\"font-size:30px\"><em><strong>Et vous, quel est votre bilan ? Combien de livres avez-vous lus ? Avez-vous eu des coups de coeur ? Des d\u00e9ceptions ? Dites-moi tout en commentaire ! <\/strong><\/em><\/p>\n","protected":false},"excerpt":{"rendered":"<p>Retrouvez le bilan livresque de l&rsquo;ann\u00e9e 2021.<\/p>\n","protected":false},"author":1,"featured_media":2696,"comment_status":"open","ping_status":"open","sticky":false,"template":"","format":"standard","meta":{"_crdt_document":"","om_disable_all_campaigns":false,"_uag_custom_page_level_css":"","_monsterinsights_skip_tracking":false,"_monsterinsights_sitenote_active":false,"_monsterinsights_sitenote_note":"","_monsterinsights_sitenote_category":0,"_uf_show_specific_survey":0,"_uf_disable_surveys":false,"_jetpack_memberships_contains_paid_content":false,"footnotes":"","jetpack_publicize_message":"Quel est on bilan livresque 2021 ? Combien de livres lus ? Combien de coups de coeur ?","jetpack_publicize_feature_enabled":true,"jetpack_social_post_already_shared":true,"jetpack_social_options":{"image_generator_settings":{"template":"highway","default_image_id":0,"font":"","enabled":false},"version":2}},"categories":[43],"tags":[37],"class_list":["post-2661","post","type-post","status-publish","format-standard","has-post-thumbnail","hentry","category-bilan","tag-bilan"],"aioseo_notices":[],"jetpack_publicize_connections":[],"jetpack_featured_media_url":"https:\/\/serialectrice.com\/wp-content\/uploads\/2022\/01\/Bilan-Annuel.png","uagb_featured_image_src":{"full":["https:\/\/serialectrice.com\/wp-content\/uploads\/2022\/01\/Bilan-Annuel.png",1716,993,false],"thumbnail":["https:\/\/serialectrice.com\/wp-content\/uploads\/2022\/01\/Bilan-Annuel-572x331.png",572,331,true],"medium":["https:\/\/serialectrice.com\/wp-content\/uploads\/2022\/01\/Bilan-Annuel-300x174.png",300,174,true],"medium_large":["https:\/\/serialectrice.com\/wp-content\/uploads\/2022\/01\/Bilan-Annuel-768x444.png",768,444,true],"large":["https:\/\/serialectrice.com\/wp-content\/uploads\/2022\/01\/Bilan-Annuel-1024x593.png",840,486,true],"post-slider-thumb-size":["https:\/\/serialectrice.com\/wp-content\/uploads\/2022\/01\/Bilan-Annuel.png",328,190,false],"post-category-slider-size":["https:\/\/serialectrice.com\/wp-content\/uploads\/2022\/01\/Bilan-Annuel.png",330,191,false],"1536x1536":["https:\/\/serialectrice.com\/wp-content\/uploads\/2022\/01\/Bilan-Annuel-1536x889.png",1536,889,true],"2048x2048":["https:\/\/serialectrice.com\/wp-content\/uploads\/2022\/01\/Bilan-Annuel.png",1716,993,false],"hello-fashion-slider":["https:\/\/serialectrice.com\/wp-content\/uploads\/2022\/01\/Bilan-Annuel.png",480,278,false],"hello-fashion-blog-three":["https:\/\/serialectrice.com\/wp-content\/uploads\/2022\/01\/Bilan-Annuel.png",420,243,false],"hello-fashion-blog-four":["https:\/\/serialectrice.com\/wp-content\/uploads\/2022\/01\/Bilan-Annuel.png",573,332,false],"vilva-slider-one":["https:\/\/serialectrice.com\/wp-content\/uploads\/2022\/01\/Bilan-Annuel.png",1037,600,false],"vilva-featured-four":["https:\/\/serialectrice.com\/wp-content\/uploads\/2022\/01\/Bilan-Annuel.png",800,463,false],"vilva-blog":["https:\/\/serialectrice.com\/wp-content\/uploads\/2022\/01\/Bilan-Annuel.png",420,243,false],"vilva-blog-one":["https:\/\/serialectrice.com\/wp-content\/uploads\/2022\/01\/Bilan-Annuel.png",864,500,false],"vilva-sidebar":["https:\/\/serialectrice.com\/wp-content\/uploads\/2022\/01\/Bilan-Annuel.png",817,473,false]},"uagb_author_info":{"display_name":"SeriaLectrice","author_link":"https:\/\/serialectrice.com\/index.php\/author\/cilounegmail-com\/"},"uagb_comment_info":2,"uagb_excerpt":"Retrouvez le bilan livresque de l'ann\u00e9e 2021.","jetpack_sharing_enabled":true,"jetpack_likes_enabled":true,"_links":{"self":[{"href":"https:\/\/serialectrice.com\/index.php\/wp-json\/wp\/v2\/posts\/2661","targetHints":{"allow":["GET"]}}],"collection":[{"href":"https:\/\/serialectrice.com\/index.php\/wp-json\/wp\/v2\/posts"}],"about":[{"href":"https:\/\/serialectrice.com\/index.php\/wp-json\/wp\/v2\/types\/post"}],"author":[{"embeddable":true,"href":"https:\/\/serialectrice.com\/index.php\/wp-json\/wp\/v2\/users\/1"}],"replies":[{"embeddable":true,"href":"https:\/\/serialectrice.com\/index.php\/wp-json\/wp\/v2\/comments?post=2661"}],"version-history":[{"count":0,"href":"https:\/\/serialectrice.com\/index.php\/wp-json\/wp\/v2\/posts\/2661\/revisions"}],"wp:featuredmedia":[{"embeddable":true,"href":"https:\/\/serialectrice.com\/index.php\/wp-json\/wp\/v2\/media\/2696"}],"wp:attachment":[{"href":"https:\/\/serialectrice.com\/index.php\/wp-json\/wp\/v2\/media?parent=2661"}],"wp:term":[{"taxonomy":"category","embeddable":true,"href":"https:\/\/serialectrice.com\/index.php\/wp-json\/wp\/v2\/categories?post=2661"},{"taxonomy":"post_tag","embeddable":true,"href":"https:\/\/serialectrice.com\/index.php\/wp-json\/wp\/v2\/tags?post=2661"}],"curies":[{"name":"wp","href":"https:\/\/api.w.org\/{rel}","templated":true}]}}