{"id":2605,"date":"2021-12-23T12:00:00","date_gmt":"2021-12-23T10:00:00","guid":{"rendered":"https:\/\/serialectrice.com\/?p=2605"},"modified":"2021-12-22T20:36:42","modified_gmt":"2021-12-22T18:36:42","slug":"jusqua-ce-que-la-mort-nous-unisse-_-karine-giebel","status":"publish","type":"post","link":"https:\/\/serialectrice.com\/index.php\/2021\/12\/23\/jusqua-ce-que-la-mort-nous-unisse-_-karine-giebel\/","title":{"rendered":"Jusqu&rsquo;\u00e0 ce que la mort nous unisse _ Karine Giebel"},"content":{"rendered":"\n<div class=\"wp-block-media-text alignwide is-stacked-on-mobile is-vertically-aligned-top\" style=\"grid-template-columns:34% auto\"><figure class=\"wp-block-media-text__media\"><img loading=\"lazy\" decoding=\"async\" width=\"488\" height=\"800\" src=\"https:\/\/serialectrice.com\/wp-content\/uploads\/2021\/11\/jusqua-ce-que-la-mort-nous-unisse-348951.jpg\" alt=\"\" class=\"wp-image-2526 size-full\" srcset=\"https:\/\/serialectrice.com\/wp-content\/uploads\/2021\/11\/jusqua-ce-que-la-mort-nous-unisse-348951.jpg 488w, https:\/\/serialectrice.com\/wp-content\/uploads\/2021\/11\/jusqua-ce-que-la-mort-nous-unisse-348951-183x300.jpg 183w, https:\/\/serialectrice.com\/wp-content\/uploads\/2021\/11\/jusqua-ce-que-la-mort-nous-unisse-348951-92x150.jpg 92w\" sizes=\"auto, (max-width: 488px) 100vw, 488px\" \/><\/figure><div class=\"wp-block-media-text__content\">\n<h2 class=\"has-vivid-green-cyan-color has-text-color wp-block-heading\">R\u00e9sum\u00e9<\/h2>\n\n\n\n<p class=\"wp-block-paragraph\" style=\"font-size:19px\"><span style=\"text-decoration: underline;\" class=\"underline\">Jusqu&rsquo;\u00e0 ce que la mort nous unisse<\/span><\/p>\n\n\n\n<p class=\"wp-block-paragraph\" style=\"font-size:19px\">La montagne ne pardonne pas. Vincent Lapaz, guide solitaire et bless\u00e9 par la vie, l&rsquo;apprend aujourd&rsquo;hui \u00e0 ses d\u00e9pens : la mort vient de frapper, foudroyant un \u00eatre cher. Simple accident ? Vincent n&rsquo;en croit rien : la victime connaissait le parcours comme sa poche. C&rsquo;est un meurtre. Avec l&rsquo;aide d&rsquo;une jeune gendarme, Vincent m\u00e8ne l&rsquo;enqu\u00eate, de crevasses en chausse-trappes, d\u00e9terrant un \u00e0 un les secrets qui hantent cette vall\u00e9e. Et Lapaz non plus n&rsquo;est pas du genre \u00e0 pardonner&#8230;<\/p>\n<\/div><\/div>\n\n\n\n<h2 class=\"has-vivid-green-cyan-color has-text-color wp-block-heading\">Mon ressenti<\/h2>\n\n\n\n<p class=\"has-medium-font-size wp-block-paragraph\">Voil\u00e0 le troisi\u00e8me roman de Karine Giebel que je lis. Le premier avait \u00e9t\u00e9 un vrai coup de coeur, tandis que <a href=\"https:\/\/serialectrice.com\/index.php\/2021\/12\/08\/terminus-elicius\/\">le deuxi\u00e8me<\/a> m&rsquo;avait laiss\u00e9e plus dubitative. C&rsquo;est donc sans aucune attente que me suis lanc\u00e9e dans ce troisi\u00e8me roman. <strong>Et c&rsquo;est un vrai coup de coeur !<\/strong> J&rsquo;ai tout aim\u00e9 dans ce roman. Contrairement au premier que j&rsquo;avais \u00e9galement ador\u00e9, le genre est diff\u00e9rent. Dans Purgatoire des innocents, nous avions un thriller psychologique tr\u00e8s \u00e9prouvant, avec beaucoup de d\u00e9tails morbides ou sanglants. M\u00eame si j&rsquo;avais beaucoup aim\u00e9 ce roman, je redoutais un peu de retrouver la m\u00eame chose dans celui-ci. Mais pas du tout ! Jusqu&rsquo;\u00e0 ce que la mort nous unisse est plut\u00f4t <strong>une enqu\u00eate qui tourne autour de la mort de Pierre, un guide de haute montagne.<\/strong> Son meilleur ami Vincent reste persuad\u00e9 qu&rsquo;il ne s&rsquo;agit pas d&rsquo;un accident et qu&rsquo;on a attent\u00e9 \u00e0 ses jours.<\/p>\n\n\n\n<p class=\"has-medium-font-size wp-block-paragraph\">Il va confier ses doutes \u00e0 sa nouvelle amie, Servane, r\u00e9cemment arriv\u00e9e dans la r\u00e9gion, qui est <strong>une jeune gendarme<\/strong>. Elle souhaite confier l&rsquo;enqu\u00eate \u00e0 ses sup\u00e9rieurs, mais personne ne la prend vraiment au s\u00e9rieux et la brigade presque exclusivement masculine est un brin machiste. <strong>Elle d\u00e9cide donc d&rsquo;enqu\u00eater durant son temps libre<\/strong> et se promet d&rsquo;en r\u00e9f\u00e9rer \u00e0 sa hi\u00e9rarchie si elle trouve quoi que ce soit. <\/p>\n\n\n\n<div class=\"wp-block-image\"><figure class=\"aligncenter size-large is-resized\"><img loading=\"lazy\" decoding=\"async\" src=\"https:\/\/serialectrice.com\/wp-content\/uploads\/2021\/12\/Sans-titre286-1024x1024.png\" alt=\"\" class=\"wp-image-2608\" width=\"460\" height=\"460\" srcset=\"https:\/\/serialectrice.com\/wp-content\/uploads\/2021\/12\/Sans-titre286-1024x1024.png 1024w, https:\/\/serialectrice.com\/wp-content\/uploads\/2021\/12\/Sans-titre286-300x300.png 300w, https:\/\/serialectrice.com\/wp-content\/uploads\/2021\/12\/Sans-titre286-150x150.png 150w, https:\/\/serialectrice.com\/wp-content\/uploads\/2021\/12\/Sans-titre286-768x768.png 768w, https:\/\/serialectrice.com\/wp-content\/uploads\/2021\/12\/Sans-titre286-100x100.png 100w, https:\/\/serialectrice.com\/wp-content\/uploads\/2021\/12\/Sans-titre286.png 1080w\" sizes=\"auto, (max-width: 460px) 100vw, 460px\" \/><\/figure><\/div>\n\n\n\n<p class=\"has-medium-font-size wp-block-paragraph\">L&rsquo;\u00e9criture de Karine Giebel est tr\u00e8s <strong>agr\u00e9able<\/strong>. Elle nous plonge dans ce <strong>d\u00e9cor majestueux<\/strong> qu&rsquo;est la montagne. Les \u00e9pisodes de randonn\u00e9es m&rsquo;ont rappel\u00e9e mes propres treks dans les Alpes. <strong>Les personnages, quant \u00e0 eux, sont bien construits.<\/strong> Vincent est un personnage qu&rsquo;on veut d\u00e9tester. Il s\u00e9duit les femmes et les jette d\u00e8s qu&rsquo;il a obtenu satisfaction depuis que sa femme l&rsquo;a quitt\u00e9. Mais peu \u00e0 peu,<strong> on apprend \u00e0 l&rsquo;appr\u00e9cier<\/strong>, on comprend que ce n&rsquo;est pas un si mauvais gars. Servane, la gendarme, quant \u00e0 elle repr\u00e9sente <strong>un personnage f\u00e9minin qui va s&rsquo;imposer au milieu d&rsquo;un univers tr\u00e8s masculin.<\/strong><\/p>\n\n\n\n<p class=\"has-medium-font-size wp-block-paragraph\"><strong>La tension est palpable tout au long du roman<\/strong>. Des secrets profond\u00e9ment enfouis vont \u00eatre d\u00e9terr\u00e9s, et <strong>la r\u00e9v\u00e9lation finale est surprenante. <\/strong>La fin, sans parler de la d\u00e9couverte des coupables, est tellement <strong>inattendue et fracassante ! On ne peut rester insensible face \u00e0 cet ultime d\u00e9nouement. <\/strong><\/p>\n\n\n\n<p class=\"has-text-align-center has-medium-font-size wp-block-paragraph\"><em><strong>C&rsquo;est vraiment un excellent roman. <\/strong>Une enqu\u00eate qui sort des sentiers battus. <strong>Pas de sang, pas de d\u00e9tails macabres mais une intrigue vraiment bien pens\u00e9e.<\/strong><\/em><\/p>\n\n\n<div class=\"wp-block-jetpack-rating-star\" style=\"text-align:center\" itemprop=\"reviewRating\" itemscope itemtype=\"http:\/\/schema.org\/Rating\"><p><span aria-hidden=\"true\">\u2b50<\/span><span aria-hidden=\"true\">\u2b50<\/span><span aria-hidden=\"true\">\u2b50<\/span><span aria-hidden=\"true\">\u2b50<\/span><span aria-hidden=\"true\">\u2b50<\/span><\/p><span style=\"display: none;\" itemprop=\"worstRating\" content=\"0.5\"><span>\n<svg xmlns=\"http:\/\/www.w3.org\/2000\/svg\" width=\"24\" height=\"24\" viewBox=\"0 0 24 24\">\n\t<path class=\"\" fill=\"currentColor\" stroke=\"currentColor\" d=\"M12,17.3l6.2,3.7l-1.6-7L22,9.2l-7.2-0.6L12,2L9.2,8.6L2,9.2L7.5,14l-1.6,7L12,17.3z\" \/>\n<\/svg>\n<\/span>\n<span>\n<svg xmlns=\"http:\/\/www.w3.org\/2000\/svg\" width=\"24\" height=\"24\" viewBox=\"0 0 24 24\">\n\t<path class=\"\" fill=\"currentColor\" stroke=\"currentColor\" d=\"M12,17.3l6.2,3.7l-1.6-7L22,9.2l-7.2-0.6L12,2L9.2,8.6L2,9.2L7.5,14l-1.6,7L12,17.3z\" \/>\n<\/svg>\n<\/span><\/span><span style=\"display: none;\" ><span>\n<svg xmlns=\"http:\/\/www.w3.org\/2000\/svg\" width=\"24\" height=\"24\" viewBox=\"0 0 24 24\">\n\t<path class=\"\" fill=\"currentColor\" stroke=\"currentColor\" d=\"M12,17.3l6.2,3.7l-1.6-7L22,9.2l-7.2-0.6L12,2L9.2,8.6L2,9.2L7.5,14l-1.6,7L12,17.3z\" \/>\n<\/svg>\n<\/span>\n<span>\n<svg xmlns=\"http:\/\/www.w3.org\/2000\/svg\" width=\"24\" height=\"24\" viewBox=\"0 0 24 24\">\n\t<path class=\"\" fill=\"currentColor\" stroke=\"currentColor\" d=\"M12,17.3l6.2,3.7l-1.6-7L22,9.2l-7.2-0.6L12,2L9.2,8.6L2,9.2L7.5,14l-1.6,7L12,17.3z\" \/>\n<\/svg>\n<\/span><\/span><span style=\"display: none;\" ><span>\n<svg xmlns=\"http:\/\/www.w3.org\/2000\/svg\" width=\"24\" height=\"24\" viewBox=\"0 0 24 24\">\n\t<path class=\"\" fill=\"currentColor\" stroke=\"currentColor\" d=\"M12,17.3l6.2,3.7l-1.6-7L22,9.2l-7.2-0.6L12,2L9.2,8.6L2,9.2L7.5,14l-1.6,7L12,17.3z\" \/>\n<\/svg>\n<\/span>\n<span>\n<svg xmlns=\"http:\/\/www.w3.org\/2000\/svg\" width=\"24\" height=\"24\" viewBox=\"0 0 24 24\">\n\t<path class=\"\" fill=\"currentColor\" stroke=\"currentColor\" d=\"M12,17.3l6.2,3.7l-1.6-7L22,9.2l-7.2-0.6L12,2L9.2,8.6L2,9.2L7.5,14l-1.6,7L12,17.3z\" \/>\n<\/svg>\n<\/span><\/span><span style=\"display: none;\" ><span>\n<svg xmlns=\"http:\/\/www.w3.org\/2000\/svg\" width=\"24\" height=\"24\" viewBox=\"0 0 24 24\">\n\t<path class=\"\" fill=\"currentColor\" stroke=\"currentColor\" d=\"M12,17.3l6.2,3.7l-1.6-7L22,9.2l-7.2-0.6L12,2L9.2,8.6L2,9.2L7.5,14l-1.6,7L12,17.3z\" \/>\n<\/svg>\n<\/span>\n<span>\n<svg xmlns=\"http:\/\/www.w3.org\/2000\/svg\" width=\"24\" height=\"24\" viewBox=\"0 0 24 24\">\n\t<path class=\"\" fill=\"currentColor\" stroke=\"currentColor\" d=\"M12,17.3l6.2,3.7l-1.6-7L22,9.2l-7.2-0.6L12,2L9.2,8.6L2,9.2L7.5,14l-1.6,7L12,17.3z\" \/>\n<\/svg>\n<\/span><\/span><span style=\"display: none;\" itemprop=\"bestRating\" content=\"5\"><span>\n<svg xmlns=\"http:\/\/www.w3.org\/2000\/svg\" width=\"24\" height=\"24\" viewBox=\"0 0 24 24\">\n\t<path class=\"\" fill=\"currentColor\" stroke=\"currentColor\" d=\"M12,17.3l6.2,3.7l-1.6-7L22,9.2l-7.2-0.6L12,2L9.2,8.6L2,9.2L7.5,14l-1.6,7L12,17.3z\" \/>\n<\/svg>\n<\/span>\n<span>\n<svg xmlns=\"http:\/\/www.w3.org\/2000\/svg\" width=\"24\" height=\"24\" viewBox=\"0 0 24 24\">\n\t<path class=\"is-rating-unfilled\" fill=\"currentColor\" stroke=\"currentColor\" d=\"M12,17.3l6.2,3.7l-1.6-7L22,9.2l-7.2-0.6L12,2L9.2,8.6L2,9.2L7.5,14l-1.6,7L12,17.3z\" \/>\n<\/svg>\n<\/span><\/span><span itemprop=\"ratingValue\" class=\"screen-reader-text\" content=\"4.5\">Note\u00a0: 4.5\u00a0sur 5.<\/span><\/div>\n\n\n<p class=\"has-text-align-center wp-block-paragraph\"><em>Jusqu&rsquo;\u00e0 ce que la mort nous unisse a \u00e9t\u00e9 adapt\u00e9 en t\u00e9l\u00e9film.<\/em><\/p>\n\n\n\n<figure class=\"wp-block-embed is-type-video is-provider-youtube wp-block-embed-youtube wp-embed-aspect-16-9 wp-has-aspect-ratio\"><div class=\"wp-block-embed__wrapper\">\n<iframe loading=\"lazy\" title=\"Val d&#039;Allos : teaser du t\u00e9l\u00e9film &quot;jusqu&#039;\u00e0 ce que la mort nous unisse&quot;\" width=\"840\" height=\"473\" src=\"https:\/\/www.youtube.com\/embed\/jCtRKTg7Cuk?feature=oembed\" frameborder=\"0\" allow=\"accelerometer; autoplay; clipboard-write; encrypted-media; gyroscope; picture-in-picture; web-share\" allowfullscreen><\/iframe>\n<\/div><\/figure>\n\n\n\n<h2 class=\"has-vivid-green-cyan-color has-text-color wp-block-heading\">Mes challenges<\/h2>\n\n\n\n<p class=\"has-medium-font-size wp-block-paragraph\">Cette lecture m&rsquo;a permis de valider la cat\u00e9gorie 9 du <a href=\"https:\/\/serialectrice.com\/index.php\/2021\/11\/28\/challenge-litteraire-decembre\/\">challenge mensuel. <\/a><strong>Une histoire qui se d\u00e9roule en montagne.<\/strong> <\/p>\n\n\n\n<p class=\"has-medium-font-size wp-block-paragraph\">Elle m&rsquo;a \u00e9galement permis de valider la cat\u00e9gorie 4 du challenge <a href=\"https:\/\/www.facebook.com\/groups\/707636122759664\">annuel<\/a>. <strong>Un auteur d\u00e9j\u00e0 lu pour l&rsquo;annuel.<\/strong><\/p>\n","protected":false},"excerpt":{"rendered":"<p>Pierre est mort et Vincent n&rsquo;arrive pas \u00e0 croire \u00e0 l&rsquo;accident. Qu&rsquo;est-il donc arriv\u00e9 ?<\/p>\n","protected":false},"author":1,"featured_media":2606,"comment_status":"open","ping_status":"open","sticky":false,"template":"","format":"standard","meta":{"_crdt_document":"","om_disable_all_campaigns":false,"_uag_custom_page_level_css":"","_monsterinsights_skip_tracking":false,"_monsterinsights_sitenote_active":false,"_monsterinsights_sitenote_note":"","_monsterinsights_sitenote_category":0,"_uf_show_specific_survey":0,"_uf_disable_surveys":false,"_jetpack_memberships_contains_paid_content":false,"footnotes":"","jetpack_publicize_message":"Jusqu'\u00e0 ce que la mort nous unisse de Karine Giebel\n\nPierre est mort et Vincent n'arrive pas \u00e0 croire \u00e0 l'accident. Qu'est-il donc arriv\u00e9 ?","jetpack_publicize_feature_enabled":true,"jetpack_social_post_already_shared":true,"jetpack_social_options":{"image_generator_settings":{"template":"highway","default_image_id":0,"font":"","enabled":false},"version":2}},"categories":[6],"tags":[23,187,24],"class_list":["post-2605","post","type-post","status-publish","format-standard","has-post-thumbnail","hentry","category-livres-lus","tag-enquete","tag-karine-giebel","tag-policier"],"aioseo_notices":[],"jetpack_publicize_connections":[],"jetpack_featured_media_url":"https:\/\/serialectrice.com\/wp-content\/uploads\/2021\/12\/Sans-titre285.png","uagb_featured_image_src":{"full":["https:\/\/serialectrice.com\/wp-content\/uploads\/2021\/12\/Sans-titre285.png",1716,993,false],"thumbnail":["https:\/\/serialectrice.com\/wp-content\/uploads\/2021\/12\/Sans-titre285-572x331.png",572,331,true],"medium":["https:\/\/serialectrice.com\/wp-content\/uploads\/2021\/12\/Sans-titre285-300x174.png",300,174,true],"medium_large":["https:\/\/serialectrice.com\/wp-content\/uploads\/2021\/12\/Sans-titre285-768x444.png",768,444,true],"large":["https:\/\/serialectrice.com\/wp-content\/uploads\/2021\/12\/Sans-titre285-1024x593.png",840,486,true],"post-slider-thumb-size":["https:\/\/serialectrice.com\/wp-content\/uploads\/2021\/12\/Sans-titre285.png",328,190,false],"post-category-slider-size":["https:\/\/serialectrice.com\/wp-content\/uploads\/2021\/12\/Sans-titre285.png",330,191,false],"1536x1536":["https:\/\/serialectrice.com\/wp-content\/uploads\/2021\/12\/Sans-titre285-1536x889.png",1536,889,true],"2048x2048":["https:\/\/serialectrice.com\/wp-content\/uploads\/2021\/12\/Sans-titre285.png",1716,993,false],"hello-fashion-slider":["https:\/\/serialectrice.com\/wp-content\/uploads\/2021\/12\/Sans-titre285.png",480,278,false],"hello-fashion-blog-three":["https:\/\/serialectrice.com\/wp-content\/uploads\/2021\/12\/Sans-titre285.png",420,243,false],"hello-fashion-blog-four":["https:\/\/serialectrice.com\/wp-content\/uploads\/2021\/12\/Sans-titre285.png",573,332,false],"vilva-slider-one":["https:\/\/serialectrice.com\/wp-content\/uploads\/2021\/12\/Sans-titre285.png",1037,600,false],"vilva-featured-four":["https:\/\/serialectrice.com\/wp-content\/uploads\/2021\/12\/Sans-titre285.png",800,463,false],"vilva-blog":["https:\/\/serialectrice.com\/wp-content\/uploads\/2021\/12\/Sans-titre285.png",420,243,false],"vilva-blog-one":["https:\/\/serialectrice.com\/wp-content\/uploads\/2021\/12\/Sans-titre285.png",864,500,false],"vilva-sidebar":["https:\/\/serialectrice.com\/wp-content\/uploads\/2021\/12\/Sans-titre285.png",817,473,false]},"uagb_author_info":{"display_name":"SeriaLectrice","author_link":"https:\/\/serialectrice.com\/index.php\/author\/cilounegmail-com\/"},"uagb_comment_info":2,"uagb_excerpt":"Pierre est mort et Vincent n'arrive pas \u00e0 croire \u00e0 l'accident. Qu'est-il donc arriv\u00e9 ?","jetpack_sharing_enabled":true,"jetpack_likes_enabled":true,"_links":{"self":[{"href":"https:\/\/serialectrice.com\/index.php\/wp-json\/wp\/v2\/posts\/2605","targetHints":{"allow":["GET"]}}],"collection":[{"href":"https:\/\/serialectrice.com\/index.php\/wp-json\/wp\/v2\/posts"}],"about":[{"href":"https:\/\/serialectrice.com\/index.php\/wp-json\/wp\/v2\/types\/post"}],"author":[{"embeddable":true,"href":"https:\/\/serialectrice.com\/index.php\/wp-json\/wp\/v2\/users\/1"}],"replies":[{"embeddable":true,"href":"https:\/\/serialectrice.com\/index.php\/wp-json\/wp\/v2\/comments?post=2605"}],"version-history":[{"count":0,"href":"https:\/\/serialectrice.com\/index.php\/wp-json\/wp\/v2\/posts\/2605\/revisions"}],"wp:featuredmedia":[{"embeddable":true,"href":"https:\/\/serialectrice.com\/index.php\/wp-json\/wp\/v2\/media\/2606"}],"wp:attachment":[{"href":"https:\/\/serialectrice.com\/index.php\/wp-json\/wp\/v2\/media?parent=2605"}],"wp:term":[{"taxonomy":"category","embeddable":true,"href":"https:\/\/serialectrice.com\/index.php\/wp-json\/wp\/v2\/categories?post=2605"},{"taxonomy":"post_tag","embeddable":true,"href":"https:\/\/serialectrice.com\/index.php\/wp-json\/wp\/v2\/tags?post=2605"}],"curies":[{"name":"wp","href":"https:\/\/api.w.org\/{rel}","templated":true}]}}