{"id":2543,"date":"2021-12-08T11:00:00","date_gmt":"2021-12-08T09:00:00","guid":{"rendered":"https:\/\/serialectrice.com\/?p=2543"},"modified":"2021-12-08T08:44:41","modified_gmt":"2021-12-08T06:44:41","slug":"terminus-elicius","status":"publish","type":"post","link":"https:\/\/serialectrice.com\/index.php\/2021\/12\/08\/terminus-elicius\/","title":{"rendered":"Terminus Elicius _ Karine Giebel"},"content":{"rendered":"\n<div class=\"wp-block-media-text alignwide is-stacked-on-mobile is-vertically-aligned-top\" style=\"grid-template-columns:29% auto\"><figure class=\"wp-block-media-text__media\"><img loading=\"lazy\" decoding=\"async\" width=\"488\" height=\"800\" src=\"https:\/\/serialectrice.com\/wp-content\/uploads\/2021\/12\/terminus-elicius-786639.jpg\" alt=\"\" class=\"wp-image-2544 size-full\" srcset=\"https:\/\/serialectrice.com\/wp-content\/uploads\/2021\/12\/terminus-elicius-786639.jpg 488w, https:\/\/serialectrice.com\/wp-content\/uploads\/2021\/12\/terminus-elicius-786639-183x300.jpg 183w, https:\/\/serialectrice.com\/wp-content\/uploads\/2021\/12\/terminus-elicius-786639-92x150.jpg 92w\" sizes=\"auto, (max-width: 488px) 100vw, 488px\" \/><\/figure><div class=\"wp-block-media-text__content\">\n<h2 class=\"has-vivid-green-cyan-color has-text-color wp-block-heading\">R\u00e9sum\u00e9<\/h2>\n\n\n\n<p class=\"wp-block-paragraph\" style=\"font-size:19px\"><span style=\"text-decoration: underline;\" class=\"underline\">Terminus Elicius<\/span><\/p>\n\n\n\n<p class=\"wp-block-paragraph\" style=\"font-size:19px\">Toujours le m\u00eame trajet. Istres-Marseille. Marseille-Istres. Sa m\u00e8re, son travail. La vie de Jeanne est en transit. Elle la contemple en passager. Une lettre suffira \u00e0 faire d\u00e9railler ce train-train morose : \u00ab Vous \u00eates si belle, Jeanne. \u00bb Gliss\u00e9e entre deux banquettes, elle l\u2019attendait. Une d\u00e9claration. D\u2019amour. De guerre. Car l\u2019homme de ses r\u00eaves est un monstre, un tueur sans piti\u00e9. Elle sera sa confidente, son \u00e9paule. Il sera son \u00e2me s\u0153ur, son dilemme. Le terminus de ses cauchemars\u2026<\/p>\n<\/div><\/div>\n\n\n\n<h2 class=\"has-vivid-green-cyan-color has-text-color wp-block-heading\">Mon ressenti<\/h2>\n\n\n\n<p class=\"has-medium-font-size wp-block-paragraph\"><strong>Jeanne, jeune femme d\u00e9rang\u00e9e psychologiquement<\/strong>, a ses petites habitudes qu&rsquo;elle ne changerait pour rien au monde. Dans le train qu&rsquo;elle prend matin et soir, \u00e0 heure tr\u00e8s r\u00e9guli\u00e8re, elle s&rsquo;assoit toujours \u00e0 la m\u00eame place. <strong>Et Elicius l&rsquo;a remarqu\u00e9<\/strong>. Elicius, c&rsquo;est le serial killer qui s\u00e9vit en ce moment sur Marseille. <strong>Et il a d\u00e9cid\u00e9 d&rsquo;\u00e9crire \u00e0 Jeanne. Pour lui expliquer qui il est, et pourquoi.<\/strong> Jeanne ne sait plus ce qu&rsquo;elle doit faire. Secr\u00e9taire dans un commissariat, elle est d\u00e9chir\u00e9e entre l&rsquo;envie de prot\u00e9ger cet homme qui dit l&rsquo;aimer et de le d\u00e9noncer pour \u00e9viter qu&rsquo;il ne tue encore. <\/p>\n\n\n\n<p class=\"has-medium-font-size wp-block-paragraph\">On comprend tr\u00e8s rapidement que <strong>Jeanne est schizophr\u00e8ne.<\/strong> Elle a plusieurs voix dans sa t\u00eate. La voix raisonnable, celle qui lui dit de d\u00e9noncer ce fou qui s\u00e9vit. Et cette voix d\u00e9raisonnable, qui lui conseille de ne surtout rien dire. <strong>Karine Giebel m&rsquo;a pi\u00e9g\u00e9e avec le caract\u00e8re de Jeanne car j&rsquo;ai rapidement pens\u00e9 qu&rsquo;elle \u00e9tait Elicius.<\/strong> De nombreux indices me le laissaient penser. Et j&rsquo;avais \u00e9videmment faux sur toute la ligne. <strong>J&rsquo;aurais d\u00fb m&rsquo;en douter, je ne trouve jamais le coupable !<\/strong><\/p>\n\n\n\n<p class=\"has-medium-font-size wp-block-paragraph\">Terminus Elicius est un tout petit roman, et <strong>on sent que c&rsquo;est le premier de l&rsquo;autrice.<\/strong> J&rsquo;ai mis un certain temps \u00e0 rentrer dans cette histoire. En effet, au d\u00e9but <strong>le rythme de l&rsquo;histoire est tr\u00e8s lent. <\/strong>Il ne se passe pas grand chose, hormis Jeanne qui re\u00e7oit ces lettres et qui sans cesse h\u00e9site sur ce qu&rsquo;elle doit faire. <strong>Tout s&rsquo;acc\u00e9l\u00e8re dans la seconde partie du roman.<\/strong> Elicius continue de tuer et \u00e7a perturbe de plus en plus Jeanne. C&rsquo;est ce que j&rsquo;appelle <strong>un thriller l\u00e9ger.<\/strong><\/p>\n\n\n\n<div class=\"wp-block-image\"><figure class=\"aligncenter size-large is-resized\"><img decoding=\"async\" src=\"https:\/\/serialectrice.com\/wp-content\/uploads\/2021\/12\/Sans-titre273-1024x1024.png\" alt=\"\" class=\"wp-image-2548\" width=\"-105\" height=\"-105\" srcset=\"https:\/\/serialectrice.com\/wp-content\/uploads\/2021\/12\/Sans-titre273-1024x1024.png 1024w, https:\/\/serialectrice.com\/wp-content\/uploads\/2021\/12\/Sans-titre273-300x300.png 300w, https:\/\/serialectrice.com\/wp-content\/uploads\/2021\/12\/Sans-titre273-150x150.png 150w, https:\/\/serialectrice.com\/wp-content\/uploads\/2021\/12\/Sans-titre273-768x768.png 768w, https:\/\/serialectrice.com\/wp-content\/uploads\/2021\/12\/Sans-titre273-100x100.png 100w, https:\/\/serialectrice.com\/wp-content\/uploads\/2021\/12\/Sans-titre273.png 1080w\" sizes=\"(max-width: 1024px) 100vw, 1024px\" \/><\/figure><\/div>\n\n\n\n<p class=\"has-text-align-center has-medium-font-size wp-block-paragraph\"><em>Pas d\u00e9sagr\u00e9able \u00e0 lire mais pas tran<strong>scendant non plus.<\/strong> Heureusement, Karine Giebel s&rsquo;est depuis largement am\u00e9lior\u00e9e et <strong>ses derniers romans surpassent de loin ceux de ses d\u00e9buts.<\/strong><\/em><\/p>\n\n\n<div class=\"wp-block-jetpack-rating-star\" style=\"text-align:center\" itemprop=\"reviewRating\" itemscope itemtype=\"http:\/\/schema.org\/Rating\"><p><span aria-hidden=\"true\">\u2b50<\/span><span aria-hidden=\"true\">\u2b50<\/span><span aria-hidden=\"true\">\u2b50<\/span><span aria-hidden=\"true\">\u2b50<\/span><\/p><span style=\"display: none;\" itemprop=\"worstRating\" content=\"0.5\"><span>\n<svg xmlns=\"http:\/\/www.w3.org\/2000\/svg\" width=\"24\" height=\"24\" viewBox=\"0 0 24 24\">\n\t<path class=\"\" fill=\"currentColor\" stroke=\"currentColor\" d=\"M12,17.3l6.2,3.7l-1.6-7L22,9.2l-7.2-0.6L12,2L9.2,8.6L2,9.2L7.5,14l-1.6,7L12,17.3z\" \/>\n<\/svg>\n<\/span>\n<span>\n<svg xmlns=\"http:\/\/www.w3.org\/2000\/svg\" width=\"24\" height=\"24\" viewBox=\"0 0 24 24\">\n\t<path class=\"\" fill=\"currentColor\" stroke=\"currentColor\" d=\"M12,17.3l6.2,3.7l-1.6-7L22,9.2l-7.2-0.6L12,2L9.2,8.6L2,9.2L7.5,14l-1.6,7L12,17.3z\" \/>\n<\/svg>\n<\/span><\/span><span style=\"display: none;\" ><span>\n<svg xmlns=\"http:\/\/www.w3.org\/2000\/svg\" width=\"24\" height=\"24\" viewBox=\"0 0 24 24\">\n\t<path class=\"\" fill=\"currentColor\" stroke=\"currentColor\" d=\"M12,17.3l6.2,3.7l-1.6-7L22,9.2l-7.2-0.6L12,2L9.2,8.6L2,9.2L7.5,14l-1.6,7L12,17.3z\" \/>\n<\/svg>\n<\/span>\n<span>\n<svg xmlns=\"http:\/\/www.w3.org\/2000\/svg\" width=\"24\" height=\"24\" viewBox=\"0 0 24 24\">\n\t<path class=\"\" fill=\"currentColor\" stroke=\"currentColor\" d=\"M12,17.3l6.2,3.7l-1.6-7L22,9.2l-7.2-0.6L12,2L9.2,8.6L2,9.2L7.5,14l-1.6,7L12,17.3z\" \/>\n<\/svg>\n<\/span><\/span><span style=\"display: none;\" ><span>\n<svg xmlns=\"http:\/\/www.w3.org\/2000\/svg\" width=\"24\" height=\"24\" viewBox=\"0 0 24 24\">\n\t<path class=\"\" fill=\"currentColor\" stroke=\"currentColor\" d=\"M12,17.3l6.2,3.7l-1.6-7L22,9.2l-7.2-0.6L12,2L9.2,8.6L2,9.2L7.5,14l-1.6,7L12,17.3z\" \/>\n<\/svg>\n<\/span>\n<span>\n<svg xmlns=\"http:\/\/www.w3.org\/2000\/svg\" width=\"24\" height=\"24\" viewBox=\"0 0 24 24\">\n\t<path class=\"\" fill=\"currentColor\" stroke=\"currentColor\" d=\"M12,17.3l6.2,3.7l-1.6-7L22,9.2l-7.2-0.6L12,2L9.2,8.6L2,9.2L7.5,14l-1.6,7L12,17.3z\" \/>\n<\/svg>\n<\/span><\/span><span style=\"display: none;\" ><span>\n<svg xmlns=\"http:\/\/www.w3.org\/2000\/svg\" width=\"24\" height=\"24\" viewBox=\"0 0 24 24\">\n\t<path class=\"\" fill=\"currentColor\" stroke=\"currentColor\" d=\"M12,17.3l6.2,3.7l-1.6-7L22,9.2l-7.2-0.6L12,2L9.2,8.6L2,9.2L7.5,14l-1.6,7L12,17.3z\" \/>\n<\/svg>\n<\/span>\n<span>\n<svg xmlns=\"http:\/\/www.w3.org\/2000\/svg\" width=\"24\" height=\"24\" viewBox=\"0 0 24 24\">\n\t<path class=\"is-rating-unfilled\" fill=\"currentColor\" stroke=\"currentColor\" d=\"M12,17.3l6.2,3.7l-1.6-7L22,9.2l-7.2-0.6L12,2L9.2,8.6L2,9.2L7.5,14l-1.6,7L12,17.3z\" \/>\n<\/svg>\n<\/span><\/span><span style=\"display: none;\" itemprop=\"bestRating\" content=\"5\"><span>\n<svg xmlns=\"http:\/\/www.w3.org\/2000\/svg\" width=\"24\" height=\"24\" viewBox=\"0 0 24 24\">\n\t<path class=\"is-rating-unfilled\" fill=\"currentColor\" stroke=\"currentColor\" d=\"M12,17.3l6.2,3.7l-1.6-7L22,9.2l-7.2-0.6L12,2L9.2,8.6L2,9.2L7.5,14l-1.6,7L12,17.3z\" \/>\n<\/svg>\n<\/span>\n<span>\n<svg xmlns=\"http:\/\/www.w3.org\/2000\/svg\" width=\"24\" height=\"24\" viewBox=\"0 0 24 24\">\n\t<path class=\"is-rating-unfilled\" fill=\"currentColor\" stroke=\"currentColor\" d=\"M12,17.3l6.2,3.7l-1.6-7L22,9.2l-7.2-0.6L12,2L9.2,8.6L2,9.2L7.5,14l-1.6,7L12,17.3z\" \/>\n<\/svg>\n<\/span><\/span><span itemprop=\"ratingValue\" class=\"screen-reader-text\" content=\"3.5\">Note\u00a0: 3.5\u00a0sur 5.<\/span><\/div>\n\n\n<h2 class=\"has-vivid-green-cyan-color has-text-color wp-block-heading\">Mes challenges<\/h2>\n\n\n\n<p class=\"has-medium-font-size wp-block-paragraph\">Cette lecture m&rsquo;a permis de valider la cat\u00e9gorie 4 du <a href=\"https:\/\/serialectrice.com\/index.php\/2021\/09\/21\/challenge-litteraire-dautomne-2\/\">challenge saisonnier<\/a>. <strong>Quatri\u00e8me qui commence par un T.<\/strong><\/p>\n\n\n\n<p class=\"has-medium-font-size wp-block-paragraph\">Elle m&rsquo;a \u00e9galement permis de valider la cat\u00e9gorie 31 du challenge annuel propos\u00e9 par <a href=\"https:\/\/www.facebook.com\/groups\/707636122759664\">Linda.<\/a> <strong>Un titre sans la lettre A.<\/strong><\/p>\n","protected":false},"excerpt":{"rendered":"<p>Toujours le m\u00eame traket. La vie de Jeanne es en transit. Une lettre la fera d\u00e9railler.<\/p>\n","protected":false},"author":1,"featured_media":2546,"comment_status":"open","ping_status":"open","sticky":false,"template":"","format":"standard","meta":{"_crdt_document":"","om_disable_all_campaigns":false,"_uag_custom_page_level_css":"","_monsterinsights_skip_tracking":false,"_monsterinsights_sitenote_active":false,"_monsterinsights_sitenote_note":"","_monsterinsights_sitenote_category":0,"_uf_show_specific_survey":0,"_uf_disable_surveys":false,"_jetpack_memberships_contains_paid_content":false,"footnotes":"","jetpack_publicize_message":"Terminus Elicius de Karine Giebel\n\nToujours le m\u00eame traket. La vie de Jeanne es en transit. Une lettre la fera d\u00e9railler.","jetpack_publicize_feature_enabled":true,"jetpack_social_post_already_shared":true,"jetpack_social_options":{"image_generator_settings":{"template":"highway","default_image_id":0,"font":"","enabled":false},"version":2}},"categories":[6],"tags":[187,25],"class_list":["post-2543","post","type-post","status-publish","format-standard","has-post-thumbnail","hentry","category-livres-lus","tag-karine-giebel","tag-thriller"],"aioseo_notices":[],"jetpack_publicize_connections":[],"jetpack_featured_media_url":"https:\/\/serialectrice.com\/wp-content\/uploads\/2021\/12\/Sans-titre271.png","uagb_featured_image_src":{"full":["https:\/\/serialectrice.com\/wp-content\/uploads\/2021\/12\/Sans-titre271.png",1716,993,false],"thumbnail":["https:\/\/serialectrice.com\/wp-content\/uploads\/2021\/12\/Sans-titre271-572x331.png",572,331,true],"medium":["https:\/\/serialectrice.com\/wp-content\/uploads\/2021\/12\/Sans-titre271-300x174.png",300,174,true],"medium_large":["https:\/\/serialectrice.com\/wp-content\/uploads\/2021\/12\/Sans-titre271-768x444.png",768,444,true],"large":["https:\/\/serialectrice.com\/wp-content\/uploads\/2021\/12\/Sans-titre271-1024x593.png",840,486,true],"post-slider-thumb-size":["https:\/\/serialectrice.com\/wp-content\/uploads\/2021\/12\/Sans-titre271.png",328,190,false],"post-category-slider-size":["https:\/\/serialectrice.com\/wp-content\/uploads\/2021\/12\/Sans-titre271.png",330,191,false],"1536x1536":["https:\/\/serialectrice.com\/wp-content\/uploads\/2021\/12\/Sans-titre271-1536x889.png",1536,889,true],"2048x2048":["https:\/\/serialectrice.com\/wp-content\/uploads\/2021\/12\/Sans-titre271.png",1716,993,false],"hello-fashion-slider":["https:\/\/serialectrice.com\/wp-content\/uploads\/2021\/12\/Sans-titre271.png",480,278,false],"hello-fashion-blog-three":["https:\/\/serialectrice.com\/wp-content\/uploads\/2021\/12\/Sans-titre271.png",420,243,false],"hello-fashion-blog-four":["https:\/\/serialectrice.com\/wp-content\/uploads\/2021\/12\/Sans-titre271.png",573,332,false],"vilva-slider-one":["https:\/\/serialectrice.com\/wp-content\/uploads\/2021\/12\/Sans-titre271.png",1037,600,false],"vilva-featured-four":["https:\/\/serialectrice.com\/wp-content\/uploads\/2021\/12\/Sans-titre271.png",800,463,false],"vilva-blog":["https:\/\/serialectrice.com\/wp-content\/uploads\/2021\/12\/Sans-titre271.png",420,243,false],"vilva-blog-one":["https:\/\/serialectrice.com\/wp-content\/uploads\/2021\/12\/Sans-titre271.png",864,500,false],"vilva-sidebar":["https:\/\/serialectrice.com\/wp-content\/uploads\/2021\/12\/Sans-titre271.png",817,473,false]},"uagb_author_info":{"display_name":"SeriaLectrice","author_link":"https:\/\/serialectrice.com\/index.php\/author\/cilounegmail-com\/"},"uagb_comment_info":4,"uagb_excerpt":"Toujours le m\u00eame traket. La vie de Jeanne es en transit. Une lettre la fera d\u00e9railler.","jetpack_sharing_enabled":true,"jetpack_likes_enabled":true,"_links":{"self":[{"href":"https:\/\/serialectrice.com\/index.php\/wp-json\/wp\/v2\/posts\/2543","targetHints":{"allow":["GET"]}}],"collection":[{"href":"https:\/\/serialectrice.com\/index.php\/wp-json\/wp\/v2\/posts"}],"about":[{"href":"https:\/\/serialectrice.com\/index.php\/wp-json\/wp\/v2\/types\/post"}],"author":[{"embeddable":true,"href":"https:\/\/serialectrice.com\/index.php\/wp-json\/wp\/v2\/users\/1"}],"replies":[{"embeddable":true,"href":"https:\/\/serialectrice.com\/index.php\/wp-json\/wp\/v2\/comments?post=2543"}],"version-history":[{"count":0,"href":"https:\/\/serialectrice.com\/index.php\/wp-json\/wp\/v2\/posts\/2543\/revisions"}],"wp:featuredmedia":[{"embeddable":true,"href":"https:\/\/serialectrice.com\/index.php\/wp-json\/wp\/v2\/media\/2546"}],"wp:attachment":[{"href":"https:\/\/serialectrice.com\/index.php\/wp-json\/wp\/v2\/media?parent=2543"}],"wp:term":[{"taxonomy":"category","embeddable":true,"href":"https:\/\/serialectrice.com\/index.php\/wp-json\/wp\/v2\/categories?post=2543"},{"taxonomy":"post_tag","embeddable":true,"href":"https:\/\/serialectrice.com\/index.php\/wp-json\/wp\/v2\/tags?post=2543"}],"curies":[{"name":"wp","href":"https:\/\/api.w.org\/{rel}","templated":true}]}}