{"id":2532,"date":"2021-12-04T11:00:00","date_gmt":"2021-12-04T09:00:00","guid":{"rendered":"https:\/\/serialectrice.com\/?p=2532"},"modified":"2021-12-03T23:08:32","modified_gmt":"2021-12-03T21:08:32","slug":"noublier-jamais-_-michel-bussi","status":"publish","type":"post","link":"https:\/\/serialectrice.com\/index.php\/2021\/12\/04\/noublier-jamais-_-michel-bussi\/","title":{"rendered":"N&rsquo;oublier jamais _ Michel Bussi"},"content":{"rendered":"\n<div class=\"wp-block-media-text alignwide is-stacked-on-mobile is-vertically-aligned-top\" style=\"grid-template-columns:30% auto\"><figure class=\"wp-block-media-text__media\"><img loading=\"lazy\" decoding=\"async\" width=\"305\" height=\"500\" src=\"https:\/\/serialectrice.com\/wp-content\/uploads\/2021\/10\/noublier-jamais-616324.jpg\" alt=\"\" class=\"wp-image-2428 size-full\" srcset=\"https:\/\/serialectrice.com\/wp-content\/uploads\/2021\/10\/noublier-jamais-616324.jpg 305w, https:\/\/serialectrice.com\/wp-content\/uploads\/2021\/10\/noublier-jamais-616324-183x300.jpg 183w, https:\/\/serialectrice.com\/wp-content\/uploads\/2021\/10\/noublier-jamais-616324-92x150.jpg 92w\" sizes=\"auto, (max-width: 305px) 100vw, 305px\" \/><\/figure><div class=\"wp-block-media-text__content\">\n<h2 class=\"has-vivid-green-cyan-color has-text-color wp-block-heading\">R\u00e9sum\u00e9<\/h2>\n\n\n\n<p class=\"has-medium-font-size wp-block-paragraph\"><span style=\"text-decoration: underline;\" class=\"underline\">N&rsquo;oublier jamais<\/span><\/p>\n\n\n\n<p class=\"has-medium-font-size wp-block-paragraph\">A Yport, parti courir sur la plus haute falaise d&rsquo;Europe, Jamal a d&rsquo;abord remarqu\u00e9 l&rsquo;\u00e9charpe, rouge, accroch\u00e9e \u00e0 une cl\u00f4ture. Puis la femme, incroyablement belle, la robe d\u00e9chir\u00e9e, le dos face au vide, les yeux riv\u00e9s aux siens. Jamal lui tend l&rsquo;\u00e9charpe comme on tend une bou\u00e9e. Quelques secondes plus tard, sur le galets de la plage d\u00e9serte, g\u00eet le corps inerte de l&rsquo;inconnue. A son cou, l&rsquo;\u00e9charpe rouge. Tout le monde pense qu&rsquo;il l&rsquo;a pouss\u00e9. Il voulait simplement la sauver.<\/p>\n\n\n\n<p class=\"has-medium-font-size wp-block-paragraph\">C&rsquo;est la version de Jamal. Le croyez-vous ?<\/p>\n<\/div><\/div>\n\n\n\n<h2 class=\"has-vivid-green-cyan-color has-text-color wp-block-heading\">Mon ressenti<\/h2>\n\n\n\n<p class=\"has-medium-font-size wp-block-paragraph\">Alors que Jamal tente de l&rsquo;aider \u00e0 l&rsquo;aide d&rsquo;une \u00e9charpe rouge trouv\u00e9e quelques minutes plus t\u00f4t, une jeune fille se jette de la falaise devant yeux. <strong>En bas, l&rsquo;\u00e9charpe est enroul\u00e9e autour du cou de la victime.<\/strong> Apr\u00e8s autopsie, il sera confirm\u00e9 que la jeune femme en question a \u00e9t\u00e9 \u00e9trangl\u00e9e. <strong>L&rsquo;ADN de Jamal est pr\u00e9sent sur l&rsquo;\u00e9charpe. Tout l&rsquo;accuse.<\/strong> Lui seul sait qu&rsquo;il est innocent. Et nous, lecteurs. Enfin, l&rsquo;est-il vraiment ? Ne cherche-t-il pas \u00e0 se disculper en nous mentant effront\u00e9ment ? <strong>Encore une fois Michel Bussi nous remue le cerveau. <\/strong>Coupable, non coupable, \u00e0 chaque nouveau chapitre le doute s&rsquo;immisce. Jamal serait-il fou au point d&rsquo;avoir oubli\u00e9 qu&rsquo;il a tu\u00e9 cette femme ? <strong>Jamal est-il victime d&rsquo;une machination ? Faut-il \u00e0 tout prix que la police trouve un coupable ? <\/strong><\/p>\n\n\n\n<p class=\"has-medium-font-size wp-block-paragraph\">Le talent de Michel Bussi r\u00e9side dans sa capacit\u00e9 \u00e0 nous faire douter tout le long. Tout s&rsquo;\u00e9claire \u00e0 la fin, avec un <strong>twist final toujours \u00e9poustouflant.<\/strong> Pourtant, apr\u00e8s avoir d\u00e9vor\u00e9 <a href=\"https:\/\/serialectrice.com\/index.php\/2020\/12\/29\/nympheas-noirs-_-michel-bussi\/\">Nymph\u00e9as Noirs<\/a> et ador\u00e9 <a href=\"https:\/\/serialectrice.com\/index.php\/2020\/06\/28\/on-la-trouvait-plutot-jolie-_-michel-bussi\/\">On la trouvait plut\u00f4t jolie<\/a>, je suis plut\u00f4t d\u00e9\u00e7ue par ce roman-ci.<strong> J&rsquo;ai trouv\u00e9 le d\u00e9nouement si peu r\u00e9aliste<\/strong>. Comment un inspecteur de police pourrait s&rsquo;abaisser \u00e0 de telles machinations qui ne reposent sur aucun bon sens ? Difficile d&rsquo;en dire plus sans divulguer la fin ! C&rsquo;est vraiment dommage car <strong>le roman en lui-m\u00eame est bien \u00e9crit. <\/strong><\/p>\n\n\n\n<p class=\"has-medium-font-size wp-block-paragraph\">Malgr\u00e9 cette d\u00e9ception, <strong>j&rsquo;ai pris plaisir \u00e0 lire ce roman.<\/strong> Les pages s&rsquo;encha\u00eenent facilement et on a envie de conna\u00eetre le fin mot de l&rsquo;histoire. Comment cette \u00e9charpe s&rsquo;est-elle retrouv\u00e9e autour du cou de la victime ? Comment a-t-elle pu mourir de strangulation alors qu&rsquo;elle s&rsquo;est jet\u00e9e d&rsquo;une falaise ? Et cette mise en sc\u00e8ne ressemble tellement \u00e0 deux pr\u00e9c\u00e9dents meurtres perp\u00e9tr\u00e9s dix ans plus t\u00f4t. <strong>Il y a tant de myst\u00e8res autour de cette mort  qu&rsquo;on ne peut s&#8217;emp\u00eacher de se poser mille et une questions.<\/strong><\/p>\n\n\n\n<div class=\"wp-block-image\"><figure class=\"aligncenter size-large\"><img loading=\"lazy\" decoding=\"async\" width=\"1024\" height=\"1024\" src=\"https:\/\/serialectrice.com\/wp-content\/uploads\/2021\/12\/Sans-titre267-1024x1024.png\" alt=\"\" class=\"wp-image-2534\" srcset=\"https:\/\/serialectrice.com\/wp-content\/uploads\/2021\/12\/Sans-titre267-1024x1024.png 1024w, https:\/\/serialectrice.com\/wp-content\/uploads\/2021\/12\/Sans-titre267-300x300.png 300w, https:\/\/serialectrice.com\/wp-content\/uploads\/2021\/12\/Sans-titre267-150x150.png 150w, https:\/\/serialectrice.com\/wp-content\/uploads\/2021\/12\/Sans-titre267-768x768.png 768w, https:\/\/serialectrice.com\/wp-content\/uploads\/2021\/12\/Sans-titre267-100x100.png 100w, https:\/\/serialectrice.com\/wp-content\/uploads\/2021\/12\/Sans-titre267.png 1080w\" sizes=\"auto, (max-width: 1024px) 100vw, 1024px\" \/><\/figure><\/div>\n\n\n\n<p class=\"has-text-align-center has-medium-font-size wp-block-paragraph\"><em>Je relirai de nouveau M<strong>ichel Bussi, sans aucun doute.<\/strong> C&rsquo;est un \u00e9crivain qui fourmille d&rsquo;id\u00e9es et qui a une <strong>imagination d\u00e9bordante. <\/strong><\/em><\/p>\n\n\n<div class=\"wp-block-jetpack-rating-star\" style=\"text-align:center\" itemprop=\"reviewRating\" itemscope itemtype=\"http:\/\/schema.org\/Rating\"><p><span aria-hidden=\"true\">\u2b50<\/span><span aria-hidden=\"true\">\u2b50<\/span><span aria-hidden=\"true\">\u2b50<\/span><span aria-hidden=\"true\">\u2b50<\/span><\/p><span style=\"display: none;\" itemprop=\"worstRating\" content=\"0.5\"><span>\n<svg xmlns=\"http:\/\/www.w3.org\/2000\/svg\" width=\"24\" height=\"24\" viewBox=\"0 0 24 24\">\n\t<path class=\"\" fill=\"currentColor\" stroke=\"currentColor\" d=\"M12,17.3l6.2,3.7l-1.6-7L22,9.2l-7.2-0.6L12,2L9.2,8.6L2,9.2L7.5,14l-1.6,7L12,17.3z\" \/>\n<\/svg>\n<\/span>\n<span>\n<svg xmlns=\"http:\/\/www.w3.org\/2000\/svg\" width=\"24\" height=\"24\" viewBox=\"0 0 24 24\">\n\t<path class=\"\" fill=\"currentColor\" stroke=\"currentColor\" d=\"M12,17.3l6.2,3.7l-1.6-7L22,9.2l-7.2-0.6L12,2L9.2,8.6L2,9.2L7.5,14l-1.6,7L12,17.3z\" \/>\n<\/svg>\n<\/span><\/span><span style=\"display: none;\" ><span>\n<svg xmlns=\"http:\/\/www.w3.org\/2000\/svg\" width=\"24\" height=\"24\" viewBox=\"0 0 24 24\">\n\t<path class=\"\" fill=\"currentColor\" stroke=\"currentColor\" d=\"M12,17.3l6.2,3.7l-1.6-7L22,9.2l-7.2-0.6L12,2L9.2,8.6L2,9.2L7.5,14l-1.6,7L12,17.3z\" \/>\n<\/svg>\n<\/span>\n<span>\n<svg xmlns=\"http:\/\/www.w3.org\/2000\/svg\" width=\"24\" height=\"24\" viewBox=\"0 0 24 24\">\n\t<path class=\"\" fill=\"currentColor\" stroke=\"currentColor\" d=\"M12,17.3l6.2,3.7l-1.6-7L22,9.2l-7.2-0.6L12,2L9.2,8.6L2,9.2L7.5,14l-1.6,7L12,17.3z\" \/>\n<\/svg>\n<\/span><\/span><span style=\"display: none;\" ><span>\n<svg xmlns=\"http:\/\/www.w3.org\/2000\/svg\" width=\"24\" height=\"24\" viewBox=\"0 0 24 24\">\n\t<path class=\"\" fill=\"currentColor\" stroke=\"currentColor\" d=\"M12,17.3l6.2,3.7l-1.6-7L22,9.2l-7.2-0.6L12,2L9.2,8.6L2,9.2L7.5,14l-1.6,7L12,17.3z\" \/>\n<\/svg>\n<\/span>\n<span>\n<svg xmlns=\"http:\/\/www.w3.org\/2000\/svg\" width=\"24\" height=\"24\" viewBox=\"0 0 24 24\">\n\t<path class=\"\" fill=\"currentColor\" stroke=\"currentColor\" d=\"M12,17.3l6.2,3.7l-1.6-7L22,9.2l-7.2-0.6L12,2L9.2,8.6L2,9.2L7.5,14l-1.6,7L12,17.3z\" \/>\n<\/svg>\n<\/span><\/span><span style=\"display: none;\" ><span>\n<svg xmlns=\"http:\/\/www.w3.org\/2000\/svg\" width=\"24\" height=\"24\" viewBox=\"0 0 24 24\">\n\t<path class=\"\" fill=\"currentColor\" stroke=\"currentColor\" d=\"M12,17.3l6.2,3.7l-1.6-7L22,9.2l-7.2-0.6L12,2L9.2,8.6L2,9.2L7.5,14l-1.6,7L12,17.3z\" \/>\n<\/svg>\n<\/span>\n<span>\n<svg xmlns=\"http:\/\/www.w3.org\/2000\/svg\" width=\"24\" height=\"24\" viewBox=\"0 0 24 24\">\n\t<path class=\"is-rating-unfilled\" fill=\"currentColor\" stroke=\"currentColor\" d=\"M12,17.3l6.2,3.7l-1.6-7L22,9.2l-7.2-0.6L12,2L9.2,8.6L2,9.2L7.5,14l-1.6,7L12,17.3z\" \/>\n<\/svg>\n<\/span><\/span><span style=\"display: none;\" itemprop=\"bestRating\" content=\"5\"><span>\n<svg xmlns=\"http:\/\/www.w3.org\/2000\/svg\" width=\"24\" height=\"24\" viewBox=\"0 0 24 24\">\n\t<path class=\"is-rating-unfilled\" fill=\"currentColor\" stroke=\"currentColor\" d=\"M12,17.3l6.2,3.7l-1.6-7L22,9.2l-7.2-0.6L12,2L9.2,8.6L2,9.2L7.5,14l-1.6,7L12,17.3z\" \/>\n<\/svg>\n<\/span>\n<span>\n<svg xmlns=\"http:\/\/www.w3.org\/2000\/svg\" width=\"24\" height=\"24\" viewBox=\"0 0 24 24\">\n\t<path class=\"is-rating-unfilled\" fill=\"currentColor\" stroke=\"currentColor\" d=\"M12,17.3l6.2,3.7l-1.6-7L22,9.2l-7.2-0.6L12,2L9.2,8.6L2,9.2L7.5,14l-1.6,7L12,17.3z\" \/>\n<\/svg>\n<\/span><\/span><span itemprop=\"ratingValue\" class=\"screen-reader-text\" content=\"3.5\">Note\u00a0: 3.5\u00a0sur 5.<\/span><\/div>\n\n\n<h2 class=\"has-vivid-green-cyan-color has-text-color wp-block-heading\">Mes challenges<\/h2>\n\n\n\n<p class=\"has-medium-font-size wp-block-paragraph\">Gr\u00e2ce \u00e0 cette lecture j&rsquo;ai pu valider la cat\u00e9gorie 24 du <a href=\"https:\/\/www.facebook.com\/groups\/707636122759664\">challenge annuel.<\/a> <strong>Lire un livre dont le titre commence par la lettre du mois en cours de lecture<\/strong>. Je l&rsquo;ai lu en novembre.<\/p>\n\n\n\n<p class=\"has-medium-font-size wp-block-paragraph\">J&rsquo;ai \u00e9galement valid\u00e9 la cat\u00e9gorie 2 du <a href=\"https:\/\/serialectrice.com\/index.php\/2021\/10\/29\/challenge-litteraire-novembre\/\">challenge mensuel<\/a>.<strong> Titre qui commence par la lettre N<\/strong>.<\/p>\n","protected":false},"excerpt":{"rendered":"<p>A Yport, parti courir sur la plus haute falaise d&rsquo;Europe, Jamal a d&rsquo;abord remarqu\u00e9 l&rsquo;\u00e9charpe, rouge, accroch\u00e9e \u00e0 une cl\u00f4ture.<\/p>\n","protected":false},"author":1,"featured_media":2536,"comment_status":"open","ping_status":"open","sticky":false,"template":"","format":"standard","meta":{"_crdt_document":"","om_disable_all_campaigns":false,"_uag_custom_page_level_css":"","_monsterinsights_skip_tracking":false,"_monsterinsights_sitenote_active":false,"_monsterinsights_sitenote_note":"","_monsterinsights_sitenote_category":0,"_uf_show_specific_survey":0,"_uf_disable_surveys":false,"_jetpack_memberships_contains_paid_content":false,"footnotes":"","jetpack_publicize_message":"N'oublier jamais _ Michel Bussi\n\nJamal a-t-il tu\u00e9 cette jeune femme qu'il tentait d'aider ?","jetpack_publicize_feature_enabled":true,"jetpack_social_post_already_shared":true,"jetpack_social_options":{"image_generator_settings":{"template":"highway","default_image_id":0,"font":"","enabled":false},"version":2}},"categories":[6],"tags":[23,184,24],"class_list":["post-2532","post","type-post","status-publish","format-standard","has-post-thumbnail","hentry","category-livres-lus","tag-enquete","tag-michel-bussi","tag-policier"],"aioseo_notices":[],"jetpack_publicize_connections":[],"jetpack_featured_media_url":"https:\/\/serialectrice.com\/wp-content\/uploads\/2021\/12\/Sans-titre265.png","uagb_featured_image_src":{"full":["https:\/\/serialectrice.com\/wp-content\/uploads\/2021\/12\/Sans-titre265.png",1716,993,false],"thumbnail":["https:\/\/serialectrice.com\/wp-content\/uploads\/2021\/12\/Sans-titre265-572x331.png",572,331,true],"medium":["https:\/\/serialectrice.com\/wp-content\/uploads\/2021\/12\/Sans-titre265-300x174.png",300,174,true],"medium_large":["https:\/\/serialectrice.com\/wp-content\/uploads\/2021\/12\/Sans-titre265-768x444.png",768,444,true],"large":["https:\/\/serialectrice.com\/wp-content\/uploads\/2021\/12\/Sans-titre265-1024x593.png",840,486,true],"post-slider-thumb-size":["https:\/\/serialectrice.com\/wp-content\/uploads\/2021\/12\/Sans-titre265.png",328,190,false],"post-category-slider-size":["https:\/\/serialectrice.com\/wp-content\/uploads\/2021\/12\/Sans-titre265.png",330,191,false],"1536x1536":["https:\/\/serialectrice.com\/wp-content\/uploads\/2021\/12\/Sans-titre265-1536x889.png",1536,889,true],"2048x2048":["https:\/\/serialectrice.com\/wp-content\/uploads\/2021\/12\/Sans-titre265.png",1716,993,false],"hello-fashion-slider":["https:\/\/serialectrice.com\/wp-content\/uploads\/2021\/12\/Sans-titre265.png",480,278,false],"hello-fashion-blog-three":["https:\/\/serialectrice.com\/wp-content\/uploads\/2021\/12\/Sans-titre265.png",420,243,false],"hello-fashion-blog-four":["https:\/\/serialectrice.com\/wp-content\/uploads\/2021\/12\/Sans-titre265.png",573,332,false],"vilva-slider-one":["https:\/\/serialectrice.com\/wp-content\/uploads\/2021\/12\/Sans-titre265.png",1037,600,false],"vilva-featured-four":["https:\/\/serialectrice.com\/wp-content\/uploads\/2021\/12\/Sans-titre265.png",800,463,false],"vilva-blog":["https:\/\/serialectrice.com\/wp-content\/uploads\/2021\/12\/Sans-titre265.png",420,243,false],"vilva-blog-one":["https:\/\/serialectrice.com\/wp-content\/uploads\/2021\/12\/Sans-titre265.png",864,500,false],"vilva-sidebar":["https:\/\/serialectrice.com\/wp-content\/uploads\/2021\/12\/Sans-titre265.png",817,473,false]},"uagb_author_info":{"display_name":"SeriaLectrice","author_link":"https:\/\/serialectrice.com\/index.php\/author\/cilounegmail-com\/"},"uagb_comment_info":3,"uagb_excerpt":"A Yport, parti courir sur la plus haute falaise d'Europe, Jamal a d'abord remarqu\u00e9 l'\u00e9charpe, rouge, accroch\u00e9e \u00e0 une cl\u00f4ture.","jetpack_sharing_enabled":true,"jetpack_likes_enabled":true,"_links":{"self":[{"href":"https:\/\/serialectrice.com\/index.php\/wp-json\/wp\/v2\/posts\/2532","targetHints":{"allow":["GET"]}}],"collection":[{"href":"https:\/\/serialectrice.com\/index.php\/wp-json\/wp\/v2\/posts"}],"about":[{"href":"https:\/\/serialectrice.com\/index.php\/wp-json\/wp\/v2\/types\/post"}],"author":[{"embeddable":true,"href":"https:\/\/serialectrice.com\/index.php\/wp-json\/wp\/v2\/users\/1"}],"replies":[{"embeddable":true,"href":"https:\/\/serialectrice.com\/index.php\/wp-json\/wp\/v2\/comments?post=2532"}],"version-history":[{"count":0,"href":"https:\/\/serialectrice.com\/index.php\/wp-json\/wp\/v2\/posts\/2532\/revisions"}],"wp:featuredmedia":[{"embeddable":true,"href":"https:\/\/serialectrice.com\/index.php\/wp-json\/wp\/v2\/media\/2536"}],"wp:attachment":[{"href":"https:\/\/serialectrice.com\/index.php\/wp-json\/wp\/v2\/media?parent=2532"}],"wp:term":[{"taxonomy":"category","embeddable":true,"href":"https:\/\/serialectrice.com\/index.php\/wp-json\/wp\/v2\/categories?post=2532"},{"taxonomy":"post_tag","embeddable":true,"href":"https:\/\/serialectrice.com\/index.php\/wp-json\/wp\/v2\/tags?post=2532"}],"curies":[{"name":"wp","href":"https:\/\/api.w.org\/{rel}","templated":true}]}}