{"id":2467,"date":"2021-11-10T10:30:00","date_gmt":"2021-11-10T08:30:00","guid":{"rendered":"https:\/\/serialectrice.com\/?p=2467"},"modified":"2021-11-07T10:47:49","modified_gmt":"2021-11-07T08:47:49","slug":"complot-_-nicolas-beuglet","status":"publish","type":"post","link":"https:\/\/serialectrice.com\/index.php\/2021\/11\/10\/complot-_-nicolas-beuglet\/","title":{"rendered":"Complot _ Nicolas Beuglet"},"content":{"rendered":"\n<div class=\"wp-block-media-text alignwide is-stacked-on-mobile is-vertically-aligned-top\" style=\"grid-template-columns:42% auto\"><figure class=\"wp-block-media-text__media\"><img loading=\"lazy\" decoding=\"async\" width=\"625\" height=\"1024\" src=\"https:\/\/serialectrice.com\/wp-content\/uploads\/2021\/11\/complot-1226816-625x1024.jpg\" alt=\"\" class=\"wp-image-2468 size-full\" srcset=\"https:\/\/serialectrice.com\/wp-content\/uploads\/2021\/11\/complot-1226816-625x1024.jpg 625w, https:\/\/serialectrice.com\/wp-content\/uploads\/2021\/11\/complot-1226816-183x300.jpg 183w, https:\/\/serialectrice.com\/wp-content\/uploads\/2021\/11\/complot-1226816-92x150.jpg 92w, https:\/\/serialectrice.com\/wp-content\/uploads\/2021\/11\/complot-1226816-768x1259.jpg 768w, https:\/\/serialectrice.com\/wp-content\/uploads\/2021\/11\/complot-1226816.jpg 800w\" sizes=\"auto, (max-width: 625px) 100vw, 625px\" \/><\/figure><div class=\"wp-block-media-text__content\">\n<h2 class=\"has-vivid-green-cyan-color has-text-color wp-block-heading\">R\u00e9sum\u00e9<\/h2>\n\n\n\n<p class=\"wp-block-paragraph\" style=\"font-size:19px\"><span style=\"text-decoration: underline;\" class=\"underline\">Complot<\/span>, de Nicolas Beuglet<\/p>\n\n\n\n<p class=\"wp-block-paragraph\" style=\"font-size:19px\">Un archipel isol\u00e9 au nord de la Norv\u00e8ge, battu par les vents. Et, au bord de la falaise, le corps nu et martyris\u00e9 d\u2019une femme. Les blessures qui d\u00e9chirent sa chair semblent \u00eatre autant de symboles myst\u00e9rieux.<\/p>\n\n\n\n<p class=\"wp-block-paragraph\" style=\"font-size:19px\">Quand l\u2019inspectrice Sarah Gering\u00ebn, escort\u00e9e par les forces sp\u00e9ciales, apprend l\u2019identit\u00e9 de la victime, c\u2019est le choc. Le cadavre est celui de la Premi\u00e8re ministre.<\/p>\n\n\n\n<p class=\"wp-block-paragraph\" style=\"font-size:19px\">Qui en voulait \u00e0 la chef de gouvernement ? Que cachait-elle sur cette \u00eele, dans un sanctuaire en b\u00e9ton enfoui au pied du phare ? Sarah, tr\u00e8s vite, le pressent : la sc\u00e8ne du crime signe le d\u00e9but d\u2019une terrifiante s\u00e9rie meurtri\u00e8re. Dans son enqu\u00eate, curieusement, quelqu\u2019un semble toujours la devancer. Comme si cette ombre pouvait lire dans ses pens\u00e9es\u2026<\/p>\n<\/div><\/div>\n\n\n\n<p class=\"wp-block-paragraph\" style=\"font-size:19px\"> De la Norv\u00e8ge \u00e0 la vieille cit\u00e9 de Byblos, et jusqu\u2019au c\u0153ur m\u00eame du Vatican, c\u2019est l\u2019odeur d\u2019un complot implacable qui accompagne chacun de ses pas. Et dans cette lutte \u00e0 mort, Sarah va devoir faire face \u00e0 ses peurs les plus profondes. \u00e0 ses v\u00e9rit\u00e9s les plus enfouies\u2026 <\/p>\n\n\n\n<h2 class=\"has-vivid-green-cyan-color has-text-color wp-block-heading\">Mon ressenti<\/h2>\n\n\n\n<p class=\"has-medium-font-size wp-block-paragraph\">J&rsquo;avais ador\u00e9 le premier roman de Nicolas Beuglet : Le cri. Un thriller haletant et d&rsquo;une tr\u00e8s grande richesse. Sans grande surprise, Complot est aussi bon, bien que je lui pr\u00e9f\u00e8re toujours le premier. Nous retrouvons les protagonistes de la premi\u00e8re enqu\u00eate, du suspens, un meurtre sacrificiel et politique \u00e0 \u00e9lucider et bien \u00e9videmment beaucoup d&rsquo;actions. <\/p>\n\n\n\n<h3 class=\"wp-block-heading\">Un complot<\/h3>\n\n\n\n<p class=\"has-medium-font-size wp-block-paragraph\">Tout commence avec l&rsquo;\u00e9trange assassinat de la Premi\u00e8re Ministre norv\u00e9gienne. Son crime est aussi \u00e9trange que surprenant. Ressemblant \u00e0 un sacrifice, la pauvre a \u00e9t\u00e9 assassin\u00e9e \u00e0 coup d&rsquo;\u00e9p\u00e9e, une craie coll\u00e9e dans la paume de la main et une t\u00eate de taureau en symbolique. Mais le plus surprenant est que la ministre a essay\u00e9 d&rsquo;effacer les traces du meurtrier avant son dernier souffle. Pourquoi donc ? Rapidement, Sarah, l&rsquo;enqu\u00eatrice, \u00e9limine la piste terroriste russe que semble privil\u00e9gier ses coll\u00e8gues. Pour elle, ce sacrifice est bien trop complexe pour que ce ne soit qu&rsquo;un meurtre politique.<\/p>\n\n\n\n<p class=\"has-medium-font-size wp-block-paragraph\">Commence alors une enqu\u00eate hors norme, nous menant de la Norv\u00e8ge jusqu&rsquo;au Vatican, en passant par le Liban et l&rsquo;Allemagne. Un vrai voyage pour tenter de trouver qui en voulait \u00e0 la ministre. Sarah d\u00e9couvre que la victime, en effa\u00e7ant les traces de son bourreau, tentait de prot\u00e9ger deux autres personnes qui avaient de grandes r\u00e9v\u00e9lations \u00e0 faire sur la condition f\u00e9minine, les jours suivants. La Premi\u00e8re Ministre \u00e9tait pr\u00eate \u00e0 ce que son meurtrier ne soit jamais retrouv\u00e9. L&rsquo;essentiel \u00e9tant que ses deux comparses soient prot\u00e9g\u00e9es.<\/p>\n\n\n\n<p class=\"has-medium-font-size wp-block-paragraph\">Le complot n&rsquo;est autre qu&rsquo;une action masculiniste ayant d\u00e9couvert les r\u00e9v\u00e9lations que voulaient faire ces trois femmes sur la condition f\u00e9minine. En parlant de groupes masculinistes, l&rsquo;auteur fait bien \u00e9videmment r\u00e9f\u00e9rence \u00e0 des groupes qui existent vraiment, mais heureusement minoritaires. Malgr\u00e9 tout, ces groupes, avec la femme qui tend \u00e0 vouloir plus d&rsquo;\u00e9galit\u00e9 (on n&rsquo;en est pourtant encore loin), grossissent. Leurs membres, persuad\u00e9s que les femmes vont les priver de leur libert\u00e9, r\u00e9clament le retour du patriarcat et de l&rsquo;homme en tant qu&rsquo;\u00eatre sup\u00e9rieur.<\/p>\n\n\n\n<h3 class=\"wp-block-heading\">Thriller f\u00e9ministe<\/h3>\n\n\n\n<p class=\"has-medium-font-size wp-block-paragraph\">Nicolas Beuglet a d\u00e9cid\u00e9, au travers de son roman, de s&rsquo;int\u00e9resser \u00e0 la cause f\u00e9ministe. Et m\u00eame si on pourrait penser qu&rsquo;il surfe sur une vague \u00e0 la mode, il a choisi de s&rsquo;y int\u00e9resser de mani\u00e8re historique. Ainsi, tout comme dans Le cri, le lecteur ne cesse d&rsquo;apprendre de nouvelles choses. L&rsquo;auteur a pouss\u00e9 ses recherches jusqu&rsquo;\u00e0 la pr\u00e9histoire pour y voir la place de la femme \u00e0 cette \u00e9poque et pour chercher \u00e0 quel moment, l&rsquo;homme a d\u00e9cid\u00e9 de prendre toute la place. Il a \u00e9galement cherch\u00e9 la pr\u00e9sence et le symbolisme de la femme dans la mythologie et dans la religion. On peut dire que son travail de recherche est vraiment tr\u00e8s pouss\u00e9. Le message de l&rsquo;auteur est on ne peut plus clair : l&rsquo;homme est l&rsquo;\u00e9gal de la femme, et rien ne justifie qu&rsquo;il se promulgue sup\u00e9rieur.<\/p>\n\n\n\n<p class=\"has-medium-font-size wp-block-paragraph\">J&rsquo;ai rarement appris autant de choses dans un thriller. Autant du c\u00f4t\u00e9 historique, mythologique et biblique que du c\u00f4t\u00e9 scientifique. Ainsi, nous apprenons que Mileva Einstein, Ada Lovelace, Lise Meitner ou encore Esther Lederberg sont des femmes qui ont contribu\u00e9 \u00e0 faire avancer la science. Mais aucune n&rsquo;a jamais \u00e9t\u00e9 r\u00e9compens\u00e9e. Lise Meitner a d\u00e9couvert la fission nucl\u00e9aire, mais c&rsquo;est son collaborateur qui a re\u00e7u le prix Nobel.  Esther Lederberg, gr\u00e2ce \u00e0 ses d\u00e9couvertes, a ouvert la voie au clonage. Mais encore une fois, c&rsquo;est son mari, qui travaillait avec elle qui a re\u00e7u le prix Nobel, sans qu&rsquo;il ne mentionne jamais son \u00e9pouse. Enfin, Mileva Eistein, \u00e9pouse du g\u00e9nie, a partag\u00e9 les d\u00e9couvertes avec lui. Pourtant, qui a entendu parler d&rsquo;elle jusqu&rsquo;ici ?<\/p>\n\n\n\n<div class=\"wp-block-image\"><figure class=\"aligncenter size-large is-resized\"><img decoding=\"async\" src=\"https:\/\/serialectrice.com\/wp-content\/uploads\/2021\/11\/Sans-titre248-1024x1024.png\" alt=\"\" class=\"wp-image-2470\" width=\"-107\" height=\"-107\" srcset=\"https:\/\/serialectrice.com\/wp-content\/uploads\/2021\/11\/Sans-titre248-1024x1024.png 1024w, https:\/\/serialectrice.com\/wp-content\/uploads\/2021\/11\/Sans-titre248-300x300.png 300w, https:\/\/serialectrice.com\/wp-content\/uploads\/2021\/11\/Sans-titre248-150x150.png 150w, https:\/\/serialectrice.com\/wp-content\/uploads\/2021\/11\/Sans-titre248-768x768.png 768w, https:\/\/serialectrice.com\/wp-content\/uploads\/2021\/11\/Sans-titre248-100x100.png 100w, https:\/\/serialectrice.com\/wp-content\/uploads\/2021\/11\/Sans-titre248.png 1080w\" sizes=\"(max-width: 1024px) 100vw, 1024px\" \/><\/figure><\/div>\n\n\n\n<p class=\"has-text-align-center has-medium-font-size wp-block-paragraph\"><em>C&rsquo;est un excellent roman que nous livre ici Nicolas Beuglet. Le cri reste pour moi mon pr\u00e9f\u00e9r\u00e9, mais je ne peux que vous encourager \u00e0 lire Complot. Un roman structur\u00e9, haletant et plein de surprises ! Le trio gagnant !<\/em><\/p>\n\n\n<div class=\"wp-block-jetpack-rating-star\" style=\"text-align:center\" itemprop=\"reviewRating\" itemscope itemtype=\"http:\/\/schema.org\/Rating\"><p><span aria-hidden=\"true\">\u2b50<\/span><span aria-hidden=\"true\">\u2b50<\/span><span aria-hidden=\"true\">\u2b50<\/span><span aria-hidden=\"true\">\u2b50<\/span><span aria-hidden=\"true\">\u2b50<\/span><\/p><span style=\"display: none;\" itemprop=\"worstRating\" content=\"0.5\"><span>\n<svg xmlns=\"http:\/\/www.w3.org\/2000\/svg\" width=\"24\" height=\"24\" viewBox=\"0 0 24 24\">\n\t<path class=\"\" fill=\"currentColor\" stroke=\"currentColor\" d=\"M12,17.3l6.2,3.7l-1.6-7L22,9.2l-7.2-0.6L12,2L9.2,8.6L2,9.2L7.5,14l-1.6,7L12,17.3z\" \/>\n<\/svg>\n<\/span>\n<span>\n<svg xmlns=\"http:\/\/www.w3.org\/2000\/svg\" width=\"24\" height=\"24\" viewBox=\"0 0 24 24\">\n\t<path class=\"\" fill=\"currentColor\" stroke=\"currentColor\" d=\"M12,17.3l6.2,3.7l-1.6-7L22,9.2l-7.2-0.6L12,2L9.2,8.6L2,9.2L7.5,14l-1.6,7L12,17.3z\" \/>\n<\/svg>\n<\/span><\/span><span style=\"display: none;\" ><span>\n<svg xmlns=\"http:\/\/www.w3.org\/2000\/svg\" width=\"24\" height=\"24\" viewBox=\"0 0 24 24\">\n\t<path class=\"\" fill=\"currentColor\" stroke=\"currentColor\" d=\"M12,17.3l6.2,3.7l-1.6-7L22,9.2l-7.2-0.6L12,2L9.2,8.6L2,9.2L7.5,14l-1.6,7L12,17.3z\" \/>\n<\/svg>\n<\/span>\n<span>\n<svg xmlns=\"http:\/\/www.w3.org\/2000\/svg\" width=\"24\" height=\"24\" viewBox=\"0 0 24 24\">\n\t<path class=\"\" fill=\"currentColor\" stroke=\"currentColor\" d=\"M12,17.3l6.2,3.7l-1.6-7L22,9.2l-7.2-0.6L12,2L9.2,8.6L2,9.2L7.5,14l-1.6,7L12,17.3z\" \/>\n<\/svg>\n<\/span><\/span><span style=\"display: none;\" ><span>\n<svg xmlns=\"http:\/\/www.w3.org\/2000\/svg\" width=\"24\" height=\"24\" viewBox=\"0 0 24 24\">\n\t<path class=\"\" fill=\"currentColor\" stroke=\"currentColor\" d=\"M12,17.3l6.2,3.7l-1.6-7L22,9.2l-7.2-0.6L12,2L9.2,8.6L2,9.2L7.5,14l-1.6,7L12,17.3z\" \/>\n<\/svg>\n<\/span>\n<span>\n<svg xmlns=\"http:\/\/www.w3.org\/2000\/svg\" width=\"24\" height=\"24\" viewBox=\"0 0 24 24\">\n\t<path class=\"\" fill=\"currentColor\" stroke=\"currentColor\" d=\"M12,17.3l6.2,3.7l-1.6-7L22,9.2l-7.2-0.6L12,2L9.2,8.6L2,9.2L7.5,14l-1.6,7L12,17.3z\" \/>\n<\/svg>\n<\/span><\/span><span style=\"display: none;\" ><span>\n<svg xmlns=\"http:\/\/www.w3.org\/2000\/svg\" width=\"24\" height=\"24\" viewBox=\"0 0 24 24\">\n\t<path class=\"\" fill=\"currentColor\" stroke=\"currentColor\" d=\"M12,17.3l6.2,3.7l-1.6-7L22,9.2l-7.2-0.6L12,2L9.2,8.6L2,9.2L7.5,14l-1.6,7L12,17.3z\" \/>\n<\/svg>\n<\/span>\n<span>\n<svg xmlns=\"http:\/\/www.w3.org\/2000\/svg\" width=\"24\" height=\"24\" viewBox=\"0 0 24 24\">\n\t<path class=\"\" fill=\"currentColor\" stroke=\"currentColor\" d=\"M12,17.3l6.2,3.7l-1.6-7L22,9.2l-7.2-0.6L12,2L9.2,8.6L2,9.2L7.5,14l-1.6,7L12,17.3z\" \/>\n<\/svg>\n<\/span><\/span><span style=\"display: none;\" itemprop=\"bestRating\" content=\"5\"><span>\n<svg xmlns=\"http:\/\/www.w3.org\/2000\/svg\" width=\"24\" height=\"24\" viewBox=\"0 0 24 24\">\n\t<path class=\"\" fill=\"currentColor\" stroke=\"currentColor\" d=\"M12,17.3l6.2,3.7l-1.6-7L22,9.2l-7.2-0.6L12,2L9.2,8.6L2,9.2L7.5,14l-1.6,7L12,17.3z\" \/>\n<\/svg>\n<\/span>\n<span>\n<svg xmlns=\"http:\/\/www.w3.org\/2000\/svg\" width=\"24\" height=\"24\" viewBox=\"0 0 24 24\">\n\t<path class=\"is-rating-unfilled\" fill=\"currentColor\" stroke=\"currentColor\" d=\"M12,17.3l6.2,3.7l-1.6-7L22,9.2l-7.2-0.6L12,2L9.2,8.6L2,9.2L7.5,14l-1.6,7L12,17.3z\" \/>\n<\/svg>\n<\/span><\/span><span itemprop=\"ratingValue\" class=\"screen-reader-text\" content=\"4.5\">Note\u00a0: 4.5\u00a0sur 5.<\/span><\/div>\n\n\n<h2 class=\"has-vivid-green-cyan-color has-text-color wp-block-heading\">Mes challenges<\/h2>\n\n\n\n<p class=\"has-medium-font-size wp-block-paragraph\">Cette lecture m&rsquo;a permis de valider la cat\u00e9gorie 10 du<a href=\"https:\/\/serialectrice.com\/index.php\/2021\/10\/29\/challenge-litteraire-novembre\/\"> challenge mensuel<\/a>. <strong>Livre avec des remerciements.<\/strong><\/p>\n\n\n\n<p class=\"has-medium-font-size wp-block-paragraph\">Elle m&rsquo;a \u00e9galement permis de valider la cat\u00e9gorie 23 du challenge annuel. <strong>Un titre de 7 lettres<\/strong> (le nombre de lettres de mon mois de naissance)<\/p>\n\n\n\n<p class=\"has-medium-font-size wp-block-paragraph\">Enfin, j&rsquo;ai lu Nicolas Beuglet dans le cadre d&rsquo;une lecture \u00ab\u00a0<strong>Auteur en commun<\/strong>\u00a0\u00bb sur le groupe Facebook <a href=\"https:\/\/www.facebook.com\/groups\/707636122759664\">La t\u00eate dans les livres<\/a> (o\u00f9 vous retrouverez divers challenges, dont l&rsquo;annuel)<\/p>\n","protected":false},"excerpt":{"rendered":"<p>Qui a tu\u00e9 la Premi\u00e8re Ministre de la Norv\u00e8ge ?<\/p>\n","protected":false},"author":1,"featured_media":2471,"comment_status":"open","ping_status":"open","sticky":false,"template":"","format":"standard","meta":{"_crdt_document":"","om_disable_all_campaigns":false,"_uag_custom_page_level_css":"","_monsterinsights_skip_tracking":false,"_monsterinsights_sitenote_active":false,"_monsterinsights_sitenote_note":"","_monsterinsights_sitenote_category":0,"_uf_show_specific_survey":0,"_uf_disable_surveys":false,"_jetpack_memberships_contains_paid_content":false,"footnotes":"","jetpack_publicize_message":"Complot _ Nicolas Beuglet\n\nQui a assassin\u00e9 la Premi\u00e8re Ministre de la Norv\u00e8ge et pourquoi a-t-elle effac\u00e9 les traces de son meurtrier ?","jetpack_publicize_feature_enabled":true,"jetpack_social_post_already_shared":true,"jetpack_social_options":{"image_generator_settings":{"template":"highway","default_image_id":0,"font":"","enabled":false},"version":2}},"categories":[6],"tags":[23,179,180,24,25],"class_list":["post-2467","post","type-post","status-publish","format-standard","has-post-thumbnail","hentry","category-livres-lus","tag-enquete","tag-feminisme","tag-nicolas-beuglet","tag-policier","tag-thriller"],"aioseo_notices":[],"jetpack_publicize_connections":[],"jetpack_featured_media_url":"https:\/\/serialectrice.com\/wp-content\/uploads\/2021\/11\/Sans-titre246.png","uagb_featured_image_src":{"full":["https:\/\/serialectrice.com\/wp-content\/uploads\/2021\/11\/Sans-titre246.png",1716,993,false],"thumbnail":["https:\/\/serialectrice.com\/wp-content\/uploads\/2021\/11\/Sans-titre246-572x331.png",572,331,true],"medium":["https:\/\/serialectrice.com\/wp-content\/uploads\/2021\/11\/Sans-titre246-300x174.png",300,174,true],"medium_large":["https:\/\/serialectrice.com\/wp-content\/uploads\/2021\/11\/Sans-titre246-768x444.png",768,444,true],"large":["https:\/\/serialectrice.com\/wp-content\/uploads\/2021\/11\/Sans-titre246-1024x593.png",840,486,true],"post-slider-thumb-size":["https:\/\/serialectrice.com\/wp-content\/uploads\/2021\/11\/Sans-titre246.png",328,190,false],"post-category-slider-size":["https:\/\/serialectrice.com\/wp-content\/uploads\/2021\/11\/Sans-titre246.png",330,191,false],"1536x1536":["https:\/\/serialectrice.com\/wp-content\/uploads\/2021\/11\/Sans-titre246-1536x889.png",1536,889,true],"2048x2048":["https:\/\/serialectrice.com\/wp-content\/uploads\/2021\/11\/Sans-titre246.png",1716,993,false],"hello-fashion-slider":["https:\/\/serialectrice.com\/wp-content\/uploads\/2021\/11\/Sans-titre246.png",480,278,false],"hello-fashion-blog-three":["https:\/\/serialectrice.com\/wp-content\/uploads\/2021\/11\/Sans-titre246.png",420,243,false],"hello-fashion-blog-four":["https:\/\/serialectrice.com\/wp-content\/uploads\/2021\/11\/Sans-titre246.png",573,332,false],"vilva-slider-one":["https:\/\/serialectrice.com\/wp-content\/uploads\/2021\/11\/Sans-titre246.png",1037,600,false],"vilva-featured-four":["https:\/\/serialectrice.com\/wp-content\/uploads\/2021\/11\/Sans-titre246.png",800,463,false],"vilva-blog":["https:\/\/serialectrice.com\/wp-content\/uploads\/2021\/11\/Sans-titre246.png",420,243,false],"vilva-blog-one":["https:\/\/serialectrice.com\/wp-content\/uploads\/2021\/11\/Sans-titre246.png",864,500,false],"vilva-sidebar":["https:\/\/serialectrice.com\/wp-content\/uploads\/2021\/11\/Sans-titre246.png",817,473,false]},"uagb_author_info":{"display_name":"SeriaLectrice","author_link":"https:\/\/serialectrice.com\/index.php\/author\/cilounegmail-com\/"},"uagb_comment_info":6,"uagb_excerpt":"Qui a tu\u00e9 la Premi\u00e8re Ministre de la Norv\u00e8ge ?","jetpack_sharing_enabled":true,"jetpack_likes_enabled":true,"_links":{"self":[{"href":"https:\/\/serialectrice.com\/index.php\/wp-json\/wp\/v2\/posts\/2467","targetHints":{"allow":["GET"]}}],"collection":[{"href":"https:\/\/serialectrice.com\/index.php\/wp-json\/wp\/v2\/posts"}],"about":[{"href":"https:\/\/serialectrice.com\/index.php\/wp-json\/wp\/v2\/types\/post"}],"author":[{"embeddable":true,"href":"https:\/\/serialectrice.com\/index.php\/wp-json\/wp\/v2\/users\/1"}],"replies":[{"embeddable":true,"href":"https:\/\/serialectrice.com\/index.php\/wp-json\/wp\/v2\/comments?post=2467"}],"version-history":[{"count":0,"href":"https:\/\/serialectrice.com\/index.php\/wp-json\/wp\/v2\/posts\/2467\/revisions"}],"wp:featuredmedia":[{"embeddable":true,"href":"https:\/\/serialectrice.com\/index.php\/wp-json\/wp\/v2\/media\/2471"}],"wp:attachment":[{"href":"https:\/\/serialectrice.com\/index.php\/wp-json\/wp\/v2\/media?parent=2467"}],"wp:term":[{"taxonomy":"category","embeddable":true,"href":"https:\/\/serialectrice.com\/index.php\/wp-json\/wp\/v2\/categories?post=2467"},{"taxonomy":"post_tag","embeddable":true,"href":"https:\/\/serialectrice.com\/index.php\/wp-json\/wp\/v2\/tags?post=2467"}],"curies":[{"name":"wp","href":"https:\/\/api.w.org\/{rel}","templated":true}]}}