{"id":2412,"date":"2021-10-31T10:30:00","date_gmt":"2021-10-31T08:30:00","guid":{"rendered":"https:\/\/serialectrice.com\/?p=2412"},"modified":"2021-10-28T17:13:42","modified_gmt":"2021-10-28T15:13:42","slug":"avant-les-annees-terribles-_-victor-del-arbol","status":"publish","type":"post","link":"https:\/\/serialectrice.com\/index.php\/2021\/10\/31\/avant-les-annees-terribles-_-victor-del-arbol\/","title":{"rendered":"Avant les ann\u00e9es terribles _ Victor Del Arbol"},"content":{"rendered":"\n<div class=\"wp-block-media-text alignwide is-stacked-on-mobile\" style=\"grid-template-columns:46% auto\"><figure class=\"wp-block-media-text__media\"><img loading=\"lazy\" decoding=\"async\" width=\"302\" height=\"500\" src=\"https:\/\/serialectrice.com\/wp-content\/uploads\/2021\/10\/avant-les-annees-terribles-1520416.jpg\" alt=\"\" class=\"wp-image-2413 size-full\" srcset=\"https:\/\/serialectrice.com\/wp-content\/uploads\/2021\/10\/avant-les-annees-terribles-1520416.jpg 302w, https:\/\/serialectrice.com\/wp-content\/uploads\/2021\/10\/avant-les-annees-terribles-1520416-181x300.jpg 181w, https:\/\/serialectrice.com\/wp-content\/uploads\/2021\/10\/avant-les-annees-terribles-1520416-91x150.jpg 91w\" sizes=\"auto, (max-width: 302px) 100vw, 302px\" \/><\/figure><div class=\"wp-block-media-text__content\">\n<h2 class=\"has-vivid-green-cyan-color has-text-color wp-block-heading\">R\u00e9sum\u00e9<\/h2>\n\n\n\n<p class=\"wp-block-paragraph\" style=\"font-size:19px\">Arriv\u00e9 \u00e0 Barcelone encore adolescent, Isa\u00efe a lutt\u00e9 d&rsquo;arrache-pied pour gagner son droit au bonheur. Il s&rsquo;appr\u00eate \u00e0 conna\u00eetre les joies de la paternit\u00e9 et pense avoir tourn\u00e9 le dos pour toujours \u00e0 une Afrique f\u00e9roce qui embrigade des enfants. Quand il reconna\u00eet, dans l&#8217;embrasure de la porte de son atelier, un ancien camarade (ou plut\u00f4t fr\u00e8re d&rsquo;armes), il per\u00e7oit d&rsquo;instinct que sa paisible existence vient de voler en \u00e9clats.<\/p>\n\n\n\n<p class=\"wp-block-paragraph\" style=\"font-size:19px\">L&rsquo;\u00e9missaire exerce d\u00e9sormais des fonctions officielles, et Isa\u00efe se laisse convaincre de retourner en Ouganda afin de participer \u00e0 une conf\u00e9rence sur la r\u00e9conciliation nationale. Pour retrouver sa femme, enlev\u00e9e quelques jours apr\u00e8s qu&rsquo;ils ont atterri \u00e0 Kampala, il devra \u00e0 nouveau tromper, tuer et trahir. Plonger encore au c\u0153ur des t\u00e9n\u00e8bres, au risque comme Kunz de s&rsquo;y perdre, \u00ab\u00a0d&rsquo;aimer l&rsquo;obscurit\u00e9, entr\u00e9e dans ses veines\u00a0\u00bb.<\/p>\n<\/div><\/div>\n\n\n\n<p class=\"wp-block-paragraph\" style=\"font-size:19px\">L&rsquo;homme d&rsquo;aujourd&rsquo;hui doit apprendre \u00e0 pardonner \u00e0 l&rsquo;enfant d&rsquo;hier, celui des ann\u00e9es terribles. Mais Isa\u00efe est \u00e0 pr\u00e9sent l&rsquo;app\u00e2t charg\u00e9 de faire sortir du bois les anciens leaders de l&rsquo;Arm\u00e9e de r\u00e9sistance du Seigneur de Joseph Kony, qui fomentent un coup d&rsquo;Etat depuis le Congo voisin. Il lui faudra choisir non pas entre le bien et le mal mais entre le mal et le pire, et savoir si l&rsquo;on peut \u00eatre victime sans \u00eatre innocent. <\/p>\n\n\n\n<h2 class=\"has-vivid-green-cyan-color has-text-color wp-block-heading\">Mon ressenti<\/h2>\n\n\n\n<p class=\"has-medium-font-size wp-block-paragraph\">Victor Del Arbol aborde ici un <strong>th\u00e8me tr\u00e8s fort<\/strong>. Il nous livre un texte<strong> \u00e9prouvant <\/strong>et d\u00e9routant. Nous d\u00e9couvrons Isa\u00efe, un ougandais devenu espagnol. Il habite \u00e0 Barcelone et s&rsquo;appr\u00eate \u00e0 devenir p\u00e8re.Lorsqu&rsquo;une vieille connaissance vient le voir et lui demande de rentrer au pays pour y parler de son exp\u00e9rience, il refuse d&rsquo;abord. Isa\u00efe souhaite oublier ces ann\u00e9es terribles.Puis, il en parle \u00e0 sa compagne. Il<strong> lui confie des \u00e9l\u00e9ments de sa vie pass\u00e9e dont il n&rsquo;avait jusqu&rsquo;ici jamais os\u00e9 parler.<\/strong> Car en Ouganda, Isa\u00efe est loin d&rsquo;avoir men\u00e9 une vie parfaite. Et <strong>savoir que cette histoire est tir\u00e9e de faits r\u00e9els glace le sang.<\/strong><\/p>\n\n\n\n<p class=\"has-medium-font-size wp-block-paragraph\">Quelques jours apr\u00e8s son arriv\u00e9e en Ouganda, des membres de la LRA enl\u00e8vent sa femme. <a href=\"https:\/\/fr.wikipedia.org\/wiki\/Arm%C3%A9e_de_r%C3%A9sistance_du_Seigneur\">L&rsquo;arm\u00e9e de R\u00e9sistance du Seigneur<\/a>, <strong>mouvement chr\u00e9tien en rebellion contre le gouvernement Ougandais<\/strong>. Gr\u00e2ce \u00e0 une alternance des chapitres entre le pass\u00e9 et le pr\u00e9sent, Victor del Arbol nous pr\u00e9sente <strong>la terrible vie des enfants soldats form\u00e9s par la LRA<\/strong>. Isa\u00efe a \u00e9t\u00e9 l&rsquo;un d&rsquo;entre eux. Il a notamment \u00e9t\u00e9 chasseur. Les chasseurs de la LRA devaient trouver et <strong>pourchasser les albinos<\/strong>. Ces derniers \u00e9tant<strong> consid\u00e9r\u00e9s par la LRA comme des \u00eatres mal\u00e9fiques.<\/strong> <\/p>\n\n\n\n<p class=\"has-medium-font-size wp-block-paragraph\">Les enfants soldats form\u00e9s par ce groupe terroriste ont v\u00e9cu les pires atrocit\u00e9s. Dans le meilleur des cas, ils ont \u00e9t\u00e9 arrach\u00e9s \u00e0 leur famille. Dans le pire des cas, ona  d\u00e9cim\u00e9 leur famille<strong> et les enfants n&rsquo;ont eu d&rsquo;autres choix que de survivre au sein de ce groupe<\/strong>. Viol\u00e9s, tortur\u00e9s, mutil\u00e9s, <strong>ils ont ensuite \u00e9t\u00e9 asservis<\/strong> \u00e0 la cause de Joseph Kony, le chef de la LRA.<\/p>\n\n\n\n<p class=\"has-medium-font-size wp-block-paragraph\">Au travers de ce roman, <strong>Victor del Arbol l\u00e8ve le voile sur l&rsquo;Ouganda<\/strong>, pays meurtri, victime de gu\u00e9rilla d&rsquo;une violence inou\u00efe dont on ne parle que trop peu. Mais il aborde aussi <strong>la culpabilit\u00e9 que peuvent ressentir d\u00e9sormais ces enfants devenus grands<\/strong>, \u00e0 qui on a appris \u00e0 tuer alors qu&rsquo;ils n&rsquo;\u00e9taient alors que victime. Le personnage d&rsquo;Isa\u00efe oscille entre deux sentiments. L&rsquo;injustice et la culpabilit\u00e9. L&rsquo;injustice de ce qui lui est arriv\u00e9. La culpabilit\u00e9 d&rsquo;avoir d\u00fb tuer pour survivre.<\/p>\n\n\n\n<p class=\"has-medium-font-size wp-block-paragraph\">C&rsquo;est <strong>un livre difficile \u00e0 lire<\/strong>, tr\u00e8s difficile. Non pas que l&rsquo;\u00e9criture soit complexe, mais le sujet est tellement lourd qu&rsquo;il est difficile d&rsquo;encha\u00eener les pages. Le simple fait de savoir que des enfants ont r\u00e9ellement v\u00e9cu de telles horreurs fait froid dans le dos. L&rsquo;\u00e9criture de Victor des Arbol est puissante, <strong>on ne ressort pas indemne d&rsquo;une telle lecture<\/strong>. <\/p>\n\n\n\n<div class=\"wp-block-image\"><figure class=\"aligncenter size-large is-resized\"><img decoding=\"async\" src=\"https:\/\/serialectrice.com\/wp-content\/uploads\/2021\/10\/Sans-titre233-1024x1024.png\" alt=\"\" class=\"wp-image-2419\" width=\"-97\" height=\"-97\" srcset=\"https:\/\/serialectrice.com\/wp-content\/uploads\/2021\/10\/Sans-titre233-1024x1024.png 1024w, https:\/\/serialectrice.com\/wp-content\/uploads\/2021\/10\/Sans-titre233-300x300.png 300w, https:\/\/serialectrice.com\/wp-content\/uploads\/2021\/10\/Sans-titre233-150x150.png 150w, https:\/\/serialectrice.com\/wp-content\/uploads\/2021\/10\/Sans-titre233-768x768.png 768w, https:\/\/serialectrice.com\/wp-content\/uploads\/2021\/10\/Sans-titre233-100x100.png 100w, https:\/\/serialectrice.com\/wp-content\/uploads\/2021\/10\/Sans-titre233.png 1080w\" sizes=\"(max-width: 1024px) 100vw, 1024px\" \/><\/figure><\/div>\n\n\n\n<p class=\"has-text-align-center has-medium-font-size wp-block-paragraph\"><em>Avant les ann\u00e9es terribles est un roman d&rsquo;une<strong> grande qualit\u00e9<\/strong>, dont le th\u00e8me est tr\u00e8s \u00e9prouvant. Ce fut une<strong> lecture tr\u00e8s instructive<\/strong>, mais je ne lirai pas ce genre de romans tous les jours.<\/em><\/p>\n\n\n<div class=\"wp-block-jetpack-rating-star\" style=\"text-align:center\" itemprop=\"reviewRating\" itemscope itemtype=\"http:\/\/schema.org\/Rating\"><p><span aria-hidden=\"true\">\u2b50<\/span><span aria-hidden=\"true\">\u2b50<\/span><span aria-hidden=\"true\">\u2b50<\/span><span aria-hidden=\"true\">\u2b50<\/span><\/p><span style=\"display: none;\" itemprop=\"worstRating\" content=\"0.5\"><span>\n<svg xmlns=\"http:\/\/www.w3.org\/2000\/svg\" width=\"24\" height=\"24\" viewBox=\"0 0 24 24\">\n\t<path class=\"\" fill=\"currentColor\" stroke=\"currentColor\" d=\"M12,17.3l6.2,3.7l-1.6-7L22,9.2l-7.2-0.6L12,2L9.2,8.6L2,9.2L7.5,14l-1.6,7L12,17.3z\" \/>\n<\/svg>\n<\/span>\n<span>\n<svg xmlns=\"http:\/\/www.w3.org\/2000\/svg\" width=\"24\" height=\"24\" viewBox=\"0 0 24 24\">\n\t<path class=\"\" fill=\"currentColor\" stroke=\"currentColor\" d=\"M12,17.3l6.2,3.7l-1.6-7L22,9.2l-7.2-0.6L12,2L9.2,8.6L2,9.2L7.5,14l-1.6,7L12,17.3z\" \/>\n<\/svg>\n<\/span><\/span><span style=\"display: none;\" ><span>\n<svg xmlns=\"http:\/\/www.w3.org\/2000\/svg\" width=\"24\" height=\"24\" viewBox=\"0 0 24 24\">\n\t<path class=\"\" fill=\"currentColor\" stroke=\"currentColor\" d=\"M12,17.3l6.2,3.7l-1.6-7L22,9.2l-7.2-0.6L12,2L9.2,8.6L2,9.2L7.5,14l-1.6,7L12,17.3z\" \/>\n<\/svg>\n<\/span>\n<span>\n<svg xmlns=\"http:\/\/www.w3.org\/2000\/svg\" width=\"24\" height=\"24\" viewBox=\"0 0 24 24\">\n\t<path class=\"\" fill=\"currentColor\" stroke=\"currentColor\" d=\"M12,17.3l6.2,3.7l-1.6-7L22,9.2l-7.2-0.6L12,2L9.2,8.6L2,9.2L7.5,14l-1.6,7L12,17.3z\" \/>\n<\/svg>\n<\/span><\/span><span style=\"display: none;\" ><span>\n<svg xmlns=\"http:\/\/www.w3.org\/2000\/svg\" width=\"24\" height=\"24\" viewBox=\"0 0 24 24\">\n\t<path class=\"\" fill=\"currentColor\" stroke=\"currentColor\" d=\"M12,17.3l6.2,3.7l-1.6-7L22,9.2l-7.2-0.6L12,2L9.2,8.6L2,9.2L7.5,14l-1.6,7L12,17.3z\" \/>\n<\/svg>\n<\/span>\n<span>\n<svg xmlns=\"http:\/\/www.w3.org\/2000\/svg\" width=\"24\" height=\"24\" viewBox=\"0 0 24 24\">\n\t<path class=\"\" fill=\"currentColor\" stroke=\"currentColor\" d=\"M12,17.3l6.2,3.7l-1.6-7L22,9.2l-7.2-0.6L12,2L9.2,8.6L2,9.2L7.5,14l-1.6,7L12,17.3z\" \/>\n<\/svg>\n<\/span><\/span><span style=\"display: none;\" ><span>\n<svg xmlns=\"http:\/\/www.w3.org\/2000\/svg\" width=\"24\" height=\"24\" viewBox=\"0 0 24 24\">\n\t<path class=\"\" fill=\"currentColor\" stroke=\"currentColor\" d=\"M12,17.3l6.2,3.7l-1.6-7L22,9.2l-7.2-0.6L12,2L9.2,8.6L2,9.2L7.5,14l-1.6,7L12,17.3z\" \/>\n<\/svg>\n<\/span>\n<span>\n<svg xmlns=\"http:\/\/www.w3.org\/2000\/svg\" width=\"24\" height=\"24\" viewBox=\"0 0 24 24\">\n\t<path class=\"is-rating-unfilled\" fill=\"currentColor\" stroke=\"currentColor\" d=\"M12,17.3l6.2,3.7l-1.6-7L22,9.2l-7.2-0.6L12,2L9.2,8.6L2,9.2L7.5,14l-1.6,7L12,17.3z\" \/>\n<\/svg>\n<\/span><\/span><span style=\"display: none;\" itemprop=\"bestRating\" content=\"5\"><span>\n<svg xmlns=\"http:\/\/www.w3.org\/2000\/svg\" width=\"24\" height=\"24\" viewBox=\"0 0 24 24\">\n\t<path class=\"is-rating-unfilled\" fill=\"currentColor\" stroke=\"currentColor\" d=\"M12,17.3l6.2,3.7l-1.6-7L22,9.2l-7.2-0.6L12,2L9.2,8.6L2,9.2L7.5,14l-1.6,7L12,17.3z\" \/>\n<\/svg>\n<\/span>\n<span>\n<svg xmlns=\"http:\/\/www.w3.org\/2000\/svg\" width=\"24\" height=\"24\" viewBox=\"0 0 24 24\">\n\t<path class=\"is-rating-unfilled\" fill=\"currentColor\" stroke=\"currentColor\" d=\"M12,17.3l6.2,3.7l-1.6-7L22,9.2l-7.2-0.6L12,2L9.2,8.6L2,9.2L7.5,14l-1.6,7L12,17.3z\" \/>\n<\/svg>\n<\/span><\/span><span itemprop=\"ratingValue\" class=\"screen-reader-text\" content=\"3.5\">Note\u00a0: 3.5\u00a0sur 5.<\/span><\/div>\n\n\n<h2 class=\"has-vivid-green-cyan-color has-text-color wp-block-heading\">Mes challenges<\/h2>\n\n\n\n<p class=\"has-medium-font-size wp-block-paragraph\">J&rsquo;ai tout d&rsquo;abord lu ce livre dans le cadre du <strong>club de lecture <\/strong>propos\u00e9 sur le groupe la <a href=\"https:\/\/www.facebook.com\/groups\/707636122759664\">T\u00eate dans les livres<\/a>. Une fois par mois, nous nous r\u00e9unissons via Zoom pour parler de nos lectures. Soit une <strong>lecture commune, soit un th\u00e8me ou un auteur en commun<\/strong>. En octobre, notre th\u00e8me \u00e9tait l&rsquo;<strong>Afrique<\/strong>.<\/p>\n\n\n\n<p class=\"has-medium-font-size wp-block-paragraph\">Cette lecture m&rsquo;a permis de valider la cat\u00e9gorie 69 du <a href=\"https:\/\/serialectrice.com\/index.php\/mes-challenges-litteraires\/\">challenge annuel <\/a>de Linda. <strong>Lire une histoire bas\u00e9e sur des faits r\u00e9els.<\/strong><\/p>\n\n\n\n<p class=\"wp-block-paragraph\"><\/p>\n","protected":false},"excerpt":{"rendered":"<p>Arriv\u00e9 \u00e0 Barcelone encore adolescent, Isa\u00efe a lutt\u00e9 d&rsquo;arrache-pied pour gagner son droit au bonheur. <\/p>\n","protected":false},"author":1,"featured_media":2420,"comment_status":"open","ping_status":"open","sticky":false,"template":"","format":"standard","meta":{"_crdt_document":"","om_disable_all_campaigns":false,"_uag_custom_page_level_css":"","_monsterinsights_skip_tracking":false,"_monsterinsights_sitenote_active":false,"_monsterinsights_sitenote_note":"","_monsterinsights_sitenote_category":0,"_uf_show_specific_survey":0,"_uf_disable_surveys":false,"_jetpack_memberships_contains_paid_content":false,"footnotes":"","jetpack_publicize_message":"Avant les ann\u00e9es terribles _ Victor Del Arbol\n\nArriv\u00e9 \u00e0 Barcelone encore adolescent, Isa\u00efe a lutt\u00e9 d'arrache-pied pour gagner son droit au bonheur.","jetpack_publicize_feature_enabled":true,"jetpack_social_post_already_shared":true,"jetpack_social_options":{"image_generator_settings":{"template":"highway","default_image_id":0,"font":"","enabled":false},"version":2}},"categories":[6],"tags":[172,170,171,173],"class_list":["post-2412","post","type-post","status-publish","format-standard","has-post-thumbnail","hentry","category-livres-lus","tag-afrique","tag-litterature-espagnole","tag-monde","tag-victor-del-arbol"],"aioseo_notices":[],"jetpack_publicize_connections":[],"jetpack_featured_media_url":"https:\/\/serialectrice.com\/wp-content\/uploads\/2021\/10\/Sans-titre232.png","uagb_featured_image_src":{"full":["https:\/\/serialectrice.com\/wp-content\/uploads\/2021\/10\/Sans-titre232.png",1716,993,false],"thumbnail":["https:\/\/serialectrice.com\/wp-content\/uploads\/2021\/10\/Sans-titre232-572x331.png",572,331,true],"medium":["https:\/\/serialectrice.com\/wp-content\/uploads\/2021\/10\/Sans-titre232-300x174.png",300,174,true],"medium_large":["https:\/\/serialectrice.com\/wp-content\/uploads\/2021\/10\/Sans-titre232-768x444.png",768,444,true],"large":["https:\/\/serialectrice.com\/wp-content\/uploads\/2021\/10\/Sans-titre232-1024x593.png",840,486,true],"post-slider-thumb-size":["https:\/\/serialectrice.com\/wp-content\/uploads\/2021\/10\/Sans-titre232.png",328,190,false],"post-category-slider-size":["https:\/\/serialectrice.com\/wp-content\/uploads\/2021\/10\/Sans-titre232.png",330,191,false],"1536x1536":["https:\/\/serialectrice.com\/wp-content\/uploads\/2021\/10\/Sans-titre232-1536x889.png",1536,889,true],"2048x2048":["https:\/\/serialectrice.com\/wp-content\/uploads\/2021\/10\/Sans-titre232.png",1716,993,false],"hello-fashion-slider":["https:\/\/serialectrice.com\/wp-content\/uploads\/2021\/10\/Sans-titre232.png",480,278,false],"hello-fashion-blog-three":["https:\/\/serialectrice.com\/wp-content\/uploads\/2021\/10\/Sans-titre232.png",420,243,false],"hello-fashion-blog-four":["https:\/\/serialectrice.com\/wp-content\/uploads\/2021\/10\/Sans-titre232.png",573,332,false],"vilva-slider-one":["https:\/\/serialectrice.com\/wp-content\/uploads\/2021\/10\/Sans-titre232.png",1037,600,false],"vilva-featured-four":["https:\/\/serialectrice.com\/wp-content\/uploads\/2021\/10\/Sans-titre232.png",800,463,false],"vilva-blog":["https:\/\/serialectrice.com\/wp-content\/uploads\/2021\/10\/Sans-titre232.png",420,243,false],"vilva-blog-one":["https:\/\/serialectrice.com\/wp-content\/uploads\/2021\/10\/Sans-titre232.png",864,500,false],"vilva-sidebar":["https:\/\/serialectrice.com\/wp-content\/uploads\/2021\/10\/Sans-titre232.png",817,473,false]},"uagb_author_info":{"display_name":"SeriaLectrice","author_link":"https:\/\/serialectrice.com\/index.php\/author\/cilounegmail-com\/"},"uagb_comment_info":4,"uagb_excerpt":"Arriv\u00e9 \u00e0 Barcelone encore adolescent, Isa\u00efe a lutt\u00e9 d'arrache-pied pour gagner son droit au bonheur.","jetpack_sharing_enabled":true,"jetpack_likes_enabled":true,"_links":{"self":[{"href":"https:\/\/serialectrice.com\/index.php\/wp-json\/wp\/v2\/posts\/2412","targetHints":{"allow":["GET"]}}],"collection":[{"href":"https:\/\/serialectrice.com\/index.php\/wp-json\/wp\/v2\/posts"}],"about":[{"href":"https:\/\/serialectrice.com\/index.php\/wp-json\/wp\/v2\/types\/post"}],"author":[{"embeddable":true,"href":"https:\/\/serialectrice.com\/index.php\/wp-json\/wp\/v2\/users\/1"}],"replies":[{"embeddable":true,"href":"https:\/\/serialectrice.com\/index.php\/wp-json\/wp\/v2\/comments?post=2412"}],"version-history":[{"count":0,"href":"https:\/\/serialectrice.com\/index.php\/wp-json\/wp\/v2\/posts\/2412\/revisions"}],"wp:featuredmedia":[{"embeddable":true,"href":"https:\/\/serialectrice.com\/index.php\/wp-json\/wp\/v2\/media\/2420"}],"wp:attachment":[{"href":"https:\/\/serialectrice.com\/index.php\/wp-json\/wp\/v2\/media?parent=2412"}],"wp:term":[{"taxonomy":"category","embeddable":true,"href":"https:\/\/serialectrice.com\/index.php\/wp-json\/wp\/v2\/categories?post=2412"},{"taxonomy":"post_tag","embeddable":true,"href":"https:\/\/serialectrice.com\/index.php\/wp-json\/wp\/v2\/tags?post=2412"}],"curies":[{"name":"wp","href":"https:\/\/api.w.org\/{rel}","templated":true}]}}