{"id":2394,"date":"2021-10-20T15:01:11","date_gmt":"2021-10-20T13:01:11","guid":{"rendered":"https:\/\/serialectrice.com\/?p=2394"},"modified":"2021-10-20T15:01:15","modified_gmt":"2021-10-20T13:01:15","slug":"les-crayons-de-couleur-_-jean-gabriel-causse","status":"publish","type":"post","link":"https:\/\/serialectrice.com\/index.php\/2021\/10\/20\/les-crayons-de-couleur-_-jean-gabriel-causse\/","title":{"rendered":"Les crayons de couleur _ Jean-Gabriel Causse"},"content":{"rendered":"\n<div class=\"wp-block-media-text alignwide is-stacked-on-mobile\" style=\"grid-template-columns:30% auto\"><figure class=\"wp-block-media-text__media\"><img loading=\"lazy\" decoding=\"async\" width=\"658\" height=\"1024\" src=\"https:\/\/serialectrice.com\/wp-content\/uploads\/2021\/09\/les-crayons-de-couleur-947227-658x1024.jpg\" alt=\"\" class=\"wp-image-2345 size-full\" srcset=\"https:\/\/serialectrice.com\/wp-content\/uploads\/2021\/09\/les-crayons-de-couleur-947227-658x1024.jpg 658w, https:\/\/serialectrice.com\/wp-content\/uploads\/2021\/09\/les-crayons-de-couleur-947227-193x300.jpg 193w, https:\/\/serialectrice.com\/wp-content\/uploads\/2021\/09\/les-crayons-de-couleur-947227-96x150.jpg 96w, https:\/\/serialectrice.com\/wp-content\/uploads\/2021\/09\/les-crayons-de-couleur-947227-768x1195.jpg 768w, https:\/\/serialectrice.com\/wp-content\/uploads\/2021\/09\/les-crayons-de-couleur-947227.jpg 797w\" sizes=\"auto, (max-width: 658px) 100vw, 658px\" \/><\/figure><div class=\"wp-block-media-text__content\">\n<h2 class=\"has-vivid-green-cyan-color has-text-color wp-block-heading\">R\u00e9sum\u00e9<\/h2>\n\n\n\n<p class=\"wp-block-paragraph\" style=\"font-size:19px\">Du jour au lendemain, les couleurs disparaissent. Dans ce nouveau monde en noir et blanc, un dr\u00f4le de duo se met en t\u00eate de sauver l\u2019humanit\u00e9 de la d\u00e9pression en partant \u00e0 leur recherche. Lui, c\u2019est Arthur, employ\u00e9 dans une fabrique de crayons de couleur, aussi paum\u00e9 que s\u00e9duisant. Elle, c\u2019est Charlotte, aveugle de naissance et scientifique sp\u00e9cialiste de ces m\u00eames couleurs qu\u2019elle n\u2019a jamais vues. \u00c0 leurs c\u00f4t\u00e9s, une petite fille au don myst\u00e9rieux, un chauffeur de taxi new-yorkais, les r\u00e9sidents d\u2019une maison de retraite qui ressemble \u00e0 une colonie de vacances. \u00c0 leurs trousses, une bande de bras cass\u00e9s au service d\u2019une triade chinoise\u2026<\/p>\n<\/div><\/div>\n\n\n\n<h2 class=\"has-vivid-green-cyan-color has-text-color wp-block-heading\">Mon ressenti<\/h2>\n\n\n\n<p class=\"has-medium-font-size wp-block-paragraph\"><strong>Imaginez un monde sans couleur, un monde tout en nuances de gris<\/strong>. Comment r\u00e9agirions-nous ? Et si une seule couleur r\u00e9apparaissait au milieu du noir et blanc ? C&rsquo;est ce que Jean-Gabriel Causse a imagin\u00e9 dans Les crayons de couleur. Du jour au lendemain, les couleurs ont disparu. <strong>Les habitants de la plan\u00e8te deviennent alors d\u00e9prim\u00e9s, manquent d&rsquo;entrain. Les couleurs leur manquent ! Elles sont indispensables \u00e0 leur bien \u00eatre.<\/strong><\/p>\n\n\n\n<p class=\"has-medium-font-size wp-block-paragraph\">Arthur, employ\u00e9 dans une fabrique de crayons de couleur en faillite, d\u00e9cide lors du dernier tour de fabrication de mettre tous les pigments qu&rsquo;il reste ensemble. <strong>Il en ressort alors des crayons de couleur tr\u00e8s particuliers. Ils peuvent recolorer le monde. <\/strong>C&rsquo;est une petite fille qui va s&rsquo;en rendre compte. Elle seule voit la couleur de ces crayons et<strong> lorsqu&rsquo;elle dessine avec, tous ceux qui regardent son dessin voient de nouveau la couleur en question. <\/strong>Enfin, il y a Charlotte, la m\u00e8re de cette petite fille. Elle est <strong>aveugle<\/strong> et, chose surprenante, est<strong> sp\u00e9cialiste des couleurs.<\/strong><\/p>\n\n\n\n<p class=\"has-medium-font-size wp-block-paragraph\">En faisant r\u00e9appara\u00eetre les couleurs, <strong>la petite fille est en danger<\/strong>. En effet, ses \u00ab\u00a0pouvoirs\u00a0\u00bb sont recherch\u00e9s et la mafia s&rsquo;y int\u00e9resse. Son objectif, faire payer les gens pour observer les dessins de l&rsquo;enfant. <strong>C&rsquo;est compl\u00e8tement loufoque, cocasse et \u00e7a fonctionne ! C&rsquo;est vraiment un roman original et tellement optimiste ! <\/strong><\/p>\n\n\n\n<p class=\"has-medium-font-size wp-block-paragraph\">L&rsquo;auteur aussi est <strong>sp\u00e9cialiste, et \u00e7a se ressent<\/strong>. Au travers de son histoire plut\u00f4t folle, le lecteur apprend <strong>mille petites anecdotes au sujet des couleurs. <\/strong>Ainsi, le rose est une couleur positive. On a repeint des cellules de prison en rose et constat\u00e9 que les d\u00e9tenus \u00e9taient beaucoup moins agressifs. Des murs rose dans les \u00e9coles rendraient les enfants plus positifs et beaucoup plus pos\u00e9s. <strong>Nous apprenons beaucoup de choses sur chaque couleur \u00e0 mesure qu&rsquo;elles r\u00e9apparaissent dans l&rsquo;histoire<\/strong>. Mais \u00e0 aucun moment \u00e7a ne ressemble \u00e0 un livre documentaire.<\/p>\n\n\n\n<div class=\"wp-block-image\"><figure class=\"aligncenter size-large\"><img loading=\"lazy\" decoding=\"async\" width=\"1024\" height=\"1024\" src=\"https:\/\/serialectrice.com\/wp-content\/uploads\/2021\/10\/Sans-titre227-1024x1024.png\" alt=\"\" class=\"wp-image-2401\" srcset=\"https:\/\/serialectrice.com\/wp-content\/uploads\/2021\/10\/Sans-titre227-1024x1024.png 1024w, https:\/\/serialectrice.com\/wp-content\/uploads\/2021\/10\/Sans-titre227-300x300.png 300w, https:\/\/serialectrice.com\/wp-content\/uploads\/2021\/10\/Sans-titre227-150x150.png 150w, https:\/\/serialectrice.com\/wp-content\/uploads\/2021\/10\/Sans-titre227-768x768.png 768w, https:\/\/serialectrice.com\/wp-content\/uploads\/2021\/10\/Sans-titre227-100x100.png 100w, https:\/\/serialectrice.com\/wp-content\/uploads\/2021\/10\/Sans-titre227.png 1080w\" sizes=\"auto, (max-width: 1024px) 100vw, 1024px\" \/><\/figure><\/div>\n\n\n\n<p class=\"has-medium-font-size wp-block-paragraph\"> <\/p>\n\n\n\n<p class=\"has-text-align-center has-medium-font-size wp-block-paragraph\"><em>J&rsquo;ai vraiment pass\u00e9 <strong>un excellent momen<\/strong>t au c\u00f4t\u00e9 de ces personnages hauts en couleur ! Je relirai avec plaisir cet auteur !<\/em><\/p>\n\n\n<div class=\"wp-block-jetpack-rating-star\" style=\"text-align:center\" itemprop=\"reviewRating\" itemscope itemtype=\"http:\/\/schema.org\/Rating\"><p><span aria-hidden=\"true\">\u2b50<\/span><span aria-hidden=\"true\">\u2b50<\/span><span aria-hidden=\"true\">\u2b50<\/span><span aria-hidden=\"true\">\u2b50<\/span><\/p><span style=\"display: none;\" itemprop=\"worstRating\" content=\"0.5\"><span>\n<svg xmlns=\"http:\/\/www.w3.org\/2000\/svg\" width=\"24\" height=\"24\" viewBox=\"0 0 24 24\">\n\t<path class=\"\" fill=\"currentColor\" stroke=\"currentColor\" d=\"M12,17.3l6.2,3.7l-1.6-7L22,9.2l-7.2-0.6L12,2L9.2,8.6L2,9.2L7.5,14l-1.6,7L12,17.3z\" \/>\n<\/svg>\n<\/span>\n<span>\n<svg xmlns=\"http:\/\/www.w3.org\/2000\/svg\" width=\"24\" height=\"24\" viewBox=\"0 0 24 24\">\n\t<path class=\"\" fill=\"currentColor\" stroke=\"currentColor\" d=\"M12,17.3l6.2,3.7l-1.6-7L22,9.2l-7.2-0.6L12,2L9.2,8.6L2,9.2L7.5,14l-1.6,7L12,17.3z\" \/>\n<\/svg>\n<\/span><\/span><span style=\"display: none;\" ><span>\n<svg xmlns=\"http:\/\/www.w3.org\/2000\/svg\" width=\"24\" height=\"24\" viewBox=\"0 0 24 24\">\n\t<path class=\"\" fill=\"currentColor\" stroke=\"currentColor\" d=\"M12,17.3l6.2,3.7l-1.6-7L22,9.2l-7.2-0.6L12,2L9.2,8.6L2,9.2L7.5,14l-1.6,7L12,17.3z\" \/>\n<\/svg>\n<\/span>\n<span>\n<svg xmlns=\"http:\/\/www.w3.org\/2000\/svg\" width=\"24\" height=\"24\" viewBox=\"0 0 24 24\">\n\t<path class=\"\" fill=\"currentColor\" stroke=\"currentColor\" d=\"M12,17.3l6.2,3.7l-1.6-7L22,9.2l-7.2-0.6L12,2L9.2,8.6L2,9.2L7.5,14l-1.6,7L12,17.3z\" \/>\n<\/svg>\n<\/span><\/span><span style=\"display: none;\" ><span>\n<svg xmlns=\"http:\/\/www.w3.org\/2000\/svg\" width=\"24\" height=\"24\" viewBox=\"0 0 24 24\">\n\t<path class=\"\" fill=\"currentColor\" stroke=\"currentColor\" d=\"M12,17.3l6.2,3.7l-1.6-7L22,9.2l-7.2-0.6L12,2L9.2,8.6L2,9.2L7.5,14l-1.6,7L12,17.3z\" \/>\n<\/svg>\n<\/span>\n<span>\n<svg xmlns=\"http:\/\/www.w3.org\/2000\/svg\" width=\"24\" height=\"24\" viewBox=\"0 0 24 24\">\n\t<path class=\"\" fill=\"currentColor\" stroke=\"currentColor\" d=\"M12,17.3l6.2,3.7l-1.6-7L22,9.2l-7.2-0.6L12,2L9.2,8.6L2,9.2L7.5,14l-1.6,7L12,17.3z\" \/>\n<\/svg>\n<\/span><\/span><span style=\"display: none;\" ><span>\n<svg xmlns=\"http:\/\/www.w3.org\/2000\/svg\" width=\"24\" height=\"24\" viewBox=\"0 0 24 24\">\n\t<path class=\"\" fill=\"currentColor\" stroke=\"currentColor\" d=\"M12,17.3l6.2,3.7l-1.6-7L22,9.2l-7.2-0.6L12,2L9.2,8.6L2,9.2L7.5,14l-1.6,7L12,17.3z\" \/>\n<\/svg>\n<\/span>\n<span>\n<svg xmlns=\"http:\/\/www.w3.org\/2000\/svg\" width=\"24\" height=\"24\" viewBox=\"0 0 24 24\">\n\t<path class=\"\" fill=\"currentColor\" stroke=\"currentColor\" d=\"M12,17.3l6.2,3.7l-1.6-7L22,9.2l-7.2-0.6L12,2L9.2,8.6L2,9.2L7.5,14l-1.6,7L12,17.3z\" \/>\n<\/svg>\n<\/span><\/span><span style=\"display: none;\" itemprop=\"bestRating\" content=\"5\"><span>\n<svg xmlns=\"http:\/\/www.w3.org\/2000\/svg\" width=\"24\" height=\"24\" viewBox=\"0 0 24 24\">\n\t<path class=\"is-rating-unfilled\" fill=\"currentColor\" stroke=\"currentColor\" d=\"M12,17.3l6.2,3.7l-1.6-7L22,9.2l-7.2-0.6L12,2L9.2,8.6L2,9.2L7.5,14l-1.6,7L12,17.3z\" \/>\n<\/svg>\n<\/span>\n<span>\n<svg xmlns=\"http:\/\/www.w3.org\/2000\/svg\" width=\"24\" height=\"24\" viewBox=\"0 0 24 24\">\n\t<path class=\"is-rating-unfilled\" fill=\"currentColor\" stroke=\"currentColor\" d=\"M12,17.3l6.2,3.7l-1.6-7L22,9.2l-7.2-0.6L12,2L9.2,8.6L2,9.2L7.5,14l-1.6,7L12,17.3z\" \/>\n<\/svg>\n<\/span><\/span><span itemprop=\"ratingValue\" class=\"screen-reader-text\" content=\"4\">Note\u00a0: 4\u00a0sur 5.<\/span><\/div>\n\n\n<h2 class=\"has-vivid-green-cyan-color has-text-color wp-block-heading\">Mes challenges<\/h2>\n\n\n\n<p class=\"has-medium-font-size wp-block-paragraph\">Cette lecture m&rsquo;a permis de valider la cat\u00e9gorie du <a href=\"https:\/\/serialectrice.com\/index.php\/2021\/09\/29\/challenge-litteraire-octobre\/\">challenge mensuel<\/a>. <strong>Une couverture qui est un dessin.<\/strong><\/p>\n\n\n\n<p class=\"has-medium-font-size wp-block-paragraph\">Cette lecture m&rsquo;a \u00e9galement permis de valider la cat\u00e9gorie 71 du <a href=\"https:\/\/www.facebook.com\/groups\/707636122759664\">challenge annuel<\/a>. <strong>Livre dans lequel on retrouve une sc\u00e8ne \u00e9rotique (tr\u00e8s soft)<\/strong><\/p>\n","protected":false},"excerpt":{"rendered":"<p>Du jour au lendemain, les couleurs disparaissent. Dans ce nouveau monde en noir et blanc, un dr\u00f4le de duo se met en t\u00eate de sauver l\u2019humanit\u00e9 de la d\u00e9pression en partant \u00e0 leur recherche. <\/p>\n","protected":false},"author":1,"featured_media":2400,"comment_status":"open","ping_status":"open","sticky":false,"template":"","format":"standard","meta":{"_crdt_document":"","om_disable_all_campaigns":false,"_uag_custom_page_level_css":"","_monsterinsights_skip_tracking":false,"_monsterinsights_sitenote_active":false,"_monsterinsights_sitenote_note":"","_monsterinsights_sitenote_category":0,"_uf_show_specific_survey":0,"_uf_disable_surveys":false,"_jetpack_memberships_contains_paid_content":false,"footnotes":"","jetpack_publicize_message":"Les crayons de couleur _ Jean-Gabriel Causse\n\nImaginez un monde sans couleur, tout en nuances de gris.","jetpack_publicize_feature_enabled":true,"jetpack_social_post_already_shared":true,"jetpack_social_options":{"image_generator_settings":{"template":"highway","default_image_id":0,"font":"","enabled":false},"version":2}},"categories":[6],"tags":[167,44],"class_list":["post-2394","post","type-post","status-publish","format-standard","has-post-thumbnail","hentry","category-livres-lus","tag-litterature-contemporaine","tag-litterature-generale"],"aioseo_notices":[],"jetpack_publicize_connections":[],"jetpack_featured_media_url":"https:\/\/serialectrice.com\/wp-content\/uploads\/2021\/10\/Sans-titre226.png","uagb_featured_image_src":{"full":["https:\/\/serialectrice.com\/wp-content\/uploads\/2021\/10\/Sans-titre226.png",1716,993,false],"thumbnail":["https:\/\/serialectrice.com\/wp-content\/uploads\/2021\/10\/Sans-titre226-572x331.png",572,331,true],"medium":["https:\/\/serialectrice.com\/wp-content\/uploads\/2021\/10\/Sans-titre226-300x174.png",300,174,true],"medium_large":["https:\/\/serialectrice.com\/wp-content\/uploads\/2021\/10\/Sans-titre226-768x444.png",768,444,true],"large":["https:\/\/serialectrice.com\/wp-content\/uploads\/2021\/10\/Sans-titre226-1024x593.png",840,486,true],"post-slider-thumb-size":["https:\/\/serialectrice.com\/wp-content\/uploads\/2021\/10\/Sans-titre226.png",328,190,false],"post-category-slider-size":["https:\/\/serialectrice.com\/wp-content\/uploads\/2021\/10\/Sans-titre226.png",330,191,false],"1536x1536":["https:\/\/serialectrice.com\/wp-content\/uploads\/2021\/10\/Sans-titre226-1536x889.png",1536,889,true],"2048x2048":["https:\/\/serialectrice.com\/wp-content\/uploads\/2021\/10\/Sans-titre226.png",1716,993,false],"hello-fashion-slider":["https:\/\/serialectrice.com\/wp-content\/uploads\/2021\/10\/Sans-titre226.png",480,278,false],"hello-fashion-blog-three":["https:\/\/serialectrice.com\/wp-content\/uploads\/2021\/10\/Sans-titre226.png",420,243,false],"hello-fashion-blog-four":["https:\/\/serialectrice.com\/wp-content\/uploads\/2021\/10\/Sans-titre226.png",573,332,false],"vilva-slider-one":["https:\/\/serialectrice.com\/wp-content\/uploads\/2021\/10\/Sans-titre226.png",1037,600,false],"vilva-featured-four":["https:\/\/serialectrice.com\/wp-content\/uploads\/2021\/10\/Sans-titre226.png",800,463,false],"vilva-blog":["https:\/\/serialectrice.com\/wp-content\/uploads\/2021\/10\/Sans-titre226.png",420,243,false],"vilva-blog-one":["https:\/\/serialectrice.com\/wp-content\/uploads\/2021\/10\/Sans-titre226.png",864,500,false],"vilva-sidebar":["https:\/\/serialectrice.com\/wp-content\/uploads\/2021\/10\/Sans-titre226.png",817,473,false]},"uagb_author_info":{"display_name":"SeriaLectrice","author_link":"https:\/\/serialectrice.com\/index.php\/author\/cilounegmail-com\/"},"uagb_comment_info":2,"uagb_excerpt":"Du jour au lendemain, les couleurs disparaissent. Dans ce nouveau monde en noir et blanc, un dr\u00f4le de duo se met en t\u00eate de sauver l\u2019humanit\u00e9 de la d\u00e9pression en partant \u00e0 leur recherche.","jetpack_sharing_enabled":true,"jetpack_likes_enabled":true,"_links":{"self":[{"href":"https:\/\/serialectrice.com\/index.php\/wp-json\/wp\/v2\/posts\/2394","targetHints":{"allow":["GET"]}}],"collection":[{"href":"https:\/\/serialectrice.com\/index.php\/wp-json\/wp\/v2\/posts"}],"about":[{"href":"https:\/\/serialectrice.com\/index.php\/wp-json\/wp\/v2\/types\/post"}],"author":[{"embeddable":true,"href":"https:\/\/serialectrice.com\/index.php\/wp-json\/wp\/v2\/users\/1"}],"replies":[{"embeddable":true,"href":"https:\/\/serialectrice.com\/index.php\/wp-json\/wp\/v2\/comments?post=2394"}],"version-history":[{"count":0,"href":"https:\/\/serialectrice.com\/index.php\/wp-json\/wp\/v2\/posts\/2394\/revisions"}],"wp:featuredmedia":[{"embeddable":true,"href":"https:\/\/serialectrice.com\/index.php\/wp-json\/wp\/v2\/media\/2400"}],"wp:attachment":[{"href":"https:\/\/serialectrice.com\/index.php\/wp-json\/wp\/v2\/media?parent=2394"}],"wp:term":[{"taxonomy":"category","embeddable":true,"href":"https:\/\/serialectrice.com\/index.php\/wp-json\/wp\/v2\/categories?post=2394"},{"taxonomy":"post_tag","embeddable":true,"href":"https:\/\/serialectrice.com\/index.php\/wp-json\/wp\/v2\/tags?post=2394"}],"curies":[{"name":"wp","href":"https:\/\/api.w.org\/{rel}","templated":true}]}}