{"id":2354,"date":"2021-10-02T10:30:00","date_gmt":"2021-10-02T08:30:00","guid":{"rendered":"https:\/\/serialectrice.com\/?p=2354"},"modified":"2021-10-01T19:11:23","modified_gmt":"2021-10-01T17:11:23","slug":"le-cas-van-noorden","status":"publish","type":"post","link":"https:\/\/serialectrice.com\/index.php\/2021\/10\/02\/le-cas-van-noorden\/","title":{"rendered":"Le cas Van Noorden _ Rapha\u00ebl Passerin"},"content":{"rendered":"\n<div class=\"wp-block-media-text alignwide is-stacked-on-mobile\" style=\"grid-template-columns:28% auto\"><figure class=\"wp-block-media-text__media\"><img loading=\"lazy\" decoding=\"async\" width=\"640\" height=\"1024\" src=\"https:\/\/serialectrice.com\/wp-content\/uploads\/2021\/10\/le-cas-van-noorden-1499587-640x1024.png\" alt=\"\" class=\"wp-image-2355 size-full\" srcset=\"https:\/\/serialectrice.com\/wp-content\/uploads\/2021\/10\/le-cas-van-noorden-1499587-640x1024.png 640w, https:\/\/serialectrice.com\/wp-content\/uploads\/2021\/10\/le-cas-van-noorden-1499587-188x300.png 188w, https:\/\/serialectrice.com\/wp-content\/uploads\/2021\/10\/le-cas-van-noorden-1499587-94x150.png 94w, https:\/\/serialectrice.com\/wp-content\/uploads\/2021\/10\/le-cas-van-noorden-1499587-768x1229.png 768w, https:\/\/serialectrice.com\/wp-content\/uploads\/2021\/10\/le-cas-van-noorden-1499587-960x1536.png 960w, https:\/\/serialectrice.com\/wp-content\/uploads\/2021\/10\/le-cas-van-noorden-1499587.png 1000w\" sizes=\"auto, (max-width: 640px) 100vw, 640px\" \/><\/figure><div class=\"wp-block-media-text__content\">\n<h2 class=\"has-vivid-green-cyan-color has-text-color wp-block-heading\">R\u00e9sum\u00e9<\/h2>\n\n\n\n<p class=\"wp-block-paragraph\" style=\"font-size:18px\">Le cas Van Noorden<\/p>\n\n\n\n<p class=\"wp-block-paragraph\" style=\"font-size:18px\">Trois amis de fac en retrouvent un quatri\u00e8me, expatri\u00e9 au Canada, apr\u00e8s sept ann\u00e9es de s\u00e9paration. L\u2019occasion unique de renouer avec Carl pour Audric, Victor et Tony, mais l\u2019ambiance ne prend pas. Haine recuite, pass\u00e9 trouble, un d\u00eener qui br\u00fble et la concorde part en fum\u00e9e. Et lorsque enfin les esprits s\u2019apaisent autour d\u2019un verre, l\u2019impensable se produit : le corps de Carl Van Noorden est retrouv\u00e9 sans vie. Alors les cicatrices s\u2019ouvrent, les passions s\u2019exacerbent, les accusations fusent et convergent, vers qui ? Vers l\u2019h\u00f4te d\u2019un soir : Audric Herbert, principal accus\u00e9.<\/p>\n<\/div><\/div>\n\n\n\n<h2 class=\"has-vivid-green-cyan-color has-text-color wp-block-heading\">Mon ressenti<\/h2>\n\n\n\n<p class=\"has-medium-font-size wp-block-paragraph\">Audric, Victor et Tony se retrouvent apr\u00e8s plusieurs ann\u00e9es loin les uns des autres. C&rsquo;est \u00e9galement l&rsquo;occasion de revoir Carl. Mais lorsque <strong>ce dernier est retrouv\u00e9 mort dans le bureau, <\/strong>tout le monde devient suspect. <strong>Chacun tente de prouver son innocence <\/strong>et celui chez qui le d\u00eener se d\u00e9roule d\u00e9cide d&rsquo;enfermer tout le monde. Il prend \u00e0 parti <strong>le livreur de sushis qui fait des \u00e9tudes de droit<\/strong>, afin qu&rsquo;un oeil ext\u00e9rieur \u00e0 la sc\u00e8ne les aide. Ce dernier, au premier abord pas tr\u00e8s motiv\u00e9, va finir par prendre son r\u00f4le tr\u00e8s \u00e0 coeur et <strong>va r\u00e9soudre cette \u00e9nigme d&rsquo;une main de ma\u00eetre<\/strong>. C&rsquo;est \u00e0 se demander pourquoi il a d\u00e9j\u00e0 rat\u00e9 plusieurs fois l&rsquo;examen du barreau.<\/p>\n\n\n\n<h6 class=\"has-text-align-center wp-block-heading\">&#8212;<\/h6>\n\n\n\n<p class=\"has-medium-font-size wp-block-paragraph\"><strong>L&rsquo;auteur a pris un \u00e9norme risque.<\/strong> Il a d\u00e9cid\u00e9 de faire intervenir un livreur de sushi pour enqu\u00eater. Ca semble tout de m\u00eame <strong>invraisemblable<\/strong> dit comme \u00e7a.<strong> <\/strong>Plut\u00f4t que de faire appel \u00e0 la police, c&rsquo;est le livreur qui va proc\u00e9der \u00e0 l&rsquo;examen du corps et qui va prendre les \u00ab\u00a0d\u00e9positions\u00a0\u00bb de chacun. Car nos trois compagnons auraient tous un motif valable pour avoir tu\u00e9 Carl. De plus,<strong> le prologue cr\u00e9e une tension suppl\u00e9mentaire<\/strong>. En effet, d\u00e8s le d\u00e9but on nous annonce que 4 corps ont \u00e9t\u00e9 retrouv\u00e9s dans un appartement.<strong> Or, tout au long de l&rsquo;enqu\u00eate, il n&rsquo;y a qu&rsquo;un seul mort<\/strong>. On se demande donc du d\u00e9but \u00e0 la fin <strong>ce qui a bien pu arriver aux trois autres pour qu&rsquo;ils finissent tous assassin\u00e9s.<\/strong><\/p>\n\n\n\n<p class=\"has-medium-font-size wp-block-paragraph\">Hormis le fait que rien ne semble vraisemblable, <strong>c&rsquo;est un huis clos tr\u00e8s int\u00e9ressant. <\/strong>Mais tout de m\u00eame, plut\u00f4t que de faire appel \u00e0 la police,<strong> demander au livreur de sushi d&rsquo;enqu\u00eater est assez os\u00e9, et \u00e7a marche !<\/strong> La r\u00e9solution du crime est quant \u00e0 elle tr\u00e8s bien pens\u00e9e. A aucun moment on ne viendrait \u00e0 soup\u00e7onner cette personne. <strong>J&rsquo;ai vraiment trouv\u00e9 cette enqu\u00eate agr\u00e9able \u00e0 lire et surtout son originalit\u00e9 lui donne un petit c\u00f4t\u00e9 exotique.<\/strong><\/p>\n\n\n\n<div class=\"wp-block-image\"><figure class=\"aligncenter size-large is-resized\"><img decoding=\"async\" src=\"https:\/\/serialectrice.com\/wp-content\/uploads\/2021\/10\/Sans-titre213-1024x1024.png\" alt=\"\" class=\"wp-image-2357\" width=\"-189\" height=\"-189\" srcset=\"https:\/\/serialectrice.com\/wp-content\/uploads\/2021\/10\/Sans-titre213-1024x1024.png 1024w, https:\/\/serialectrice.com\/wp-content\/uploads\/2021\/10\/Sans-titre213-300x300.png 300w, https:\/\/serialectrice.com\/wp-content\/uploads\/2021\/10\/Sans-titre213-150x150.png 150w, https:\/\/serialectrice.com\/wp-content\/uploads\/2021\/10\/Sans-titre213-768x768.png 768w, https:\/\/serialectrice.com\/wp-content\/uploads\/2021\/10\/Sans-titre213-100x100.png 100w, https:\/\/serialectrice.com\/wp-content\/uploads\/2021\/10\/Sans-titre213.png 1080w\" sizes=\"(max-width: 1024px) 100vw, 1024px\" \/><\/figure><\/div>\n\n\n\n<p class=\"has-text-align-center has-medium-font-size wp-block-paragraph\"><em>C&rsquo;est vraiment <strong>une tr\u00e8s belle d\u00e9couverte. <\/strong>Un grand merci \u00e0 Rapha\u00ebl Passerin de m&rsquo;avoir contact\u00e9 et aux<a href=\"https:\/\/www.editions-du-val.fr\/fr\/\"> \u00e9ditions du Val<\/a> pour l&rsquo;envoi du roman en num\u00e9rique.<\/em><\/p>\n\n\n<div class=\"wp-block-jetpack-rating-star\" style=\"text-align:center\" itemprop=\"reviewRating\" itemscope itemtype=\"http:\/\/schema.org\/Rating\"><p><span aria-hidden=\"true\">\u2b50<\/span><span aria-hidden=\"true\">\u2b50<\/span><span aria-hidden=\"true\">\u2b50<\/span><span aria-hidden=\"true\">\u2b50<\/span><\/p><span style=\"display: none;\" itemprop=\"worstRating\" content=\"0.5\"><span>\n<svg xmlns=\"http:\/\/www.w3.org\/2000\/svg\" width=\"24\" height=\"24\" viewBox=\"0 0 24 24\">\n\t<path class=\"\" fill=\"currentColor\" stroke=\"currentColor\" d=\"M12,17.3l6.2,3.7l-1.6-7L22,9.2l-7.2-0.6L12,2L9.2,8.6L2,9.2L7.5,14l-1.6,7L12,17.3z\" \/>\n<\/svg>\n<\/span>\n<span>\n<svg xmlns=\"http:\/\/www.w3.org\/2000\/svg\" width=\"24\" height=\"24\" viewBox=\"0 0 24 24\">\n\t<path class=\"\" fill=\"currentColor\" stroke=\"currentColor\" d=\"M12,17.3l6.2,3.7l-1.6-7L22,9.2l-7.2-0.6L12,2L9.2,8.6L2,9.2L7.5,14l-1.6,7L12,17.3z\" \/>\n<\/svg>\n<\/span><\/span><span style=\"display: none;\" ><span>\n<svg xmlns=\"http:\/\/www.w3.org\/2000\/svg\" width=\"24\" height=\"24\" viewBox=\"0 0 24 24\">\n\t<path class=\"\" fill=\"currentColor\" stroke=\"currentColor\" d=\"M12,17.3l6.2,3.7l-1.6-7L22,9.2l-7.2-0.6L12,2L9.2,8.6L2,9.2L7.5,14l-1.6,7L12,17.3z\" \/>\n<\/svg>\n<\/span>\n<span>\n<svg xmlns=\"http:\/\/www.w3.org\/2000\/svg\" width=\"24\" height=\"24\" viewBox=\"0 0 24 24\">\n\t<path class=\"\" fill=\"currentColor\" stroke=\"currentColor\" d=\"M12,17.3l6.2,3.7l-1.6-7L22,9.2l-7.2-0.6L12,2L9.2,8.6L2,9.2L7.5,14l-1.6,7L12,17.3z\" \/>\n<\/svg>\n<\/span><\/span><span style=\"display: none;\" ><span>\n<svg xmlns=\"http:\/\/www.w3.org\/2000\/svg\" width=\"24\" height=\"24\" viewBox=\"0 0 24 24\">\n\t<path class=\"\" fill=\"currentColor\" stroke=\"currentColor\" d=\"M12,17.3l6.2,3.7l-1.6-7L22,9.2l-7.2-0.6L12,2L9.2,8.6L2,9.2L7.5,14l-1.6,7L12,17.3z\" \/>\n<\/svg>\n<\/span>\n<span>\n<svg xmlns=\"http:\/\/www.w3.org\/2000\/svg\" width=\"24\" height=\"24\" viewBox=\"0 0 24 24\">\n\t<path class=\"\" fill=\"currentColor\" stroke=\"currentColor\" d=\"M12,17.3l6.2,3.7l-1.6-7L22,9.2l-7.2-0.6L12,2L9.2,8.6L2,9.2L7.5,14l-1.6,7L12,17.3z\" \/>\n<\/svg>\n<\/span><\/span><span style=\"display: none;\" ><span>\n<svg xmlns=\"http:\/\/www.w3.org\/2000\/svg\" width=\"24\" height=\"24\" viewBox=\"0 0 24 24\">\n\t<path class=\"\" fill=\"currentColor\" stroke=\"currentColor\" d=\"M12,17.3l6.2,3.7l-1.6-7L22,9.2l-7.2-0.6L12,2L9.2,8.6L2,9.2L7.5,14l-1.6,7L12,17.3z\" \/>\n<\/svg>\n<\/span>\n<span>\n<svg xmlns=\"http:\/\/www.w3.org\/2000\/svg\" width=\"24\" height=\"24\" viewBox=\"0 0 24 24\">\n\t<path class=\"\" fill=\"currentColor\" stroke=\"currentColor\" d=\"M12,17.3l6.2,3.7l-1.6-7L22,9.2l-7.2-0.6L12,2L9.2,8.6L2,9.2L7.5,14l-1.6,7L12,17.3z\" \/>\n<\/svg>\n<\/span><\/span><span style=\"display: none;\" itemprop=\"bestRating\" content=\"5\"><span>\n<svg xmlns=\"http:\/\/www.w3.org\/2000\/svg\" width=\"24\" height=\"24\" viewBox=\"0 0 24 24\">\n\t<path class=\"is-rating-unfilled\" fill=\"currentColor\" stroke=\"currentColor\" d=\"M12,17.3l6.2,3.7l-1.6-7L22,9.2l-7.2-0.6L12,2L9.2,8.6L2,9.2L7.5,14l-1.6,7L12,17.3z\" \/>\n<\/svg>\n<\/span>\n<span>\n<svg xmlns=\"http:\/\/www.w3.org\/2000\/svg\" width=\"24\" height=\"24\" viewBox=\"0 0 24 24\">\n\t<path class=\"is-rating-unfilled\" fill=\"currentColor\" stroke=\"currentColor\" d=\"M12,17.3l6.2,3.7l-1.6-7L22,9.2l-7.2-0.6L12,2L9.2,8.6L2,9.2L7.5,14l-1.6,7L12,17.3z\" \/>\n<\/svg>\n<\/span><\/span><span itemprop=\"ratingValue\" class=\"screen-reader-text\" content=\"4\">Note\u00a0: 4\u00a0sur 5.<\/span><\/div>\n\n\n<h2 class=\"has-vivid-green-cyan-color has-text-color wp-block-heading\">Mes challenges<\/h2>\n\n\n\n<p class=\"has-medium-font-size wp-block-paragraph\">Cette lecture m&rsquo;a permis de valider la cat\u00e9gorie 1 du<a href=\"https:\/\/serialectrice.com\/index.php\/2021\/09\/21\/challenge-litteraire-dautomne-2\/\"> challenge automnal.<\/a> <strong>Titre \u00e9crit avec une couleur de l&rsquo;automne.<\/strong><\/p>\n\n\n\n<p class=\"has-medium-font-size wp-block-paragraph\">Elle m&rsquo;a \u00e9galement permis de valider la cat\u00e9gorie 32 de l&rsquo;annuel. <strong>Un titre sans verbe.<\/strong><\/p>\n","protected":false},"excerpt":{"rendered":"<p>R\u00e9sum\u00e9 Le cas Van Noorden Trois amis de fac en retrouvent un quatri\u00e8me, expatri\u00e9 au Canada, apr\u00e8s sept ann\u00e9es de s\u00e9paration. L\u2019occasion unique de renouer avec Carl pour Audric, Victor et Tony, mais l\u2019ambiance ne prend pas. Haine recuite, pass\u00e9 trouble, un d\u00eener qui br\u00fble et la concorde part en fum\u00e9e. Et lorsque enfin les esprits s\u2019apaisent autour d\u2019un verre, l\u2019impensable se produit : le corps de Carl Van Noorden est retrouv\u00e9 sans vie. Alors les cicatrices s\u2019ouvrent, les passions s\u2019exacerbent, les accusations fusent et convergent, vers qui ? Vers l\u2019h\u00f4te d\u2019un soir : Audric Herbert, principal accus\u00e9. Mon ressenti &hellip; <\/p>\n","protected":false},"author":1,"featured_media":2356,"comment_status":"open","ping_status":"open","sticky":false,"template":"","format":"standard","meta":{"_crdt_document":"","om_disable_all_campaigns":false,"_uag_custom_page_level_css":"","_monsterinsights_skip_tracking":false,"_monsterinsights_sitenote_active":false,"_monsterinsights_sitenote_note":"","_monsterinsights_sitenote_category":0,"_uf_show_specific_survey":0,"_uf_disable_surveys":false,"_jetpack_memberships_contains_paid_content":false,"footnotes":"","jetpack_publicize_message":"Le cas Van Noorden _ Rapha\u00ebl Passerin\n\nQuatre amis se retrouvent apr\u00e8s plusieurs ann\u00e9es. Mais l'un d'entre eux est retrouv\u00e9 mort ! Qui donc est le coupable ?","jetpack_publicize_feature_enabled":true,"jetpack_social_post_already_shared":true,"jetpack_social_options":{"image_generator_settings":{"template":"highway","default_image_id":0,"font":"","enabled":false},"version":2}},"categories":[6,14],"tags":[23,24],"class_list":["post-2354","post","type-post","status-publish","format-standard","has-post-thumbnail","hentry","category-livres-lus","category-service-presse","tag-enquete","tag-policier"],"aioseo_notices":[],"jetpack_publicize_connections":[],"jetpack_featured_media_url":"https:\/\/serialectrice.com\/wp-content\/uploads\/2021\/10\/Sans-titre212.png","uagb_featured_image_src":{"full":["https:\/\/serialectrice.com\/wp-content\/uploads\/2021\/10\/Sans-titre212.png",1716,993,false],"thumbnail":["https:\/\/serialectrice.com\/wp-content\/uploads\/2021\/10\/Sans-titre212-572x331.png",572,331,true],"medium":["https:\/\/serialectrice.com\/wp-content\/uploads\/2021\/10\/Sans-titre212-300x174.png",300,174,true],"medium_large":["https:\/\/serialectrice.com\/wp-content\/uploads\/2021\/10\/Sans-titre212-768x444.png",768,444,true],"large":["https:\/\/serialectrice.com\/wp-content\/uploads\/2021\/10\/Sans-titre212-1024x593.png",840,486,true],"post-slider-thumb-size":["https:\/\/serialectrice.com\/wp-content\/uploads\/2021\/10\/Sans-titre212.png",328,190,false],"post-category-slider-size":["https:\/\/serialectrice.com\/wp-content\/uploads\/2021\/10\/Sans-titre212.png",330,191,false],"1536x1536":["https:\/\/serialectrice.com\/wp-content\/uploads\/2021\/10\/Sans-titre212-1536x889.png",1536,889,true],"2048x2048":["https:\/\/serialectrice.com\/wp-content\/uploads\/2021\/10\/Sans-titre212.png",1716,993,false],"hello-fashion-slider":["https:\/\/serialectrice.com\/wp-content\/uploads\/2021\/10\/Sans-titre212.png",480,278,false],"hello-fashion-blog-three":["https:\/\/serialectrice.com\/wp-content\/uploads\/2021\/10\/Sans-titre212.png",420,243,false],"hello-fashion-blog-four":["https:\/\/serialectrice.com\/wp-content\/uploads\/2021\/10\/Sans-titre212.png",573,332,false],"vilva-slider-one":["https:\/\/serialectrice.com\/wp-content\/uploads\/2021\/10\/Sans-titre212.png",1037,600,false],"vilva-featured-four":["https:\/\/serialectrice.com\/wp-content\/uploads\/2021\/10\/Sans-titre212.png",800,463,false],"vilva-blog":["https:\/\/serialectrice.com\/wp-content\/uploads\/2021\/10\/Sans-titre212.png",420,243,false],"vilva-blog-one":["https:\/\/serialectrice.com\/wp-content\/uploads\/2021\/10\/Sans-titre212.png",864,500,false],"vilva-sidebar":["https:\/\/serialectrice.com\/wp-content\/uploads\/2021\/10\/Sans-titre212.png",817,473,false]},"uagb_author_info":{"display_name":"SeriaLectrice","author_link":"https:\/\/serialectrice.com\/index.php\/author\/cilounegmail-com\/"},"uagb_comment_info":2,"uagb_excerpt":"R\u00e9sum\u00e9 Le cas Van Noorden Trois amis de fac en retrouvent un quatri\u00e8me, expatri\u00e9 au Canada, apr\u00e8s sept ann\u00e9es de s\u00e9paration. L\u2019occasion unique de renouer avec Carl pour Audric, Victor et Tony, mais l\u2019ambiance ne prend pas. Haine recuite, pass\u00e9 trouble, un d\u00eener qui br\u00fble et la concorde part en fum\u00e9e. Et lorsque enfin les\u2026","jetpack_sharing_enabled":true,"jetpack_likes_enabled":true,"_links":{"self":[{"href":"https:\/\/serialectrice.com\/index.php\/wp-json\/wp\/v2\/posts\/2354","targetHints":{"allow":["GET"]}}],"collection":[{"href":"https:\/\/serialectrice.com\/index.php\/wp-json\/wp\/v2\/posts"}],"about":[{"href":"https:\/\/serialectrice.com\/index.php\/wp-json\/wp\/v2\/types\/post"}],"author":[{"embeddable":true,"href":"https:\/\/serialectrice.com\/index.php\/wp-json\/wp\/v2\/users\/1"}],"replies":[{"embeddable":true,"href":"https:\/\/serialectrice.com\/index.php\/wp-json\/wp\/v2\/comments?post=2354"}],"version-history":[{"count":0,"href":"https:\/\/serialectrice.com\/index.php\/wp-json\/wp\/v2\/posts\/2354\/revisions"}],"wp:featuredmedia":[{"embeddable":true,"href":"https:\/\/serialectrice.com\/index.php\/wp-json\/wp\/v2\/media\/2356"}],"wp:attachment":[{"href":"https:\/\/serialectrice.com\/index.php\/wp-json\/wp\/v2\/media?parent=2354"}],"wp:term":[{"taxonomy":"category","embeddable":true,"href":"https:\/\/serialectrice.com\/index.php\/wp-json\/wp\/v2\/categories?post=2354"},{"taxonomy":"post_tag","embeddable":true,"href":"https:\/\/serialectrice.com\/index.php\/wp-json\/wp\/v2\/tags?post=2354"}],"curies":[{"name":"wp","href":"https:\/\/api.w.org\/{rel}","templated":true}]}}