{"id":2328,"date":"2021-09-26T10:54:30","date_gmt":"2021-09-26T08:54:30","guid":{"rendered":"https:\/\/serialectrice.com\/?p=2328"},"modified":"2021-09-26T10:54:33","modified_gmt":"2021-09-26T08:54:33","slug":"une-apparition","status":"publish","type":"post","link":"https:\/\/serialectrice.com\/index.php\/2021\/09\/26\/une-apparition\/","title":{"rendered":"Une apparition _ Sophie Fontanel"},"content":{"rendered":"\n<div class=\"wp-block-media-text alignwide is-stacked-on-mobile\" style=\"grid-template-columns:33% auto\"><figure class=\"wp-block-media-text__media\"><img loading=\"lazy\" decoding=\"async\" width=\"314\" height=\"500\" src=\"https:\/\/serialectrice.com\/wp-content\/uploads\/2021\/08\/une-apparition-941025.jpg\" alt=\"Une apparition de Sophie Fontanel. Couverture avec une photo des cheveux blancs de l'autrice.\" class=\"wp-image-2217 size-full\" srcset=\"https:\/\/serialectrice.com\/wp-content\/uploads\/2021\/08\/une-apparition-941025.jpg 314w, https:\/\/serialectrice.com\/wp-content\/uploads\/2021\/08\/une-apparition-941025-188x300.jpg 188w, https:\/\/serialectrice.com\/wp-content\/uploads\/2021\/08\/une-apparition-941025-94x150.jpg 94w\" sizes=\"auto, (max-width: 314px) 100vw, 314px\" \/><\/figure><div class=\"wp-block-media-text__content\">\n<h2 class=\"has-vivid-green-cyan-color has-text-color wp-block-heading\">R\u00e9sum\u00e9<\/h2>\n\n\n\n<p class=\"wp-block-paragraph\" style=\"font-size:18px\"><span style=\"text-decoration: underline;\" class=\"underline\">Une apparition<\/span><\/p>\n\n\n\n<p class=\"wp-block-paragraph\" style=\"font-size:18px\">Et si tout ce qu&rsquo;on racontait sur les cheveux blancs \u00e9tait faux ? Et si ces monceaux de teinture, sur des millions de chevelures, aux quatre coins de la plan\u00e8te, cachaient en fait une beaut\u00e9 suppl\u00e9mentaire que les femmes pourraient prendre avec le temps, beaut\u00e9 immense qui les sauverait de bien des angoisses, de bien de servitudes ?<\/p>\n\n\n\n<p class=\"wp-block-paragraph\" style=\"font-size:18px\">C&rsquo;est en partant de cette intuition que Sophie Fontanel, un soir d&rsquo;\u00e9t\u00e9, d\u00e9cide d&rsquo;arr\u00eater les colorations et de regarder pousser ses cheveux blancs. Comme elle est \u00e9crivain, elle en fait un livre, sorte de journal romanc\u00e9 de ce qu&rsquo;elle n&rsquo;h\u00e9site pas \u00e0 appeler une \u00a0\u00bb naissance \u00ab\u00a0.<\/p>\n\n\n\n<p class=\"wp-block-paragraph\" style=\"font-size:18px\">Les semaines, les mois passent : un panache lui vient sur la t\u00eate, \u00e0 mille lieues des id\u00e9es pr\u00e9con\u00e7ues sur les ravages du temps. Elle r\u00e9alise que l&rsquo;\u00e2ge embellit aussi les femmes et que les hommes n&rsquo;ont pas pour les cheveux blancs l&rsquo;aversion qu&rsquo;on supposait. Elle d\u00e9couvre que notre soci\u00e9t\u00e9 n&rsquo;attendait qu&rsquo;un signal, au fond, pour s&rsquo;ouvrir \u00e0 une splendeur in\u00e9dite, d&rsquo;une puissance extraordinaire.<\/p>\n<\/div><\/div>\n\n\n\n<h2 class=\"has-vivid-green-cyan-color has-text-color wp-block-heading\">Mon ressenti<\/h2>\n\n\n\n<p class=\"has-medium-font-size wp-block-paragraph\">Voil\u00e0 un livre dans lequel je me suis profond\u00e9ment ennuy\u00e9e. Sophie a d\u00e9cid\u00e9 d&rsquo;arr\u00eater les teintures et de laisser ses cheveux blancs prendre le dessus. Au travers de cette d\u00e9cision, Sophie annonce un constat int\u00e9ressant : les cheveux blancs seraient tr\u00e8s mal vus par la soci\u00e9t\u00e9 &#8230; chez les femmes. Mais fallait-il 200 pages pour nous parler de cette d\u00e9cision qui change la vie de l&rsquo;autrice ? <\/p>\n\n\n\n<p class=\"has-medium-font-size wp-block-paragraph\">Autant, j&rsquo;ai appr\u00e9ci\u00e9 le c\u00f4t\u00e9 analyse sociologique, autant j&rsquo;ai d\u00e9test\u00e9 le c\u00f4t\u00e9 condescendant qui y \u00e9tait associ\u00e9. C&rsquo;est un roman tr\u00e8s autocentr\u00e9, tr\u00e8s \u00e9gocentrique. L&rsquo;autrice avait besoin d&rsquo;avoir l&rsquo;approbation des autres quant \u00e0 son choix de faire appara\u00eetre ses cheveux blancs. Alors, elle poste des photos sur <a href=\"https:\/\/www.instagram.com\/sophiefontanel\/\">Instagram<\/a>, et m\u00eame si elle obtient quelques remarques d\u00e9sobligeantes, elle met avant tout l&rsquo;accent sur les compliments et f\u00e9licitations. A quoi bon ? Faut-il vraiment se soucier du regard des autres pour se sentir belle et bien dans sa peau ? Si un homme n&rsquo;est pas suffisamment intelligent pour ne pas appr\u00e9cier une femme au naturel, il n&rsquo;en vaut pas la peine. Je pense que Sophie Fontanel essayait de transmettre un message. Un message comme quoi vieillir n&rsquo;est pas une fatalit\u00e9. Mais c&rsquo;est un tout autre message que j&rsquo;ai ressenti. <\/p>\n\n\n\n<h6 class=\"has-text-align-center wp-block-heading\">&#8212;<\/h6>\n\n\n\n<p class=\"has-medium-font-size wp-block-paragraph\">Je ne savais pas qui est Sophie Fontanel. Avant tout journaliste de mode, elle fr\u00e9quente beaucoup de beau monde. Quelques noms connus viennent se joindre \u00e0 son r\u00e9cit : In\u00e8s de la Fressange ou Arielle Dombasle, pour ne citer qu&rsquo;elles. Elle ne vit pas dans le m\u00eame monde que nous et par cons\u00e9quent il nous est difficile de se retrouver dans son r\u00e9cit. Son probl\u00e8me est un probl\u00e8me du show-biz. Je croise beaucoup de personnes qui laissent leurs cheveux blancs prendre le dessus, et ce m\u00eame d\u00e8s 30 ans. Pour autant, y a-t-il vraiment des personnes pour leur faire la remarque qu&rsquo;elles sont folles et que personne ne voudra jamais d&rsquo;elles ? Car c&rsquo;est ce genre de personnes que rencontre Sophie. Des personnes viles et mesquines, jalouses s\u00fbrement, qui viennent lui dire qu&rsquo;elle met un pied dans la tombe et que plus jamais elle n&rsquo;aura de vie amoureuse avec ses cheveux blancs. Il faut vraiment vivre dans un diktat de la beaut\u00e9 pour en arriver \u00e0 de telles conclusions.<\/p>\n\n\n\n<div class=\"wp-block-image\"><figure class=\"aligncenter size-large is-resized\"><img decoding=\"async\" src=\"https:\/\/serialectrice.com\/wp-content\/uploads\/2021\/09\/Sans-titre209-1024x1024.png\" alt=\"\" class=\"wp-image-2329\" width=\"-157\" height=\"-157\" srcset=\"https:\/\/serialectrice.com\/wp-content\/uploads\/2021\/09\/Sans-titre209-1024x1024.png 1024w, https:\/\/serialectrice.com\/wp-content\/uploads\/2021\/09\/Sans-titre209-300x300.png 300w, https:\/\/serialectrice.com\/wp-content\/uploads\/2021\/09\/Sans-titre209-150x150.png 150w, https:\/\/serialectrice.com\/wp-content\/uploads\/2021\/09\/Sans-titre209-768x768.png 768w, https:\/\/serialectrice.com\/wp-content\/uploads\/2021\/09\/Sans-titre209-100x100.png 100w, https:\/\/serialectrice.com\/wp-content\/uploads\/2021\/09\/Sans-titre209.png 1080w\" sizes=\"(max-width: 1024px) 100vw, 1024px\" \/><\/figure><\/div>\n\n\n\n<p class=\"has-text-align-center has-medium-font-size wp-block-paragraph\"><em>Ce livre fut vraiment une d\u00e9ception. Heureusement qu&rsquo;il \u00e9tait assez court<\/em>. S<em>i \u00e7a n&rsquo;avait \u00e9t\u00e9 pour valider la derni\u00e8re cat\u00e9gorie du challenge estival, je l&rsquo;aurais rapidement abandonn\u00e9.<\/em> <\/p>\n\n\n<div class=\"wp-block-jetpack-rating-star\" style=\"text-align:center\" itemprop=\"reviewRating\" itemscope itemtype=\"http:\/\/schema.org\/Rating\"><p><span aria-hidden=\"true\">\u2b50<\/span><span aria-hidden=\"true\">\u2b50<\/span><\/p><span style=\"display: none;\" itemprop=\"worstRating\" content=\"0.5\"><span>\n<svg xmlns=\"http:\/\/www.w3.org\/2000\/svg\" width=\"24\" height=\"24\" viewBox=\"0 0 24 24\">\n\t<path class=\"\" fill=\"currentColor\" stroke=\"currentColor\" d=\"M12,17.3l6.2,3.7l-1.6-7L22,9.2l-7.2-0.6L12,2L9.2,8.6L2,9.2L7.5,14l-1.6,7L12,17.3z\" \/>\n<\/svg>\n<\/span>\n<span>\n<svg xmlns=\"http:\/\/www.w3.org\/2000\/svg\" width=\"24\" height=\"24\" viewBox=\"0 0 24 24\">\n\t<path class=\"\" fill=\"currentColor\" stroke=\"currentColor\" d=\"M12,17.3l6.2,3.7l-1.6-7L22,9.2l-7.2-0.6L12,2L9.2,8.6L2,9.2L7.5,14l-1.6,7L12,17.3z\" \/>\n<\/svg>\n<\/span><\/span><span style=\"display: none;\" ><span>\n<svg xmlns=\"http:\/\/www.w3.org\/2000\/svg\" width=\"24\" height=\"24\" viewBox=\"0 0 24 24\">\n\t<path class=\"\" fill=\"currentColor\" stroke=\"currentColor\" d=\"M12,17.3l6.2,3.7l-1.6-7L22,9.2l-7.2-0.6L12,2L9.2,8.6L2,9.2L7.5,14l-1.6,7L12,17.3z\" \/>\n<\/svg>\n<\/span>\n<span>\n<svg xmlns=\"http:\/\/www.w3.org\/2000\/svg\" width=\"24\" height=\"24\" viewBox=\"0 0 24 24\">\n\t<path class=\"\" fill=\"currentColor\" stroke=\"currentColor\" d=\"M12,17.3l6.2,3.7l-1.6-7L22,9.2l-7.2-0.6L12,2L9.2,8.6L2,9.2L7.5,14l-1.6,7L12,17.3z\" \/>\n<\/svg>\n<\/span><\/span><span style=\"display: none;\" ><span>\n<svg xmlns=\"http:\/\/www.w3.org\/2000\/svg\" width=\"24\" height=\"24\" viewBox=\"0 0 24 24\">\n\t<path class=\"is-rating-unfilled\" fill=\"currentColor\" stroke=\"currentColor\" d=\"M12,17.3l6.2,3.7l-1.6-7L22,9.2l-7.2-0.6L12,2L9.2,8.6L2,9.2L7.5,14l-1.6,7L12,17.3z\" \/>\n<\/svg>\n<\/span>\n<span>\n<svg xmlns=\"http:\/\/www.w3.org\/2000\/svg\" width=\"24\" height=\"24\" viewBox=\"0 0 24 24\">\n\t<path class=\"is-rating-unfilled\" fill=\"currentColor\" stroke=\"currentColor\" d=\"M12,17.3l6.2,3.7l-1.6-7L22,9.2l-7.2-0.6L12,2L9.2,8.6L2,9.2L7.5,14l-1.6,7L12,17.3z\" \/>\n<\/svg>\n<\/span><\/span><span style=\"display: none;\" ><span>\n<svg xmlns=\"http:\/\/www.w3.org\/2000\/svg\" width=\"24\" height=\"24\" viewBox=\"0 0 24 24\">\n\t<path class=\"is-rating-unfilled\" fill=\"currentColor\" stroke=\"currentColor\" d=\"M12,17.3l6.2,3.7l-1.6-7L22,9.2l-7.2-0.6L12,2L9.2,8.6L2,9.2L7.5,14l-1.6,7L12,17.3z\" \/>\n<\/svg>\n<\/span>\n<span>\n<svg xmlns=\"http:\/\/www.w3.org\/2000\/svg\" width=\"24\" height=\"24\" viewBox=\"0 0 24 24\">\n\t<path class=\"is-rating-unfilled\" fill=\"currentColor\" stroke=\"currentColor\" d=\"M12,17.3l6.2,3.7l-1.6-7L22,9.2l-7.2-0.6L12,2L9.2,8.6L2,9.2L7.5,14l-1.6,7L12,17.3z\" \/>\n<\/svg>\n<\/span><\/span><span style=\"display: none;\" itemprop=\"bestRating\" content=\"5\"><span>\n<svg xmlns=\"http:\/\/www.w3.org\/2000\/svg\" width=\"24\" height=\"24\" viewBox=\"0 0 24 24\">\n\t<path class=\"is-rating-unfilled\" fill=\"currentColor\" stroke=\"currentColor\" d=\"M12,17.3l6.2,3.7l-1.6-7L22,9.2l-7.2-0.6L12,2L9.2,8.6L2,9.2L7.5,14l-1.6,7L12,17.3z\" \/>\n<\/svg>\n<\/span>\n<span>\n<svg xmlns=\"http:\/\/www.w3.org\/2000\/svg\" width=\"24\" height=\"24\" viewBox=\"0 0 24 24\">\n\t<path class=\"is-rating-unfilled\" fill=\"currentColor\" stroke=\"currentColor\" d=\"M12,17.3l6.2,3.7l-1.6-7L22,9.2l-7.2-0.6L12,2L9.2,8.6L2,9.2L7.5,14l-1.6,7L12,17.3z\" \/>\n<\/svg>\n<\/span><\/span><span itemprop=\"ratingValue\" class=\"screen-reader-text\" content=\"2\">Note\u00a0: 2\u00a0sur 5.<\/span><\/div>\n\n\n<h2 class=\"has-vivid-green-cyan-color has-text-color wp-block-heading\">Mes challenges<\/h2>\n\n\n\n<p class=\"has-medium-font-size wp-block-paragraph\">J&rsquo;ai donc valid\u00e9 la derni\u00e8re cat\u00e9gorie du challenge estival. <strong>Titre qui contient un mot se terminant par -tion.<\/strong> J&rsquo;ai r\u00e9ussi \u00e0 le boucler le 20 septembre ! <\/p>\n\n\n\n<p class=\"has-medium-font-size wp-block-paragraph\">J&rsquo;ai \u00e9galement valid\u00e9 la cat\u00e9gorie 41 du challenge annuel. <strong>Un livre dans lequel il y a au moins une photo.<\/strong><\/p>\n","protected":false},"excerpt":{"rendered":"<p>Et si tout ce qu&rsquo;on racontait sur les cheveux blancs \u00e9tait faux ? <\/p>\n","protected":false},"author":1,"featured_media":2330,"comment_status":"open","ping_status":"open","sticky":false,"template":"","format":"standard","meta":{"_crdt_document":"","om_disable_all_campaigns":false,"_uag_custom_page_level_css":"","_monsterinsights_skip_tracking":false,"_monsterinsights_sitenote_active":false,"_monsterinsights_sitenote_note":"","_monsterinsights_sitenote_category":0,"_uf_show_specific_survey":0,"_uf_disable_surveys":false,"_jetpack_memberships_contains_paid_content":false,"footnotes":"","jetpack_publicize_message":"","jetpack_publicize_feature_enabled":true,"jetpack_social_post_already_shared":true,"jetpack_social_options":{"image_generator_settings":{"template":"highway","default_image_id":0,"font":"","enabled":false},"version":2}},"categories":[6],"tags":[48,155],"class_list":["post-2328","post","type-post","status-publish","format-standard","has-post-thumbnail","hentry","category-livres-lus","tag-recit","tag-sophie-fontanel"],"aioseo_notices":[],"jetpack_publicize_connections":[],"jetpack_featured_media_url":"https:\/\/serialectrice.com\/wp-content\/uploads\/2021\/09\/Sans-titre208.png","uagb_featured_image_src":{"full":["https:\/\/serialectrice.com\/wp-content\/uploads\/2021\/09\/Sans-titre208.png",1716,993,false],"thumbnail":["https:\/\/serialectrice.com\/wp-content\/uploads\/2021\/09\/Sans-titre208-572x331.png",572,331,true],"medium":["https:\/\/serialectrice.com\/wp-content\/uploads\/2021\/09\/Sans-titre208-300x174.png",300,174,true],"medium_large":["https:\/\/serialectrice.com\/wp-content\/uploads\/2021\/09\/Sans-titre208-768x444.png",768,444,true],"large":["https:\/\/serialectrice.com\/wp-content\/uploads\/2021\/09\/Sans-titre208-1024x593.png",840,486,true],"post-slider-thumb-size":["https:\/\/serialectrice.com\/wp-content\/uploads\/2021\/09\/Sans-titre208.png",328,190,false],"post-category-slider-size":["https:\/\/serialectrice.com\/wp-content\/uploads\/2021\/09\/Sans-titre208.png",330,191,false],"1536x1536":["https:\/\/serialectrice.com\/wp-content\/uploads\/2021\/09\/Sans-titre208-1536x889.png",1536,889,true],"2048x2048":["https:\/\/serialectrice.com\/wp-content\/uploads\/2021\/09\/Sans-titre208.png",1716,993,false],"hello-fashion-slider":["https:\/\/serialectrice.com\/wp-content\/uploads\/2021\/09\/Sans-titre208.png",480,278,false],"hello-fashion-blog-three":["https:\/\/serialectrice.com\/wp-content\/uploads\/2021\/09\/Sans-titre208.png",420,243,false],"hello-fashion-blog-four":["https:\/\/serialectrice.com\/wp-content\/uploads\/2021\/09\/Sans-titre208.png",573,332,false],"vilva-slider-one":["https:\/\/serialectrice.com\/wp-content\/uploads\/2021\/09\/Sans-titre208.png",1037,600,false],"vilva-featured-four":["https:\/\/serialectrice.com\/wp-content\/uploads\/2021\/09\/Sans-titre208.png",800,463,false],"vilva-blog":["https:\/\/serialectrice.com\/wp-content\/uploads\/2021\/09\/Sans-titre208.png",420,243,false],"vilva-blog-one":["https:\/\/serialectrice.com\/wp-content\/uploads\/2021\/09\/Sans-titre208.png",864,500,false],"vilva-sidebar":["https:\/\/serialectrice.com\/wp-content\/uploads\/2021\/09\/Sans-titre208.png",817,473,false]},"uagb_author_info":{"display_name":"SeriaLectrice","author_link":"https:\/\/serialectrice.com\/index.php\/author\/cilounegmail-com\/"},"uagb_comment_info":1,"uagb_excerpt":"Et si tout ce qu'on racontait sur les cheveux blancs \u00e9tait faux ?","jetpack_sharing_enabled":true,"jetpack_likes_enabled":true,"_links":{"self":[{"href":"https:\/\/serialectrice.com\/index.php\/wp-json\/wp\/v2\/posts\/2328","targetHints":{"allow":["GET"]}}],"collection":[{"href":"https:\/\/serialectrice.com\/index.php\/wp-json\/wp\/v2\/posts"}],"about":[{"href":"https:\/\/serialectrice.com\/index.php\/wp-json\/wp\/v2\/types\/post"}],"author":[{"embeddable":true,"href":"https:\/\/serialectrice.com\/index.php\/wp-json\/wp\/v2\/users\/1"}],"replies":[{"embeddable":true,"href":"https:\/\/serialectrice.com\/index.php\/wp-json\/wp\/v2\/comments?post=2328"}],"version-history":[{"count":0,"href":"https:\/\/serialectrice.com\/index.php\/wp-json\/wp\/v2\/posts\/2328\/revisions"}],"wp:featuredmedia":[{"embeddable":true,"href":"https:\/\/serialectrice.com\/index.php\/wp-json\/wp\/v2\/media\/2330"}],"wp:attachment":[{"href":"https:\/\/serialectrice.com\/index.php\/wp-json\/wp\/v2\/media?parent=2328"}],"wp:term":[{"taxonomy":"category","embeddable":true,"href":"https:\/\/serialectrice.com\/index.php\/wp-json\/wp\/v2\/categories?post=2328"},{"taxonomy":"post_tag","embeddable":true,"href":"https:\/\/serialectrice.com\/index.php\/wp-json\/wp\/v2\/tags?post=2328"}],"curies":[{"name":"wp","href":"https:\/\/api.w.org\/{rel}","templated":true}]}}