{"id":2314,"date":"2021-09-21T10:40:00","date_gmt":"2021-09-21T08:40:00","guid":{"rendered":"https:\/\/serialectrice.com\/?p=2314"},"modified":"2021-09-19T21:11:39","modified_gmt":"2021-09-19T19:11:39","slug":"challenge-litteraire-dautomne-2","status":"publish","type":"post","link":"https:\/\/serialectrice.com\/index.php\/2021\/09\/21\/challenge-litteraire-dautomne-2\/","title":{"rendered":"Challenge Litt\u00e9raire d&rsquo;automne"},"content":{"rendered":"\n<div class=\"wp-block-image\"><figure class=\"aligncenter size-large\"><img loading=\"lazy\" decoding=\"async\" width=\"1024\" height=\"593\" src=\"https:\/\/serialectrice.com\/wp-content\/uploads\/2021\/09\/Challenge-Litteraire-dAutomne-1024x593.png\" alt=\"\" class=\"wp-image-2324\" srcset=\"https:\/\/serialectrice.com\/wp-content\/uploads\/2021\/09\/Challenge-Litteraire-dAutomne-1024x593.png 1024w, https:\/\/serialectrice.com\/wp-content\/uploads\/2021\/09\/Challenge-Litteraire-dAutomne-572x331.png 572w, https:\/\/serialectrice.com\/wp-content\/uploads\/2021\/09\/Challenge-Litteraire-dAutomne-300x174.png 300w, https:\/\/serialectrice.com\/wp-content\/uploads\/2021\/09\/Challenge-Litteraire-dAutomne-768x444.png 768w, https:\/\/serialectrice.com\/wp-content\/uploads\/2021\/09\/Challenge-Litteraire-dAutomne-1536x889.png 1536w, https:\/\/serialectrice.com\/wp-content\/uploads\/2021\/09\/Challenge-Litteraire-dAutomne.png 1716w\" sizes=\"auto, (max-width: 1024px) 100vw, 1024px\" \/><figcaption>30<\/figcaption><\/figure><\/div>\n\n\n\n<p class=\"has-text-align-center has-medium-font-size wp-block-paragraph\">Comme \u00e0 chaque changement de saison, Linda sur le groupe <a href=\"https:\/\/www.facebook.com\/groups\/707636122759664\">La t\u00eate dans les livres<\/a>, nous concocte un petit challenge saisonnier. C&rsquo;est donc parti pour le Challenge Litt\u00e9raire d&rsquo;Automne !<\/p>\n\n\n\n<p class=\"has-text-align-center has-medium-font-size wp-block-paragraph\">Une fois n&rsquo;est pas coutume, je partage ici les cat\u00e9gories et les lectures que je compte lire pour les valider.<\/p>\n\n\n\n<h2 class=\"wp-block-heading\">Les cat\u00e9gories<\/h2>\n\n\n\n<h3 class=\"wp-block-heading\">Automne<\/h3>\n\n\n\n<div class=\"wp-block-media-text alignwide is-stacked-on-mobile\" style=\"grid-template-columns:15% auto\"><figure class=\"wp-block-media-text__media\"><img loading=\"lazy\" decoding=\"async\" width=\"640\" height=\"1024\" src=\"https:\/\/serialectrice.com\/wp-content\/uploads\/2021\/09\/le-cas-van-noorden-1499587-640x1024.png\" alt=\"\" class=\"wp-image-2315 size-full\" srcset=\"https:\/\/serialectrice.com\/wp-content\/uploads\/2021\/09\/le-cas-van-noorden-1499587-640x1024.png 640w, https:\/\/serialectrice.com\/wp-content\/uploads\/2021\/09\/le-cas-van-noorden-1499587-188x300.png 188w, https:\/\/serialectrice.com\/wp-content\/uploads\/2021\/09\/le-cas-van-noorden-1499587-94x150.png 94w, https:\/\/serialectrice.com\/wp-content\/uploads\/2021\/09\/le-cas-van-noorden-1499587-768x1229.png 768w, https:\/\/serialectrice.com\/wp-content\/uploads\/2021\/09\/le-cas-van-noorden-1499587-960x1536.png 960w, https:\/\/serialectrice.com\/wp-content\/uploads\/2021\/09\/le-cas-van-noorden-1499587.png 1000w\" sizes=\"auto, (max-width: 640px) 100vw, 640px\" \/><\/figure><div class=\"wp-block-media-text__content\">\n<h3 class=\"wp-block-heading\">1.Titre \u00e9crit avec une couleur d&rsquo;automne. <\/h3>\n\n\n\n<p class=\"has-medium-font-size wp-block-paragraph\">Pour l&rsquo;occasion je lirai <strong>Le cas Van Noorden<\/strong> que j&rsquo;ai re\u00e7u en Service Presse de la part des \u00e9<a href=\"https:\/\/www.editions-du-val.fr\/fr\/\">ditions du Val<\/a>.<\/p>\n<\/div><\/div>\n\n\n\n<div class=\"wp-block-media-text alignwide is-stacked-on-mobile\" style=\"grid-template-columns:15% auto\"><figure class=\"wp-block-media-text__media\"><img loading=\"lazy\" decoding=\"async\" width=\"641\" height=\"1024\" src=\"https:\/\/serialectrice.com\/wp-content\/uploads\/2021\/08\/si-je-serais-grande-1239389-641x1024.jpg\" alt=\"\" class=\"wp-image-2220 size-full\" srcset=\"https:\/\/serialectrice.com\/wp-content\/uploads\/2021\/08\/si-je-serais-grande-1239389-641x1024.jpg 641w, https:\/\/serialectrice.com\/wp-content\/uploads\/2021\/08\/si-je-serais-grande-1239389-188x300.jpg 188w, https:\/\/serialectrice.com\/wp-content\/uploads\/2021\/08\/si-je-serais-grande-1239389-94x150.jpg 94w, https:\/\/serialectrice.com\/wp-content\/uploads\/2021\/08\/si-je-serais-grande-1239389-768x1226.jpg 768w, https:\/\/serialectrice.com\/wp-content\/uploads\/2021\/08\/si-je-serais-grande-1239389-962x1536.jpg 962w, https:\/\/serialectrice.com\/wp-content\/uploads\/2021\/08\/si-je-serais-grande-1239389.jpg 1200w\" sizes=\"auto, (max-width: 641px) 100vw, 641px\" \/><\/figure><div class=\"wp-block-media-text__content\">\n<h3 class=\"wp-block-heading\">2. Auteur dont le pr\u00e9nom commence par A<\/h3>\n\n\n\n<p class=\"has-medium-font-size wp-block-paragraph\">Etant donn\u00e9 que j&rsquo;ai pr\u00e9vu de lire <strong>Si je serai<\/strong>s grande d&rsquo;Angelina Delcroix pour le <a href=\"https:\/\/serialectrice.com\/index.php\/2021\/08\/31\/challenge-litteraire-septembre\/\">challenge mensuel de septembre<\/a>, j&rsquo;en profite pour le caser dans le challenge saisonnier.<\/p>\n<\/div><\/div>\n\n\n\n<h2 class=\"wp-block-heading\">Halloween<\/h2>\n\n\n\n<div class=\"wp-block-media-text alignwide is-stacked-on-mobile\" style=\"grid-template-columns:15% auto\"><figure class=\"wp-block-media-text__media\"><img loading=\"lazy\" decoding=\"async\" width=\"649\" height=\"1024\" src=\"https:\/\/serialectrice.com\/wp-content\/uploads\/2021\/09\/pachinko-1436065-649x1024.jpg\" alt=\"\" class=\"wp-image-2316 size-full\" srcset=\"https:\/\/serialectrice.com\/wp-content\/uploads\/2021\/09\/pachinko-1436065-649x1024.jpg 649w, https:\/\/serialectrice.com\/wp-content\/uploads\/2021\/09\/pachinko-1436065-190x300.jpg 190w, https:\/\/serialectrice.com\/wp-content\/uploads\/2021\/09\/pachinko-1436065-95x150.jpg 95w, https:\/\/serialectrice.com\/wp-content\/uploads\/2021\/09\/pachinko-1436065-768x1213.jpg 768w, https:\/\/serialectrice.com\/wp-content\/uploads\/2021\/09\/pachinko-1436065-973x1536.jpg 973w, https:\/\/serialectrice.com\/wp-content\/uploads\/2021\/09\/pachinko-1436065.jpg 1000w\" sizes=\"auto, (max-width: 649px) 100vw, 649px\" \/><\/figure><div class=\"wp-block-media-text__content\">\n<h3 class=\"wp-block-heading\">3. Couverture sur laquelle un \u00e9l\u00e9ment est orange<\/h3>\n\n\n\n<p class=\"has-medium-font-size wp-block-paragraph\">J&rsquo;ai achet\u00e9 <strong>Pachinko<\/strong> des <a href=\"https:\/\/editionscharleston.fr\/\">Editions Charleston<\/a>, et il me tente vraiment beaucoup. Il s&rsquo;agit d&rsquo;un livre qui se d\u00e9roule en Cor\u00e9e. L&rsquo;ombrelle est en orange tr\u00e8s fronc\u00e9 sur la couverture.<\/p>\n<\/div><\/div>\n\n\n\n<div class=\"wp-block-media-text alignwide is-stacked-on-mobile\" style=\"grid-template-columns:15% auto\"><figure class=\"wp-block-media-text__media\"><img loading=\"lazy\" decoding=\"async\" width=\"430\" height=\"680\" src=\"https:\/\/serialectrice.com\/wp-content\/uploads\/2021\/09\/ce-que-murmure-le-vent.jpg\" alt=\"\" class=\"wp-image-2317 size-full\" srcset=\"https:\/\/serialectrice.com\/wp-content\/uploads\/2021\/09\/ce-que-murmure-le-vent.jpg 430w, https:\/\/serialectrice.com\/wp-content\/uploads\/2021\/09\/ce-que-murmure-le-vent-190x300.jpg 190w, https:\/\/serialectrice.com\/wp-content\/uploads\/2021\/09\/ce-que-murmure-le-vent-95x150.jpg 95w\" sizes=\"auto, (max-width: 430px) 100vw, 430px\" \/><\/figure><div class=\"wp-block-media-text__content\">\n<h3 class=\"wp-block-heading\">4. Histoire qui se d\u00e9roule en Irlande ou en Ecosse<\/h3>\n\n\n\n<p class=\"has-medium-font-size wp-block-paragraph\">Les Editions Charleston (et oui, encore, voil\u00e0 une maison d&rsquo;\u00e9dition dont les livres sont magnifiques) proposent une <strong>lecture commune<\/strong> qui commence fin septembre avec leur prochain ouvrage qui se d\u00e9roule en <strong>Irlande.<\/strong><\/p>\n<\/div><\/div>\n\n\n\n<h3 class=\"wp-block-heading\">Toussaint<\/h3>\n\n\n\n<div class=\"wp-block-media-text alignwide is-stacked-on-mobile\" style=\"grid-template-columns:15% auto\"><figure class=\"wp-block-media-text__media\"><img loading=\"lazy\" decoding=\"async\" width=\"255\" height=\"382\" src=\"https:\/\/serialectrice.com\/wp-content\/uploads\/2021\/09\/mort-sur-le-transsiberien.png\" alt=\"\" class=\"wp-image-2318 size-full\" srcset=\"https:\/\/serialectrice.com\/wp-content\/uploads\/2021\/09\/mort-sur-le-transsiberien.png 255w, https:\/\/serialectrice.com\/wp-content\/uploads\/2021\/09\/mort-sur-le-transsiberien-200x300.png 200w, https:\/\/serialectrice.com\/wp-content\/uploads\/2021\/09\/mort-sur-le-transsiberien-100x150.png 100w\" sizes=\"auto, (max-width: 255px) 100vw, 255px\" \/><\/figure><div class=\"wp-block-media-text__content\">\n<h3 class=\"wp-block-heading\">5. Titre contenant le mot \u00ab\u00a0mort&rsquo;<\/h3>\n\n\n\n<p class=\"has-medium-font-size wp-block-paragraph\">J&rsquo;ai h\u00e9sit\u00e9 entre celui-ci et les <strong>Sept morts d&rsquo;Evelyn Hardcastle<\/strong>. Finalement, j&rsquo;ai opt\u00e9 pour <strong>Mort sur le transsib\u00e9rien<\/strong> car je l&rsquo;ai obtenu en Service Presse et que je dois rattraper mon retard sur <a href=\"http:\/\/netgalley.fr\/\">NetGalley.<\/a><\/p>\n<\/div><\/div>\n\n\n\n<div class=\"wp-block-media-text alignwide is-stacked-on-mobile\" style=\"grid-template-columns:15% auto\"><figure class=\"wp-block-media-text__media\"><img loading=\"lazy\" decoding=\"async\" width=\"310\" height=\"500\" src=\"https:\/\/serialectrice.com\/wp-content\/uploads\/2021\/09\/l-ange-de-marchmont-hall-1378030.jpg\" alt=\"\" class=\"wp-image-2319 size-full\" srcset=\"https:\/\/serialectrice.com\/wp-content\/uploads\/2021\/09\/l-ange-de-marchmont-hall-1378030.jpg 310w, https:\/\/serialectrice.com\/wp-content\/uploads\/2021\/09\/l-ange-de-marchmont-hall-1378030-186x300.jpg 186w, https:\/\/serialectrice.com\/wp-content\/uploads\/2021\/09\/l-ange-de-marchmont-hall-1378030-93x150.jpg 93w\" sizes=\"auto, (max-width: 310px) 100vw, 310px\" \/><\/figure><div class=\"wp-block-media-text__content\">\n<h3 class=\"wp-block-heading\">6. Quatri\u00e8me qui commence par la lettre T<\/h3>\n\n\n\n<p class=\"has-medium-font-size wp-block-paragraph\">Pour cette cat\u00e9gorie je lirai <strong>L&rsquo;ange de Marchmont Hall<\/strong> de <a href=\"https:\/\/serialectrice.com\/index.php\/2020\/08\/11\/la-jeune-fille-sur-la-falaise\/\">Lucinda Riley<\/a> aux Editions &#8230;. Charleston. J&rsquo;ai cependant h\u00e9sit\u00e9 avec <strong>Terminus Elicius <\/strong>de Karine Giebel, il y aura peut-\u00eatre du changement.<\/p>\n<\/div><\/div>\n\n\n\n<h3 class=\"wp-block-heading\">Armistice<\/h3>\n\n\n\n<div class=\"wp-block-media-text alignwide is-stacked-on-mobile\" style=\"grid-template-columns:15% auto\"><figure class=\"wp-block-media-text__media\"><img loading=\"lazy\" decoding=\"async\" width=\"222\" height=\"339\" src=\"https:\/\/serialectrice.com\/wp-content\/uploads\/2021\/09\/les-anges-des-terres-sauvages-1523025.jpg\" alt=\"\" class=\"wp-image-2320 size-full\" srcset=\"https:\/\/serialectrice.com\/wp-content\/uploads\/2021\/09\/les-anges-des-terres-sauvages-1523025.jpg 222w, https:\/\/serialectrice.com\/wp-content\/uploads\/2021\/09\/les-anges-des-terres-sauvages-1523025-196x300.jpg 196w, https:\/\/serialectrice.com\/wp-content\/uploads\/2021\/09\/les-anges-des-terres-sauvages-1523025-98x150.jpg 98w\" sizes=\"auto, (max-width: 222px) 100vw, 222px\" \/><\/figure><div class=\"wp-block-media-text__content\">\n<h3 class=\"wp-block-heading\">7. Quatri\u00e8me avec le mot guerre<\/h3>\n\n\n\n<p class=\"has-medium-font-size wp-block-paragraph\">J&rsquo;ai r\u00e9cemment re\u00e7u ce livre de la part de l&rsquo;auteur Xavier Badefort, professeur d&rsquo;Histoire. Un r\u00e9cit qui se d\u00e9roule durant la R\u00e9volution. <strong>Les anges des Terres sauvages<\/strong>, aux \u00e9ditions <a href=\"https:\/\/www.lesnouveauxauteurs.com\/\">Nouveaux Auteurs<\/a>.<\/p>\n<\/div><\/div>\n\n\n\n<div class=\"wp-block-media-text alignwide is-stacked-on-mobile\" style=\"grid-template-columns:15% auto\"><figure class=\"wp-block-media-text__media\"><img loading=\"lazy\" decoding=\"async\" width=\"400\" height=\"655\" src=\"https:\/\/serialectrice.com\/wp-content\/uploads\/2021\/09\/l-affaire-clara-miller-1454117.jpg\" alt=\"\" class=\"wp-image-2321 size-full\" srcset=\"https:\/\/serialectrice.com\/wp-content\/uploads\/2021\/09\/l-affaire-clara-miller-1454117.jpg 400w, https:\/\/serialectrice.com\/wp-content\/uploads\/2021\/09\/l-affaire-clara-miller-1454117-183x300.jpg 183w, https:\/\/serialectrice.com\/wp-content\/uploads\/2021\/09\/l-affaire-clara-miller-1454117-92x150.jpg 92w\" sizes=\"auto, (max-width: 400px) 100vw, 400px\" \/><\/figure><div class=\"wp-block-media-text__content\">\n<h3 class=\"wp-block-heading\">8. Lire un thriller<\/h3>\n\n\n\n<p class=\"has-medium-font-size wp-block-paragraph\">J&rsquo;ai eu la chance de gagner un exemplaire d\u00e9dicac\u00e9 de <strong>L&rsquo;affaire Clara Miller<\/strong> \u00e9crit par Olivier Bal. Cela fait un petit moment qu&rsquo;il est en biblioth\u00e8que et que j&rsquo;avais envie de le lire. <\/p>\n<\/div><\/div>\n\n\n\n<h3 class=\"wp-block-heading\">BONUS<\/h3>\n\n\n\n<div class=\"wp-block-media-text alignwide is-stacked-on-mobile\" style=\"grid-template-columns:15% auto\"><figure class=\"wp-block-media-text__media\"><img loading=\"lazy\" decoding=\"async\" width=\"441\" height=\"675\" src=\"https:\/\/serialectrice.com\/wp-content\/uploads\/2021\/09\/dr-jekyll-and-mr-hyde-1151784.jpg\" alt=\"\" class=\"wp-image-2322 size-full\" srcset=\"https:\/\/serialectrice.com\/wp-content\/uploads\/2021\/09\/dr-jekyll-and-mr-hyde-1151784.jpg 441w, https:\/\/serialectrice.com\/wp-content\/uploads\/2021\/09\/dr-jekyll-and-mr-hyde-1151784-196x300.jpg 196w, https:\/\/serialectrice.com\/wp-content\/uploads\/2021\/09\/dr-jekyll-and-mr-hyde-1151784-98x150.jpg 98w\" sizes=\"auto, (max-width: 441px) 100vw, 441px\" \/><\/figure><div class=\"wp-block-media-text__content\">\n<h3 class=\"wp-block-heading\">9. Livre \u00e9dit\u00e9 entre septembre et d\u00e9cembre<\/h3>\n\n\n\n<p class=\"has-medium-font-size wp-block-paragraph\">Cette fois mon choix s&rsquo;est port\u00e9 sur le <strong>Dr Jekyll et Mr Hyde<\/strong>. J&rsquo;essaie toujours de caser un <strong>classique <\/strong>dans mes lectures car je trouve que je n&rsquo;en lis pas suffisamment. <\/p>\n<\/div><\/div>\n\n\n\n<div class=\"wp-block-media-text alignwide is-stacked-on-mobile\" style=\"grid-template-columns:15% auto\"><figure class=\"wp-block-media-text__media\"><img loading=\"lazy\" decoding=\"async\" width=\"307\" height=\"515\" src=\"https:\/\/serialectrice.com\/wp-content\/uploads\/2021\/09\/au-bonheur-des-lettres.jpg\" alt=\"\" class=\"wp-image-2323 size-full\" srcset=\"https:\/\/serialectrice.com\/wp-content\/uploads\/2021\/09\/au-bonheur-des-lettres.jpg 307w, https:\/\/serialectrice.com\/wp-content\/uploads\/2021\/09\/au-bonheur-des-lettres-179x300.jpg 179w, https:\/\/serialectrice.com\/wp-content\/uploads\/2021\/09\/au-bonheur-des-lettres-89x150.jpg 89w\" sizes=\"auto, (max-width: 307px) 100vw, 307px\" \/><\/figure><div class=\"wp-block-media-text__content\">\n<h3 class=\"wp-block-heading\">10. Titre ou couverture avec un coeur<\/h3>\n\n\n\n<p class=\"has-medium-font-size wp-block-paragraph\">Pour cette derni\u00e8re cat\u00e9gorie, j&rsquo;ai choisi <strong>Au bonheur des lettres<\/strong>, un recueil de lettres \u00e9crites par des m\u00e8res \u00e0 leurs enfants ou \u00e9crits par des enfants \u00e0 leur m\u00e8re. Elle me permettra de valider la cat\u00e9gorie <strong>Livre \u00e9pistolaire de l&rsquo;annuel.<\/strong><\/p>\n<\/div><\/div>\n","protected":false},"excerpt":{"rendered":"<p>Comme \u00e0 chaque changement de saison, Linda sur le groupe La t\u00eate dans les livres, nous concocte un petit challenge saisonnier.<\/p>\n","protected":false},"author":1,"featured_media":2324,"comment_status":"open","ping_status":"open","sticky":false,"template":"","format":"standard","meta":{"_crdt_document":"","om_disable_all_campaigns":false,"_uag_custom_page_level_css":"","_monsterinsights_skip_tracking":false,"_monsterinsights_sitenote_active":false,"_monsterinsights_sitenote_note":"","_monsterinsights_sitenote_category":0,"_uf_show_specific_survey":0,"_uf_disable_surveys":false,"_jetpack_memberships_contains_paid_content":false,"footnotes":"","jetpack_publicize_message":"Comme \u00e0 chaque changement de saison, Linda sur le groupe La t\u00eate dans les livres, nous concocte un petit challenge saisonnier. C'est donc parti pour le Challenge Litt\u00e9raire d'Automne !","jetpack_publicize_feature_enabled":true,"jetpack_social_post_already_shared":true,"jetpack_social_options":{"image_generator_settings":{"template":"highway","default_image_id":0,"font":"","enabled":false},"version":2}},"categories":[4],"tags":[8],"class_list":["post-2314","post","type-post","status-publish","format-standard","has-post-thumbnail","hentry","category-challenge","tag-challenge"],"aioseo_notices":[],"jetpack_publicize_connections":[],"jetpack_featured_media_url":"https:\/\/serialectrice.com\/wp-content\/uploads\/2021\/09\/Challenge-Litteraire-dAutomne.png","uagb_featured_image_src":{"full":["https:\/\/serialectrice.com\/wp-content\/uploads\/2021\/09\/Challenge-Litteraire-dAutomne.png",1716,993,false],"thumbnail":["https:\/\/serialectrice.com\/wp-content\/uploads\/2021\/09\/Challenge-Litteraire-dAutomne-572x331.png",572,331,true],"medium":["https:\/\/serialectrice.com\/wp-content\/uploads\/2021\/09\/Challenge-Litteraire-dAutomne-300x174.png",300,174,true],"medium_large":["https:\/\/serialectrice.com\/wp-content\/uploads\/2021\/09\/Challenge-Litteraire-dAutomne-768x444.png",768,444,true],"large":["https:\/\/serialectrice.com\/wp-content\/uploads\/2021\/09\/Challenge-Litteraire-dAutomne-1024x593.png",840,486,true],"post-slider-thumb-size":["https:\/\/serialectrice.com\/wp-content\/uploads\/2021\/09\/Challenge-Litteraire-dAutomne.png",328,190,false],"post-category-slider-size":["https:\/\/serialectrice.com\/wp-content\/uploads\/2021\/09\/Challenge-Litteraire-dAutomne.png",330,191,false],"1536x1536":["https:\/\/serialectrice.com\/wp-content\/uploads\/2021\/09\/Challenge-Litteraire-dAutomne-1536x889.png",1536,889,true],"2048x2048":["https:\/\/serialectrice.com\/wp-content\/uploads\/2021\/09\/Challenge-Litteraire-dAutomne.png",1716,993,false],"hello-fashion-slider":["https:\/\/serialectrice.com\/wp-content\/uploads\/2021\/09\/Challenge-Litteraire-dAutomne.png",480,278,false],"hello-fashion-blog-three":["https:\/\/serialectrice.com\/wp-content\/uploads\/2021\/09\/Challenge-Litteraire-dAutomne.png",420,243,false],"hello-fashion-blog-four":["https:\/\/serialectrice.com\/wp-content\/uploads\/2021\/09\/Challenge-Litteraire-dAutomne.png",573,332,false],"vilva-slider-one":["https:\/\/serialectrice.com\/wp-content\/uploads\/2021\/09\/Challenge-Litteraire-dAutomne.png",1037,600,false],"vilva-featured-four":["https:\/\/serialectrice.com\/wp-content\/uploads\/2021\/09\/Challenge-Litteraire-dAutomne.png",800,463,false],"vilva-blog":["https:\/\/serialectrice.com\/wp-content\/uploads\/2021\/09\/Challenge-Litteraire-dAutomne.png",420,243,false],"vilva-blog-one":["https:\/\/serialectrice.com\/wp-content\/uploads\/2021\/09\/Challenge-Litteraire-dAutomne.png",864,500,false],"vilva-sidebar":["https:\/\/serialectrice.com\/wp-content\/uploads\/2021\/09\/Challenge-Litteraire-dAutomne.png",817,473,false]},"uagb_author_info":{"display_name":"SeriaLectrice","author_link":"https:\/\/serialectrice.com\/index.php\/author\/cilounegmail-com\/"},"uagb_comment_info":12,"uagb_excerpt":"Comme \u00e0 chaque changement de saison, Linda sur le groupe La t\u00eate dans les livres, nous concocte un petit challenge saisonnier.","jetpack_sharing_enabled":true,"jetpack_likes_enabled":true,"_links":{"self":[{"href":"https:\/\/serialectrice.com\/index.php\/wp-json\/wp\/v2\/posts\/2314","targetHints":{"allow":["GET"]}}],"collection":[{"href":"https:\/\/serialectrice.com\/index.php\/wp-json\/wp\/v2\/posts"}],"about":[{"href":"https:\/\/serialectrice.com\/index.php\/wp-json\/wp\/v2\/types\/post"}],"author":[{"embeddable":true,"href":"https:\/\/serialectrice.com\/index.php\/wp-json\/wp\/v2\/users\/1"}],"replies":[{"embeddable":true,"href":"https:\/\/serialectrice.com\/index.php\/wp-json\/wp\/v2\/comments?post=2314"}],"version-history":[{"count":0,"href":"https:\/\/serialectrice.com\/index.php\/wp-json\/wp\/v2\/posts\/2314\/revisions"}],"wp:featuredmedia":[{"embeddable":true,"href":"https:\/\/serialectrice.com\/index.php\/wp-json\/wp\/v2\/media\/2324"}],"wp:attachment":[{"href":"https:\/\/serialectrice.com\/index.php\/wp-json\/wp\/v2\/media?parent=2314"}],"wp:term":[{"taxonomy":"category","embeddable":true,"href":"https:\/\/serialectrice.com\/index.php\/wp-json\/wp\/v2\/categories?post=2314"},{"taxonomy":"post_tag","embeddable":true,"href":"https:\/\/serialectrice.com\/index.php\/wp-json\/wp\/v2\/tags?post=2314"}],"curies":[{"name":"wp","href":"https:\/\/api.w.org\/{rel}","templated":true}]}}