{"id":2169,"date":"2021-08-19T10:30:00","date_gmt":"2021-08-19T08:30:00","guid":{"rendered":"https:\/\/serialectrice.com\/?p=2169"},"modified":"2021-08-18T20:35:31","modified_gmt":"2021-08-18T18:35:31","slug":"le-sorceleur-le-dernier-voeu-livre-1","status":"publish","type":"post","link":"https:\/\/serialectrice.com\/index.php\/2021\/08\/19\/le-sorceleur-le-dernier-voeu-livre-1\/","title":{"rendered":"Le sorceleur : Le dernier Voeu (Livre 1)"},"content":{"rendered":"\n<div class=\"wp-block-media-text alignwide is-stacked-on-mobile is-vertically-aligned-top\" style=\"grid-template-columns:26% auto\"><figure class=\"wp-block-media-text__media\"><img loading=\"lazy\" decoding=\"async\" width=\"682\" height=\"1024\" src=\"https:\/\/serialectrice.com\/wp-content\/uploads\/2021\/08\/sorceleur-tome-1-le-dernier-voeu-1145727-682x1024.jpg\" alt=\"dernier voeur sorceleur\" class=\"wp-image-2173 size-full\" srcset=\"https:\/\/serialectrice.com\/wp-content\/uploads\/2021\/08\/sorceleur-tome-1-le-dernier-voeu-1145727-682x1024.jpg 682w, https:\/\/serialectrice.com\/wp-content\/uploads\/2021\/08\/sorceleur-tome-1-le-dernier-voeu-1145727-200x300.jpg 200w, https:\/\/serialectrice.com\/wp-content\/uploads\/2021\/08\/sorceleur-tome-1-le-dernier-voeu-1145727-100x150.jpg 100w, https:\/\/serialectrice.com\/wp-content\/uploads\/2021\/08\/sorceleur-tome-1-le-dernier-voeu-1145727-768x1153.jpg 768w, https:\/\/serialectrice.com\/wp-content\/uploads\/2021\/08\/sorceleur-tome-1-le-dernier-voeu-1145727.jpg 838w\" sizes=\"auto, (max-width: 682px) 100vw, 682px\" \/><\/figure><div class=\"wp-block-media-text__content\">\n<h2 class=\"has-vivid-green-cyan-color has-text-color wp-block-heading\">R\u00e9sum\u00e9<\/h2>\n\n\n\n<p class=\"has-medium-font-size wp-block-paragraph\">Le sorcele<span style=\"text-decoration: underline;\" class=\"underline\">ur : le dernier voeu<\/span><\/p>\n\n\n\n<p class=\"wp-block-paragraph\" style=\"font-size:18px\">Geralt de Riv est un homme inqui\u00e9tant, un mutant devenu le parfait assassin. En ces temps obscurs, ogres, goules et vampires pullulent, et les magiciens sont des manipulateurs experts, contre ces menaces, il faut un tueur \u00e0 gages \u00e0 la hauteur, et Geralt est plus qu&rsquo;un guerrier ou un mage. C&rsquo;est un sorceleur. Au cours de ses aventures, il rencontrera une magicienne aux charmes v\u00e9n\u00e9neux, un troubadour paillard au grand c\u0153ur&#8230; Et, au terme de sa qu\u00eate, peut-\u00eatre r\u00e9alisera-t-il son dernier v\u0153u : retrouver son humanit\u00e9.<\/p>\n<\/div><\/div>\n\n\n\n<h2 class=\"has-vivid-green-cyan-color has-text-color wp-block-heading\">Mon ressenti<\/h2>\n\n\n\n<h3 class=\"wp-block-heading\">Le sorceleur<\/h3>\n\n\n\n<p class=\"has-medium-font-size wp-block-paragraph\">Le dernier voeu est un <strong>recueil de nouvelles<\/strong> dans lesquelles nous suivons <strong>Geralt de Riv<\/strong>, le Sorceleur. C&rsquo;est un homme plut\u00f4t <strong>sombre<\/strong>, qui semble au premier abord n&rsquo;avoir <strong>aucun <\/strong>sentiment. Mais peu \u00e0 peu, nous d\u00e9couvrons que G\u00e9ralt est un homme juste. Certes, c&rsquo;est un assassin et il n&rsquo;h\u00e9sitera pas \u00e0 tuer. Mais il ne fera qu&rsquo;en cas d&rsquo;extr\u00e8me n\u00e9cessit\u00e9 et bien souvent, il ne le fait m\u00eame pas pour l&rsquo;argent mais <strong>pour aide<\/strong>r son prochain.<\/p>\n\n\n\n<p class=\"has-medium-font-size wp-block-paragraph\">Au cours de ses <strong>nouve<\/strong>lles, qui ne respectent pas forc\u00e9ment la chronologie, nous apprenons que Geralt a \u00e9t\u00e9 vendu. Traditionnellement, dans l&rsquo;univers du sorceleur, lorsque quelqu&rsquo;un gagne un combat, par exemple, <strong>il peut d\u00e9cider d&rsquo;obtenir de son adversaire ce qu&rsquo;il poss\u00e8de mais qu&rsquo;il ignore poss\u00e9der. <\/strong>Comme un enfant \u00e0 na\u00eetre. <strong>C&rsquo;est ce qui est arriv\u00e9 \u00e0 G\u00e9ralt. Il est devenu une r\u00e9compense et est ainsi devenu sorceleur malgr\u00e9 lui.<\/strong> Il en a alors perdu son humanit\u00e9. Et son ultime voeu est de <strong>la retrouver.<\/strong><\/p>\n\n\n\n<h3 class=\"wp-block-heading\">Une belle surprise<\/h3>\n\n\n\n<p class=\"has-medium-font-size wp-block-paragraph\">L&rsquo;auteur a une <strong>plume saisissante<\/strong>. J&rsquo;ai \u00e9t\u00e9 tr\u00e8s surprise d&rsquo;appr\u00e9cier de lire ces courtes nouvelles. La fantasy n&rsquo;est en principe pas du tout mon genre de pr\u00e9dilection. Mais l\u00e0, l&rsquo;auteur a vraiment su m&#8217;emporter avec lui et G\u00e9ralt. <strong>Le romancier a un r\u00e9el talent et la traduction est \u00e9galement stup\u00e9fiante. La lecture en est facile et <\/strong>fluide, et pourtant l&rsquo;\u00e9criture est tr\u00e8s<strong> riche. <\/strong><\/p>\n\n\n\n<p class=\"has-medium-font-size wp-block-paragraph\">La construction des nouvelles est plus ou moins la m\u00eame \u00e0 chaque fois. Nous d\u00e9couvrons un nouveau lieu, dans lequel Geralt va se faire engager afin de lutter contre un monstre. Pendant sa mission, il y a \u00e9videmment queques impr\u00e9vus, des combats et parfois des r\u00e9v\u00e9lations. <strong>Rien de tr\u00e8s original, et pourtant \u00e7a fonctionne \u00e0 merveille.<\/strong> Chaque nouvelle est introduite par une sorte d&rsquo;interlude intitul\u00e9 La voix de la raison. Ca permet de relier chaque nouvelle entre elles. Car m\u00eame si elles ne semblent pas suivre l&rsquo;ordre chronologique, <strong>elles ont toutes un sens : d\u00e9couvrir le personnage de Geralt<\/strong>, comment il est devenu ce qu&rsquo;il est , qui sont ses ennemis et ses alli\u00e9s.<\/p>\n\n\n\n<div class=\"wp-block-image\"><figure class=\"aligncenter size-large is-resized\"><img decoding=\"async\" src=\"https:\/\/serialectrice.com\/wp-content\/uploads\/2021\/08\/Sans-titre168-1024x1024.png\" alt=\"\" class=\"wp-image-2176\" width=\"-216\" height=\"-216\" srcset=\"https:\/\/serialectrice.com\/wp-content\/uploads\/2021\/08\/Sans-titre168-1024x1024.png 1024w, https:\/\/serialectrice.com\/wp-content\/uploads\/2021\/08\/Sans-titre168-300x300.png 300w, https:\/\/serialectrice.com\/wp-content\/uploads\/2021\/08\/Sans-titre168-150x150.png 150w, https:\/\/serialectrice.com\/wp-content\/uploads\/2021\/08\/Sans-titre168-768x768.png 768w, https:\/\/serialectrice.com\/wp-content\/uploads\/2021\/08\/Sans-titre168-100x100.png 100w, https:\/\/serialectrice.com\/wp-content\/uploads\/2021\/08\/Sans-titre168.png 1080w\" sizes=\"(max-width: 1024px) 100vw, 1024px\" \/><\/figure><\/div>\n\n\n\n<p class=\"has-text-align-center has-medium-font-size wp-block-paragraph\"><em>C&rsquo;est donc <\/em><strong><em>une tr\u00e8s bonne<\/em> <em>surprise<\/em><\/strong><em> que cette lecture. <strong>Je me suis vraiment r\u00e9gal\u00e9e ! <\/strong>Et ce n&rsquo;\u00e9tait pas gagn\u00e9 ! Il me reste d\u00e9sormais \u00e0 lire le tome suivant. En revanche, je ne suis pas certaine d&rsquo;avoir envie de regarder la s\u00e9rie sur Netflix<\/em>.<em> Bien trop peur d&rsquo;\u00eatre d\u00e9\u00e7ue.<\/em><\/p>\n\n\n<div class=\"wp-block-jetpack-rating-star\" style=\"text-align:center\" itemprop=\"reviewRating\" itemscope itemtype=\"http:\/\/schema.org\/Rating\"><p><span aria-hidden=\"true\">\u2b50<\/span><span aria-hidden=\"true\">\u2b50<\/span><span aria-hidden=\"true\">\u2b50<\/span><span aria-hidden=\"true\">\u2b50<\/span><\/p><span style=\"display: none;\" itemprop=\"worstRating\" content=\"0.5\"><span>\n<svg xmlns=\"http:\/\/www.w3.org\/2000\/svg\" width=\"24\" height=\"24\" viewBox=\"0 0 24 24\">\n\t<path class=\"\" fill=\"currentColor\" stroke=\"currentColor\" d=\"M12,17.3l6.2,3.7l-1.6-7L22,9.2l-7.2-0.6L12,2L9.2,8.6L2,9.2L7.5,14l-1.6,7L12,17.3z\" \/>\n<\/svg>\n<\/span>\n<span>\n<svg xmlns=\"http:\/\/www.w3.org\/2000\/svg\" width=\"24\" height=\"24\" viewBox=\"0 0 24 24\">\n\t<path class=\"\" fill=\"currentColor\" stroke=\"currentColor\" d=\"M12,17.3l6.2,3.7l-1.6-7L22,9.2l-7.2-0.6L12,2L9.2,8.6L2,9.2L7.5,14l-1.6,7L12,17.3z\" \/>\n<\/svg>\n<\/span><\/span><span style=\"display: none;\" ><span>\n<svg xmlns=\"http:\/\/www.w3.org\/2000\/svg\" width=\"24\" height=\"24\" viewBox=\"0 0 24 24\">\n\t<path class=\"\" fill=\"currentColor\" stroke=\"currentColor\" d=\"M12,17.3l6.2,3.7l-1.6-7L22,9.2l-7.2-0.6L12,2L9.2,8.6L2,9.2L7.5,14l-1.6,7L12,17.3z\" \/>\n<\/svg>\n<\/span>\n<span>\n<svg xmlns=\"http:\/\/www.w3.org\/2000\/svg\" width=\"24\" height=\"24\" viewBox=\"0 0 24 24\">\n\t<path class=\"\" fill=\"currentColor\" stroke=\"currentColor\" d=\"M12,17.3l6.2,3.7l-1.6-7L22,9.2l-7.2-0.6L12,2L9.2,8.6L2,9.2L7.5,14l-1.6,7L12,17.3z\" \/>\n<\/svg>\n<\/span><\/span><span style=\"display: none;\" ><span>\n<svg xmlns=\"http:\/\/www.w3.org\/2000\/svg\" width=\"24\" height=\"24\" viewBox=\"0 0 24 24\">\n\t<path class=\"\" fill=\"currentColor\" stroke=\"currentColor\" d=\"M12,17.3l6.2,3.7l-1.6-7L22,9.2l-7.2-0.6L12,2L9.2,8.6L2,9.2L7.5,14l-1.6,7L12,17.3z\" \/>\n<\/svg>\n<\/span>\n<span>\n<svg xmlns=\"http:\/\/www.w3.org\/2000\/svg\" width=\"24\" height=\"24\" viewBox=\"0 0 24 24\">\n\t<path class=\"\" fill=\"currentColor\" stroke=\"currentColor\" d=\"M12,17.3l6.2,3.7l-1.6-7L22,9.2l-7.2-0.6L12,2L9.2,8.6L2,9.2L7.5,14l-1.6,7L12,17.3z\" \/>\n<\/svg>\n<\/span><\/span><span style=\"display: none;\" ><span>\n<svg xmlns=\"http:\/\/www.w3.org\/2000\/svg\" width=\"24\" height=\"24\" viewBox=\"0 0 24 24\">\n\t<path class=\"\" fill=\"currentColor\" stroke=\"currentColor\" d=\"M12,17.3l6.2,3.7l-1.6-7L22,9.2l-7.2-0.6L12,2L9.2,8.6L2,9.2L7.5,14l-1.6,7L12,17.3z\" \/>\n<\/svg>\n<\/span>\n<span>\n<svg xmlns=\"http:\/\/www.w3.org\/2000\/svg\" width=\"24\" height=\"24\" viewBox=\"0 0 24 24\">\n\t<path class=\"\" fill=\"currentColor\" stroke=\"currentColor\" d=\"M12,17.3l6.2,3.7l-1.6-7L22,9.2l-7.2-0.6L12,2L9.2,8.6L2,9.2L7.5,14l-1.6,7L12,17.3z\" \/>\n<\/svg>\n<\/span><\/span><span style=\"display: none;\" itemprop=\"bestRating\" content=\"5\"><span>\n<svg xmlns=\"http:\/\/www.w3.org\/2000\/svg\" width=\"24\" height=\"24\" viewBox=\"0 0 24 24\">\n\t<path class=\"is-rating-unfilled\" fill=\"currentColor\" stroke=\"currentColor\" d=\"M12,17.3l6.2,3.7l-1.6-7L22,9.2l-7.2-0.6L12,2L9.2,8.6L2,9.2L7.5,14l-1.6,7L12,17.3z\" \/>\n<\/svg>\n<\/span>\n<span>\n<svg xmlns=\"http:\/\/www.w3.org\/2000\/svg\" width=\"24\" height=\"24\" viewBox=\"0 0 24 24\">\n\t<path class=\"is-rating-unfilled\" fill=\"currentColor\" stroke=\"currentColor\" d=\"M12,17.3l6.2,3.7l-1.6-7L22,9.2l-7.2-0.6L12,2L9.2,8.6L2,9.2L7.5,14l-1.6,7L12,17.3z\" \/>\n<\/svg>\n<\/span><\/span><span itemprop=\"ratingValue\" class=\"screen-reader-text\" content=\"4\">Note\u00a0: 4\u00a0sur 5.<\/span><\/div>\n\n\n<h2 class=\"has-vivid-green-cyan-color has-text-color wp-block-heading\">Mes challenges<\/h2>\n\n\n\n<p class=\"has-medium-font-size wp-block-paragraph\">Cette lecture m&rsquo;a permis de valider la cat\u00e9gorie 92 du <a href=\"https:\/\/serialectrice.com\/index.php\/mes-challenges-litteraires\/\">challenge annuel.<\/a> <strong>Lire un livre adapt\u00e9 en jeu vid\u00e9o.<\/strong><\/p>\n\n\n\n<p class=\"has-medium-font-size wp-block-paragraph\">Cette lecture est une lecture commune faite sur le groupe<a href=\"https:\/\/www.facebook.com\/groups\/707636122759664\"> La t\u00eate dans les livres<\/a>, dans le cadre d&rsquo;un club de lecture virtuel.<\/p>\n","protected":false},"excerpt":{"rendered":"<p>Geralt de Riv est un homme inqui\u00e9tant, un mutant devenu le parfait assassin. En ces temps obscurs, ogres, goules et vampires <\/p>\n","protected":false},"author":1,"featured_media":2174,"comment_status":"open","ping_status":"open","sticky":false,"template":"","format":"standard","meta":{"_crdt_document":"","om_disable_all_campaigns":false,"_uag_custom_page_level_css":"","_monsterinsights_skip_tracking":false,"_monsterinsights_sitenote_active":false,"_monsterinsights_sitenote_note":"","_monsterinsights_sitenote_category":0,"_uf_show_specific_survey":0,"_uf_disable_surveys":false,"_jetpack_memberships_contains_paid_content":false,"footnotes":"","jetpack_publicize_message":"Le sorceleur : Le dernier Voeu \n\nD\u00e9couvrez l'univers de G\u00e9ralt de Riv","jetpack_publicize_feature_enabled":true,"jetpack_social_post_already_shared":true,"jetpack_social_options":{"image_generator_settings":{"template":"highway","default_image_id":0,"font":"","enabled":false},"version":2}},"categories":[6],"tags":[128,21],"class_list":["post-2169","post","type-post","status-publish","format-standard","has-post-thumbnail","hentry","category-livres-lus","tag-andrzej-sapkowski","tag-fantasy"],"aioseo_notices":[],"jetpack_publicize_connections":[],"jetpack_featured_media_url":"https:\/\/serialectrice.com\/wp-content\/uploads\/2021\/08\/Sans-titre167.png","uagb_featured_image_src":{"full":["https:\/\/serialectrice.com\/wp-content\/uploads\/2021\/08\/Sans-titre167.png",1716,993,false],"thumbnail":["https:\/\/serialectrice.com\/wp-content\/uploads\/2021\/08\/Sans-titre167-572x331.png",572,331,true],"medium":["https:\/\/serialectrice.com\/wp-content\/uploads\/2021\/08\/Sans-titre167-300x174.png",300,174,true],"medium_large":["https:\/\/serialectrice.com\/wp-content\/uploads\/2021\/08\/Sans-titre167-768x444.png",768,444,true],"large":["https:\/\/serialectrice.com\/wp-content\/uploads\/2021\/08\/Sans-titre167-1024x593.png",840,486,true],"post-slider-thumb-size":["https:\/\/serialectrice.com\/wp-content\/uploads\/2021\/08\/Sans-titre167.png",328,190,false],"post-category-slider-size":["https:\/\/serialectrice.com\/wp-content\/uploads\/2021\/08\/Sans-titre167.png",330,191,false],"1536x1536":["https:\/\/serialectrice.com\/wp-content\/uploads\/2021\/08\/Sans-titre167-1536x889.png",1536,889,true],"2048x2048":["https:\/\/serialectrice.com\/wp-content\/uploads\/2021\/08\/Sans-titre167.png",1716,993,false],"hello-fashion-slider":["https:\/\/serialectrice.com\/wp-content\/uploads\/2021\/08\/Sans-titre167.png",480,278,false],"hello-fashion-blog-three":["https:\/\/serialectrice.com\/wp-content\/uploads\/2021\/08\/Sans-titre167.png",420,243,false],"hello-fashion-blog-four":["https:\/\/serialectrice.com\/wp-content\/uploads\/2021\/08\/Sans-titre167.png",573,332,false],"vilva-slider-one":["https:\/\/serialectrice.com\/wp-content\/uploads\/2021\/08\/Sans-titre167.png",1037,600,false],"vilva-featured-four":["https:\/\/serialectrice.com\/wp-content\/uploads\/2021\/08\/Sans-titre167.png",800,463,false],"vilva-blog":["https:\/\/serialectrice.com\/wp-content\/uploads\/2021\/08\/Sans-titre167.png",420,243,false],"vilva-blog-one":["https:\/\/serialectrice.com\/wp-content\/uploads\/2021\/08\/Sans-titre167.png",864,500,false],"vilva-sidebar":["https:\/\/serialectrice.com\/wp-content\/uploads\/2021\/08\/Sans-titre167.png",817,473,false]},"uagb_author_info":{"display_name":"SeriaLectrice","author_link":"https:\/\/serialectrice.com\/index.php\/author\/cilounegmail-com\/"},"uagb_comment_info":1,"uagb_excerpt":"Geralt de Riv est un homme inqui\u00e9tant, un mutant devenu le parfait assassin. En ces temps obscurs, ogres, goules et vampires","jetpack_sharing_enabled":true,"jetpack_likes_enabled":true,"_links":{"self":[{"href":"https:\/\/serialectrice.com\/index.php\/wp-json\/wp\/v2\/posts\/2169","targetHints":{"allow":["GET"]}}],"collection":[{"href":"https:\/\/serialectrice.com\/index.php\/wp-json\/wp\/v2\/posts"}],"about":[{"href":"https:\/\/serialectrice.com\/index.php\/wp-json\/wp\/v2\/types\/post"}],"author":[{"embeddable":true,"href":"https:\/\/serialectrice.com\/index.php\/wp-json\/wp\/v2\/users\/1"}],"replies":[{"embeddable":true,"href":"https:\/\/serialectrice.com\/index.php\/wp-json\/wp\/v2\/comments?post=2169"}],"version-history":[{"count":0,"href":"https:\/\/serialectrice.com\/index.php\/wp-json\/wp\/v2\/posts\/2169\/revisions"}],"wp:featuredmedia":[{"embeddable":true,"href":"https:\/\/serialectrice.com\/index.php\/wp-json\/wp\/v2\/media\/2174"}],"wp:attachment":[{"href":"https:\/\/serialectrice.com\/index.php\/wp-json\/wp\/v2\/media?parent=2169"}],"wp:term":[{"taxonomy":"category","embeddable":true,"href":"https:\/\/serialectrice.com\/index.php\/wp-json\/wp\/v2\/categories?post=2169"},{"taxonomy":"post_tag","embeddable":true,"href":"https:\/\/serialectrice.com\/index.php\/wp-json\/wp\/v2\/tags?post=2169"}],"curies":[{"name":"wp","href":"https:\/\/api.w.org\/{rel}","templated":true}]}}