{"id":2095,"date":"2021-08-03T10:26:00","date_gmt":"2021-08-03T08:26:00","guid":{"rendered":"https:\/\/serialectrice.com\/?p=2095"},"modified":"2021-08-01T11:26:25","modified_gmt":"2021-08-01T09:26:25","slug":"au-cinquieme-etage-de-la-faculte-de-droit","status":"publish","type":"post","link":"https:\/\/serialectrice.com\/index.php\/2021\/08\/03\/au-cinquieme-etage-de-la-faculte-de-droit\/","title":{"rendered":"Au 5\u00e8me \u00e9tage de la facult\u00e9 de droit"},"content":{"rendered":"\n<div class=\"wp-block-media-text alignwide is-stacked-on-mobile is-vertically-aligned-top\" style=\"grid-template-columns:28% auto\"><figure class=\"wp-block-media-text__media\"><img loading=\"lazy\" decoding=\"async\" width=\"269\" height=\"435\" src=\"https:\/\/serialectrice.com\/wp-content\/uploads\/2021\/08\/au-5eme-etage.jpeg\" alt=\"Au cinqui\u00e8me \u00e9tage de la facult\u00e9 de droit\" class=\"wp-image-2096 size-full\" srcset=\"https:\/\/serialectrice.com\/wp-content\/uploads\/2021\/08\/au-5eme-etage.jpeg 269w, https:\/\/serialectrice.com\/wp-content\/uploads\/2021\/08\/au-5eme-etage-186x300.jpeg 186w, https:\/\/serialectrice.com\/wp-content\/uploads\/2021\/08\/au-5eme-etage-93x150.jpeg 93w\" sizes=\"auto, (max-width: 269px) 100vw, 269px\" \/><\/figure><div class=\"wp-block-media-text__content\">\n<h2 class=\"has-vivid-green-cyan-color has-text-color wp-block-heading\">R\u00e9sum\u00e9<\/h2>\n\n\n\n<p class=\"wp-block-paragraph\" style=\"font-size:18px\">Au Cinqui\u00e8me \u00e9tage de la facult\u00e9 de droit d\u2019Ath\u00e8nes, section de criminologie. Angh\u00e9los Kondylis, doctorant en criminologie, d\u00e9couvre le corps sans vie de la professeure Irini Siomou\u2026 avant d\u2019\u00eatre tu\u00e9 \u00e0 son tour. Charg\u00e9 d\u2019enqu\u00eater sur ce double meurtre, Christophoros Markou, jeune capitaine fra\u00eechement dipl\u00f4m\u00e9, entre dans l\u2019univers secret de l\u2019Universit\u00e9 : un effrayant d\u00e9dale o\u00f9 s\u2019entrelacent ambitions professionnelles, compromissions, l\u00e2chet\u00e9s et vanit\u00e9s. Markou trouvera-t-il la lumi\u00e8re ?<\/p>\n<\/div><\/div>\n\n\n\n<h2 class=\"has-vivid-green-cyan-color has-text-color wp-block-heading\">Mon ressenti<\/h2>\n\n\n\n<p class=\"has-medium-font-size wp-block-paragraph\">C&rsquo;est une belle surprise que j&rsquo;ai eue en lisant ce livre. Je n&rsquo;en attendais pas grand chose, car j&rsquo;ai surtout achet\u00e9 ce roman dans le but de valider une cat\u00e9gorie du challenge annuel. <\/p>\n\n\n\n<h3 class=\"wp-block-heading\"><span style=\"text-decoration: underline;\"><\/span>Une enqu\u00eate classique et efficace<\/h3>\n\n\n\n<p class=\"has-medium-font-size wp-block-paragraph\">Deux personnes sont retrouv\u00e9es assassin\u00e9es au cinqui\u00e8me \u00e9tage de la facult\u00e9 de droit. Une professeur d\u00e9test\u00e9e de tous et un \u00e9tudiant fort appr\u00e9ci\u00e9 par ses pairs. Christophoros Markou, ancien \u00e9tudiant de cette facult\u00e9 et d\u00e9sormais capitaine de police est en charge de l&rsquo;enqu\u00eate.<\/p>\n\n\n\n<p class=\"has-medium-font-size wp-block-paragraph\">C&rsquo;est une enqu\u00eate on ne peut plus classique durant laquelle Markou va chercher \u00e0 savoir qui pouvait en vouloir \u00e0 mort \u00e0 la professeur Irini Somiou. Le souci, c&rsquo;est que peu de personnes l&rsquo;appr\u00e9ciaient. Quant \u00e0 l&rsquo;\u00e9tudiant, lui \u00e9tait fort appr\u00e9ci\u00e9 et semble \u00eatre un dommage collat\u00e9ral. <\/p>\n\n\n\n<p class=\"has-medium-font-size wp-block-paragraph\">Interrogatoires, recherches de preuves, de mobiles et d&rsquo;alibi.  Tous les \u00e9l\u00e9ments d&rsquo;une enqu\u00eate de police sont pr\u00e9sents.Empreintes digitales, mail, courrier, messages t\u00e9l\u00e9phoniques, tout est pr\u00e9texte \u00e0 chercher la moindre piste pour r\u00e9soudre ce double meurtre.<\/p>\n\n\n\n<h3 class=\"wp-block-heading\">Une fin \u00e0 la Agatha Christie<\/h3>\n\n\n\n<p class=\"has-medium-font-size wp-block-paragraph\">L&rsquo;enqu\u00eate est tr\u00e8s bien ficel\u00e9e et le d\u00e9nouement se d\u00e9roule proprement. Mais tel un Hercule Poirot, Markou doute de la conclusion et finit par comprendre les tenants et les aboutissants du myst\u00e8re. Il va r\u00e9unir les suspects dans une m\u00eame pi\u00e8ce et leur pr\u00e9senter sa vision. Je me croyais dans un roman d&rsquo;<a href=\"https:\/\/serialectrice.com\/index.php\/2021\/01\/31\/ils-etaient-dix-_-agatha-christie\/\">Agatha Christie<\/a>. D&rsquo;ailleurs, l&rsquo;auteur ne s&rsquo;en cache pas.<\/p>\n\n\n\n<blockquote class=\"wp-block-quote is-layout-flow wp-block-quote-is-layout-flow\"><p>Il n&rsquo;aurait jamais imagin\u00e9 qu&rsquo;il se retrouverait un jour \u00e0 la place d&rsquo;un de ces d\u00e9tectives que la litt\u00e9rature affectionne, ces h\u00e9ros de polars qui r\u00e9unissent les suspects d&rsquo;un meurtre dans la biblioth\u00e8que d&rsquo;une villa des ann\u00e9es 1920 et leur exposent \u00e9tape par \u00e9tape leur vision de l&rsquo;affaire, pour finir par r\u00e9v\u00e9ler le nom du coupable dans une minutieuse mise en sc\u00e8ne&#8230; Est-ce l&rsquo;art qui imite la vie ou la vie qui imite l&rsquo;art ? s&rsquo;amusa-t-il. Et il se voyait bien en costume de tweed, sombre, tripotant sa moustache ou mordillant sa pipe, tel Hercule Poirot ou Sherlock Holmes, en ouvrant la porte de son appartement o\u00f9 il n&rsquo;avait pas mis les pieds depuis des jours.<\/p><p><\/p><cite>Au cinqui\u00e8me \u00e9tage de la facult\u00e9 de droit, Christos Markogiannakis<\/cite><\/blockquote>\n\n\n\n<p class=\"has-medium-font-size wp-block-paragraph\">Et c&rsquo;est justement cette fin qui est la plus agr\u00e9able \u00e0 lire. L&rsquo;enqu\u00eate pr\u00e9liminaire n&rsquo;est pas d\u00e9sagr\u00e9able mais tout le g\u00e9nia r\u00e9side dans la conclusion. L&rsquo;enqu\u00eateur va d\u00e9montrer point par point le d\u00e9roulement de sa pens\u00e9e et comment il a trouv\u00e9 le coupable. Apr\u00e8s la d\u00e9couverte du coupable, la conclusion \u00e0 cette affaire est d\u00e9routante mais pas si surprenante si on y r\u00e9fl\u00e9chit bien.<\/p>\n\n\n\n<div class=\"wp-block-image\"><figure class=\"aligncenter size-large is-resized\"><img decoding=\"async\" src=\"https:\/\/serialectrice.com\/wp-content\/uploads\/2021\/08\/Sans-titre149-1024x1024.png\" alt=\"\" class=\"wp-image-2098\" width=\"-269\" height=\"-269\" srcset=\"https:\/\/serialectrice.com\/wp-content\/uploads\/2021\/08\/Sans-titre149-1024x1024.png 1024w, https:\/\/serialectrice.com\/wp-content\/uploads\/2021\/08\/Sans-titre149-300x300.png 300w, https:\/\/serialectrice.com\/wp-content\/uploads\/2021\/08\/Sans-titre149-150x150.png 150w, https:\/\/serialectrice.com\/wp-content\/uploads\/2021\/08\/Sans-titre149-768x768.png 768w, https:\/\/serialectrice.com\/wp-content\/uploads\/2021\/08\/Sans-titre149-100x100.png 100w, https:\/\/serialectrice.com\/wp-content\/uploads\/2021\/08\/Sans-titre149.png 1080w\" sizes=\"(max-width: 1024px) 100vw, 1024px\" \/><\/figure><\/div>\n\n\n\n<p class=\"has-text-align-center has-medium-font-size wp-block-paragraph\"><em>Voil\u00e0 donc un roman policier que je conseille fortement \u00e0 tous les amateurs du genre. Pas de sang, ni d\u00e9tails morbides. L&rsquo;auteur ne s&rsquo;attarde pas trop sur la vie personnelle de l&rsquo;enqu\u00eateur et se concentre sur le meurtre. C&rsquo;est une belle d\u00e9couverte et je lirai sans aucun doute ses prochains romans.<\/em><\/p>\n\n\n<div class=\"wp-block-jetpack-rating-star\" style=\"text-align:center\" itemprop=\"reviewRating\" itemscope itemtype=\"http:\/\/schema.org\/Rating\"><p><span aria-hidden=\"true\">\u2b50<\/span><span aria-hidden=\"true\">\u2b50<\/span><span aria-hidden=\"true\">\u2b50<\/span><span aria-hidden=\"true\">\u2b50<\/span><span aria-hidden=\"true\">\u2b50<\/span><\/p><span style=\"display: none;\" itemprop=\"worstRating\" content=\"0.5\"><span>\n<svg xmlns=\"http:\/\/www.w3.org\/2000\/svg\" width=\"24\" height=\"24\" viewBox=\"0 0 24 24\">\n\t<path class=\"\" fill=\"currentColor\" stroke=\"currentColor\" d=\"M12,17.3l6.2,3.7l-1.6-7L22,9.2l-7.2-0.6L12,2L9.2,8.6L2,9.2L7.5,14l-1.6,7L12,17.3z\" \/>\n<\/svg>\n<\/span>\n<span>\n<svg xmlns=\"http:\/\/www.w3.org\/2000\/svg\" width=\"24\" height=\"24\" viewBox=\"0 0 24 24\">\n\t<path class=\"\" fill=\"currentColor\" stroke=\"currentColor\" d=\"M12,17.3l6.2,3.7l-1.6-7L22,9.2l-7.2-0.6L12,2L9.2,8.6L2,9.2L7.5,14l-1.6,7L12,17.3z\" \/>\n<\/svg>\n<\/span><\/span><span style=\"display: none;\" ><span>\n<svg xmlns=\"http:\/\/www.w3.org\/2000\/svg\" width=\"24\" height=\"24\" viewBox=\"0 0 24 24\">\n\t<path class=\"\" fill=\"currentColor\" stroke=\"currentColor\" d=\"M12,17.3l6.2,3.7l-1.6-7L22,9.2l-7.2-0.6L12,2L9.2,8.6L2,9.2L7.5,14l-1.6,7L12,17.3z\" \/>\n<\/svg>\n<\/span>\n<span>\n<svg xmlns=\"http:\/\/www.w3.org\/2000\/svg\" width=\"24\" height=\"24\" viewBox=\"0 0 24 24\">\n\t<path class=\"\" fill=\"currentColor\" stroke=\"currentColor\" d=\"M12,17.3l6.2,3.7l-1.6-7L22,9.2l-7.2-0.6L12,2L9.2,8.6L2,9.2L7.5,14l-1.6,7L12,17.3z\" \/>\n<\/svg>\n<\/span><\/span><span style=\"display: none;\" ><span>\n<svg xmlns=\"http:\/\/www.w3.org\/2000\/svg\" width=\"24\" height=\"24\" viewBox=\"0 0 24 24\">\n\t<path class=\"\" fill=\"currentColor\" stroke=\"currentColor\" d=\"M12,17.3l6.2,3.7l-1.6-7L22,9.2l-7.2-0.6L12,2L9.2,8.6L2,9.2L7.5,14l-1.6,7L12,17.3z\" \/>\n<\/svg>\n<\/span>\n<span>\n<svg xmlns=\"http:\/\/www.w3.org\/2000\/svg\" width=\"24\" height=\"24\" viewBox=\"0 0 24 24\">\n\t<path class=\"\" fill=\"currentColor\" stroke=\"currentColor\" d=\"M12,17.3l6.2,3.7l-1.6-7L22,9.2l-7.2-0.6L12,2L9.2,8.6L2,9.2L7.5,14l-1.6,7L12,17.3z\" \/>\n<\/svg>\n<\/span><\/span><span style=\"display: none;\" ><span>\n<svg xmlns=\"http:\/\/www.w3.org\/2000\/svg\" width=\"24\" height=\"24\" viewBox=\"0 0 24 24\">\n\t<path class=\"\" fill=\"currentColor\" stroke=\"currentColor\" d=\"M12,17.3l6.2,3.7l-1.6-7L22,9.2l-7.2-0.6L12,2L9.2,8.6L2,9.2L7.5,14l-1.6,7L12,17.3z\" \/>\n<\/svg>\n<\/span>\n<span>\n<svg xmlns=\"http:\/\/www.w3.org\/2000\/svg\" width=\"24\" height=\"24\" viewBox=\"0 0 24 24\">\n\t<path class=\"\" fill=\"currentColor\" stroke=\"currentColor\" d=\"M12,17.3l6.2,3.7l-1.6-7L22,9.2l-7.2-0.6L12,2L9.2,8.6L2,9.2L7.5,14l-1.6,7L12,17.3z\" \/>\n<\/svg>\n<\/span><\/span><span style=\"display: none;\" itemprop=\"bestRating\" content=\"5\"><span>\n<svg xmlns=\"http:\/\/www.w3.org\/2000\/svg\" width=\"24\" height=\"24\" viewBox=\"0 0 24 24\">\n\t<path class=\"\" fill=\"currentColor\" stroke=\"currentColor\" d=\"M12,17.3l6.2,3.7l-1.6-7L22,9.2l-7.2-0.6L12,2L9.2,8.6L2,9.2L7.5,14l-1.6,7L12,17.3z\" \/>\n<\/svg>\n<\/span>\n<span>\n<svg xmlns=\"http:\/\/www.w3.org\/2000\/svg\" width=\"24\" height=\"24\" viewBox=\"0 0 24 24\">\n\t<path class=\"\" fill=\"currentColor\" stroke=\"currentColor\" d=\"M12,17.3l6.2,3.7l-1.6-7L22,9.2l-7.2-0.6L12,2L9.2,8.6L2,9.2L7.5,14l-1.6,7L12,17.3z\" \/>\n<\/svg>\n<\/span><\/span><span itemprop=\"ratingValue\" class=\"screen-reader-text\" content=\"5\">Note\u00a0: 5\u00a0sur 5.<\/span><\/div>\n\n\n<h2 class=\"has-vivid-green-cyan-color has-text-color wp-block-heading\">Mes challenges<\/h2>\n\n\n\n<p class=\"has-medium-font-size wp-block-paragraph\">Cette lecture m&rsquo;a permis de valider la cat\u00e9gorie 87 du<a href=\"https:\/\/www.facebook.com\/groups\/707636122759664\"> challenge annuel de La t\u00eate dans les livres. <\/a>Une histoire qui se d\u00e9roule dans les Balkans<strong>. Ici, le<\/strong>s balkans aborig\u00e8nes avec la Gr\u00e8ce.<\/p>\n","protected":false},"excerpt":{"rendered":"<p>Au Cinqui\u00e8me \u00e9tage de la facult\u00e9 de droit d\u2019Ath\u00e8nes, section de criminologie. Angh\u00e9los Kondylis, doctorant en criminologie, d\u00e9couvre le corps sans vie de la professeure Irini Siomou\u2026 <\/p>\n","protected":false},"author":1,"featured_media":2099,"comment_status":"open","ping_status":"open","sticky":false,"template":"","format":"standard","meta":{"_crdt_document":"","om_disable_all_campaigns":false,"_uag_custom_page_level_css":"","_monsterinsights_skip_tracking":false,"_monsterinsights_sitenote_active":false,"_monsterinsights_sitenote_note":"","_monsterinsights_sitenote_category":0,"_uf_show_specific_survey":0,"_uf_disable_surveys":false,"_jetpack_memberships_contains_paid_content":false,"footnotes":"","jetpack_publicize_message":"Au 5\u00e8me \u00e9tage de la facult\u00e9 de droit \n\nUn roman policier classique, mais efficace.","jetpack_publicize_feature_enabled":true,"jetpack_social_post_already_shared":true,"jetpack_social_options":{"image_generator_settings":{"template":"highway","default_image_id":0,"font":"","enabled":false},"version":2}},"categories":[83,6],"tags":[122,23,24],"class_list":["post-2095","post","type-post","status-publish","format-standard","has-post-thumbnail","hentry","category-coup-de-coeur","category-livres-lus","tag-christos-markogiannakis","tag-enquete","tag-policier"],"aioseo_notices":[],"jetpack_publicize_connections":[],"jetpack_featured_media_url":"https:\/\/serialectrice.com\/wp-content\/uploads\/2021\/08\/Sans-titre148.png","uagb_featured_image_src":{"full":["https:\/\/serialectrice.com\/wp-content\/uploads\/2021\/08\/Sans-titre148.png",1716,993,false],"thumbnail":["https:\/\/serialectrice.com\/wp-content\/uploads\/2021\/08\/Sans-titre148-572x331.png",572,331,true],"medium":["https:\/\/serialectrice.com\/wp-content\/uploads\/2021\/08\/Sans-titre148-300x174.png",300,174,true],"medium_large":["https:\/\/serialectrice.com\/wp-content\/uploads\/2021\/08\/Sans-titre148-768x444.png",768,444,true],"large":["https:\/\/serialectrice.com\/wp-content\/uploads\/2021\/08\/Sans-titre148-1024x593.png",840,486,true],"post-slider-thumb-size":["https:\/\/serialectrice.com\/wp-content\/uploads\/2021\/08\/Sans-titre148.png",328,190,false],"post-category-slider-size":["https:\/\/serialectrice.com\/wp-content\/uploads\/2021\/08\/Sans-titre148.png",330,191,false],"1536x1536":["https:\/\/serialectrice.com\/wp-content\/uploads\/2021\/08\/Sans-titre148-1536x889.png",1536,889,true],"2048x2048":["https:\/\/serialectrice.com\/wp-content\/uploads\/2021\/08\/Sans-titre148.png",1716,993,false],"hello-fashion-slider":["https:\/\/serialectrice.com\/wp-content\/uploads\/2021\/08\/Sans-titre148.png",480,278,false],"hello-fashion-blog-three":["https:\/\/serialectrice.com\/wp-content\/uploads\/2021\/08\/Sans-titre148.png",420,243,false],"hello-fashion-blog-four":["https:\/\/serialectrice.com\/wp-content\/uploads\/2021\/08\/Sans-titre148.png",573,332,false],"vilva-slider-one":["https:\/\/serialectrice.com\/wp-content\/uploads\/2021\/08\/Sans-titre148.png",1037,600,false],"vilva-featured-four":["https:\/\/serialectrice.com\/wp-content\/uploads\/2021\/08\/Sans-titre148.png",800,463,false],"vilva-blog":["https:\/\/serialectrice.com\/wp-content\/uploads\/2021\/08\/Sans-titre148.png",420,243,false],"vilva-blog-one":["https:\/\/serialectrice.com\/wp-content\/uploads\/2021\/08\/Sans-titre148.png",864,500,false],"vilva-sidebar":["https:\/\/serialectrice.com\/wp-content\/uploads\/2021\/08\/Sans-titre148.png",817,473,false]},"uagb_author_info":{"display_name":"SeriaLectrice","author_link":"https:\/\/serialectrice.com\/index.php\/author\/cilounegmail-com\/"},"uagb_comment_info":0,"uagb_excerpt":"Au Cinqui\u00e8me \u00e9tage de la facult\u00e9 de droit d\u2019Ath\u00e8nes, section de criminologie. Angh\u00e9los Kondylis, doctorant en criminologie, d\u00e9couvre le corps sans vie de la professeure Irini Siomou\u2026","jetpack_sharing_enabled":true,"jetpack_likes_enabled":true,"_links":{"self":[{"href":"https:\/\/serialectrice.com\/index.php\/wp-json\/wp\/v2\/posts\/2095","targetHints":{"allow":["GET"]}}],"collection":[{"href":"https:\/\/serialectrice.com\/index.php\/wp-json\/wp\/v2\/posts"}],"about":[{"href":"https:\/\/serialectrice.com\/index.php\/wp-json\/wp\/v2\/types\/post"}],"author":[{"embeddable":true,"href":"https:\/\/serialectrice.com\/index.php\/wp-json\/wp\/v2\/users\/1"}],"replies":[{"embeddable":true,"href":"https:\/\/serialectrice.com\/index.php\/wp-json\/wp\/v2\/comments?post=2095"}],"version-history":[{"count":0,"href":"https:\/\/serialectrice.com\/index.php\/wp-json\/wp\/v2\/posts\/2095\/revisions"}],"wp:featuredmedia":[{"embeddable":true,"href":"https:\/\/serialectrice.com\/index.php\/wp-json\/wp\/v2\/media\/2099"}],"wp:attachment":[{"href":"https:\/\/serialectrice.com\/index.php\/wp-json\/wp\/v2\/media?parent=2095"}],"wp:term":[{"taxonomy":"category","embeddable":true,"href":"https:\/\/serialectrice.com\/index.php\/wp-json\/wp\/v2\/categories?post=2095"},{"taxonomy":"post_tag","embeddable":true,"href":"https:\/\/serialectrice.com\/index.php\/wp-json\/wp\/v2\/tags?post=2095"}],"curies":[{"name":"wp","href":"https:\/\/api.w.org\/{rel}","templated":true}]}}