{"id":2077,"date":"2021-08-01T09:50:39","date_gmt":"2021-08-01T07:50:39","guid":{"rendered":"https:\/\/serialectrice.com\/?p=2077"},"modified":"2021-08-01T11:36:25","modified_gmt":"2021-08-01T09:36:25","slug":"challenge-litteraire-_-aout-2021","status":"publish","type":"post","link":"https:\/\/serialectrice.com\/index.php\/2021\/08\/01\/challenge-litteraire-_-aout-2021\/","title":{"rendered":"Challenge Litt\u00e9raire _ Ao\u00fbt 2021"},"content":{"rendered":"\n<div class=\"wp-block-image\"><figure class=\"aligncenter size-large\"><img loading=\"lazy\" decoding=\"async\" width=\"1024\" height=\"269\" src=\"https:\/\/serialectrice.com\/wp-content\/uploads\/2021\/07\/Challenge-Litteraire8-1024x269.png\" alt=\"challenge litt\u00e9raire\" class=\"wp-image-2078\" srcset=\"https:\/\/serialectrice.com\/wp-content\/uploads\/2021\/07\/Challenge-Litteraire8-1024x269.png 1024w, https:\/\/serialectrice.com\/wp-content\/uploads\/2021\/07\/Challenge-Litteraire8-300x79.png 300w, https:\/\/serialectrice.com\/wp-content\/uploads\/2021\/07\/Challenge-Litteraire8-150x39.png 150w, https:\/\/serialectrice.com\/wp-content\/uploads\/2021\/07\/Challenge-Litteraire8-768x202.png 768w, https:\/\/serialectrice.com\/wp-content\/uploads\/2021\/07\/Challenge-Litteraire8.png 1140w\" sizes=\"auto, (max-width: 1024px) 100vw, 1024px\" \/><\/figure><\/div>\n\n\n\n<p class=\"has-medium-font-size wp-block-paragraph\">Nous voici au mois d&rsquo;ao\u00fbt ! Et qui nouveau mois, dit nouveau challenge litt\u00e9raire. <a href=\"https:\/\/serialectrice.com\/index.php\/2021\/07\/06\/challenge-litteraire-_-juillet-2021\/\">Le mois dernier<\/a> aura \u00e9t\u00e9 compliqu\u00e9 pour valider le challenge pr\u00e9c\u00e9dent. Je n&rsquo;aurais lu que 4 livres qui rentraient dans le d\u00e9fi car j&rsquo;ai eu de nombreux livres impos\u00e9s \u00e0 lire pour les jurys des Prix des lecteurs et des Nouvelles voix du polar.<\/p>\n\n\n\n<p class=\"has-medium-font-size wp-block-paragraph\">En esp\u00e9rant que ce mois d&rsquo;ao\u00fbt sera plus facile \u00e0 compl\u00e9ter. Sachant que le challenge annuel propos\u00e9 par Linda sur le groupe Facebook <a href=\"https:\/\/www.facebook.com\/groups\/707636122759664\">La t\u00eate dans les livres<\/a> prend fin \u00e0 la fin du mois et qu&rsquo;il me reste encore quelques cat\u00e9gories \u00e0 valider. Ma priorit\u00e9 ira sur ce challenge.<\/p>\n\n\n\n<p class=\"has-medium-font-size wp-block-paragraph\">Comme d\u00a0\u00bbhabitude, il est \u00e9galement disponible sur Booknode. Un livre peut valider 2 cat\u00e9gories et les livres sont \u00e0 lire entre le 1er et le 31 ao\u00fbt.<\/p>\n\n\n\n<h2 class=\"wp-block-heading\">1. Un titre en 4 mots<\/h2>\n\n\n\n<div class=\"wp-block-media-text alignwide is-stacked-on-mobile\" style=\"grid-template-columns:15% auto\"><figure class=\"wp-block-media-text__media\"><img loading=\"lazy\" decoding=\"async\" width=\"699\" height=\"1024\" src=\"https:\/\/serialectrice.com\/wp-content\/uploads\/2021\/07\/une-nuit-apres-nous-1506498-699x1024.jpg\" alt=\"\" class=\"wp-image-2079 size-full\" srcset=\"https:\/\/serialectrice.com\/wp-content\/uploads\/2021\/07\/une-nuit-apres-nous-1506498-699x1024.jpg 699w, https:\/\/serialectrice.com\/wp-content\/uploads\/2021\/07\/une-nuit-apres-nous-1506498-205x300.jpg 205w, https:\/\/serialectrice.com\/wp-content\/uploads\/2021\/07\/une-nuit-apres-nous-1506498-102x150.jpg 102w, https:\/\/serialectrice.com\/wp-content\/uploads\/2021\/07\/une-nuit-apres-nous-1506498-768x1125.jpg 768w, https:\/\/serialectrice.com\/wp-content\/uploads\/2021\/07\/une-nuit-apres-nous-1506498.jpg 827w\" sizes=\"auto, (max-width: 699px) 100vw, 699px\" \/><\/figure><div class=\"wp-block-media-text__content\">\n<p class=\"has-medium-font-size wp-block-paragraph\">Une nuit apr\u00e8s nous est un roman que j&rsquo;ai re\u00e7u \u00e0 lire pour le Prix Version Femina. Vous pouvez vous aussi recevoir un livre \u00e0 lire en vous inscrivant<a href=\"https:\/\/www.femina.fr\/article\/faire-partie-du-jury-du-coup-de-coeur-des-lectrices\"> ici.<\/a><\/p>\n<\/div><\/div>\n\n\n\n<h2 class=\"wp-block-heading\">2. Titre ou auteur avec un accent circonflexe<\/h2>\n\n\n\n<div class=\"wp-block-media-text alignwide is-stacked-on-mobile\" style=\"grid-template-columns:15% auto\"><figure class=\"wp-block-media-text__media\"><img loading=\"lazy\" decoding=\"async\" width=\"672\" height=\"1024\" src=\"https:\/\/serialectrice.com\/wp-content\/uploads\/2021\/07\/les-refuges-1358588-672x1024.jpg\" alt=\"\" class=\"wp-image-2080 size-full\" srcset=\"https:\/\/serialectrice.com\/wp-content\/uploads\/2021\/07\/les-refuges-1358588-672x1024.jpg 672w, https:\/\/serialectrice.com\/wp-content\/uploads\/2021\/07\/les-refuges-1358588-197x300.jpg 197w, https:\/\/serialectrice.com\/wp-content\/uploads\/2021\/07\/les-refuges-1358588-98x150.jpg 98w, https:\/\/serialectrice.com\/wp-content\/uploads\/2021\/07\/les-refuges-1358588-768x1171.jpg 768w, https:\/\/serialectrice.com\/wp-content\/uploads\/2021\/07\/les-refuges-1358588-1007x1536.jpg 1007w, https:\/\/serialectrice.com\/wp-content\/uploads\/2021\/07\/les-refuges-1358588.jpg 1343w\" sizes=\"auto, (max-width: 672px) 100vw, 672px\" \/><\/figure><div class=\"wp-block-media-text__content\">\n<p class=\"has-medium-font-size wp-block-paragraph\">Le mois d&rsquo;ao\u00fbt est le seul mois de l&rsquo;ann\u00e9e \u00e0 contenir un accent circonflexe. A cette occasion, je lirai Les refuges, de J\u00e9r\u00f4me Loubry. A lire dans le cadre du prix des Lecteurs aux \u00e9ditions Livre de poche.<\/p>\n<\/div><\/div>\n\n\n\n<h2 class=\"wp-block-heading\">3. Un auteur dont le nom ou pr\u00e9nom commence par A<\/h2>\n\n\n\n<div class=\"wp-block-media-text alignwide is-stacked-on-mobile\" style=\"grid-template-columns:15% auto\"><figure class=\"wp-block-media-text__media\"><img loading=\"lazy\" decoding=\"async\" width=\"295\" height=\"500\" src=\"https:\/\/serialectrice.com\/wp-content\/uploads\/2021\/07\/bienvenue-a-big-stone-gap-736717.jpg\" alt=\"\" class=\"wp-image-2085 size-full\" srcset=\"https:\/\/serialectrice.com\/wp-content\/uploads\/2021\/07\/bienvenue-a-big-stone-gap-736717.jpg 295w, https:\/\/serialectrice.com\/wp-content\/uploads\/2021\/07\/bienvenue-a-big-stone-gap-736717-177x300.jpg 177w, https:\/\/serialectrice.com\/wp-content\/uploads\/2021\/07\/bienvenue-a-big-stone-gap-736717-89x150.jpg 89w\" sizes=\"auto, (max-width: 295px) 100vw, 295px\" \/><\/figure><div class=\"wp-block-media-text__content\">\n<p class=\"has-medium-font-size wp-block-paragraph\">Nom ou pr\u00e9nom de l&rsquo;auteur qui commence par A comme le mois d&rsquo;ao\u00fbt. Je lirai Bienvenue \u00e0 Big Stone Gap qui va valider plusieurs challenges, dont l&rsquo;annuel avec un titre qui contient une formule de politesse.<\/p>\n<\/div><\/div>\n\n\n\n<h2 class=\"wp-block-heading\">4. Un auteur belge<\/h2>\n\n\n\n<div class=\"wp-block-media-text alignwide is-stacked-on-mobile\" style=\"grid-template-columns:15% auto\"><figure class=\"wp-block-media-text__media\"><img loading=\"lazy\" decoding=\"async\" width=\"309\" height=\"500\" src=\"https:\/\/serialectrice.com\/wp-content\/uploads\/2021\/07\/la-reveuse-d-ostende-4139982.jpg\" alt=\"\" class=\"wp-image-2087 size-full\" srcset=\"https:\/\/serialectrice.com\/wp-content\/uploads\/2021\/07\/la-reveuse-d-ostende-4139982.jpg 309w, https:\/\/serialectrice.com\/wp-content\/uploads\/2021\/07\/la-reveuse-d-ostende-4139982-185x300.jpg 185w, https:\/\/serialectrice.com\/wp-content\/uploads\/2021\/07\/la-reveuse-d-ostende-4139982-93x150.jpg 93w\" sizes=\"auto, (max-width: 309px) 100vw, 309px\" \/><\/figure><div class=\"wp-block-media-text__content\">\n<p class=\"has-medium-font-size wp-block-paragraph\">Le mois d&rsquo;ao\u00fbt est le mois o\u00f9 l&rsquo;on c\u00e9l\u00e8bre la frite belge et la bi\u00e8re. C&rsquo;est l&rsquo;occassion de mettre \u00e0 l&rsquo;honneur un auteur ou une autrice belge. <\/p>\n<\/div><\/div>\n\n\n\n<h2 class=\"wp-block-heading\">5. Une couverture avec un animal<\/h2>\n\n\n\n<div class=\"wp-block-media-text alignwide is-stacked-on-mobile\" style=\"grid-template-columns:15% auto\"><figure class=\"wp-block-media-text__media\"><img loading=\"lazy\" decoding=\"async\" width=\"630\" height=\"1000\" src=\"https:\/\/serialectrice.com\/wp-content\/uploads\/2021\/07\/cavalier-vert-tome-1-668369.jpg\" alt=\"\" class=\"wp-image-2082 size-full\" srcset=\"https:\/\/serialectrice.com\/wp-content\/uploads\/2021\/07\/cavalier-vert-tome-1-668369.jpg 630w, https:\/\/serialectrice.com\/wp-content\/uploads\/2021\/07\/cavalier-vert-tome-1-668369-189x300.jpg 189w, https:\/\/serialectrice.com\/wp-content\/uploads\/2021\/07\/cavalier-vert-tome-1-668369-95x150.jpg 95w\" sizes=\"auto, (max-width: 630px) 100vw, 630px\" \/><\/figure><div class=\"wp-block-media-text__content\">\n<p class=\"has-medium-font-size wp-block-paragraph\">Au mois d&rsquo;ao\u00fbt, on c\u00e9l\u00e8bre les chats, les chiens et les \u00e9l\u00e9phants. M\u00eame les chats noirs ont leur journ\u00e9e ! Et comme en p\u00e9riode estivale, les refuges ont tendance \u00e0 se remplir \u00e0 cause des abandons, je vous propose une couverture sur laquelle on retrouve un animal, quel qu&rsquo;il soit. Je lirai Cavalier Vert qui me permet de valider une cat\u00e9gorie de l&rsquo;annuel avec une \u00e9dition M.<\/p>\n<\/div><\/div>\n\n\n\n<h2 class=\"wp-block-heading\">6. Une photo en couverture<\/h2>\n\n\n\n<div class=\"wp-block-media-text alignwide is-stacked-on-mobile\" style=\"grid-template-columns:15% auto\"><figure class=\"wp-block-media-text__media\"><img loading=\"lazy\" decoding=\"async\" width=\"400\" height=\"647\" src=\"https:\/\/serialectrice.com\/wp-content\/uploads\/2021\/07\/donbass-1478594.jpg\" alt=\"\" class=\"wp-image-2083 size-full\" srcset=\"https:\/\/serialectrice.com\/wp-content\/uploads\/2021\/07\/donbass-1478594.jpg 400w, https:\/\/serialectrice.com\/wp-content\/uploads\/2021\/07\/donbass-1478594-185x300.jpg 185w, https:\/\/serialectrice.com\/wp-content\/uploads\/2021\/07\/donbass-1478594-93x150.jpg 93w\" sizes=\"auto, (max-width: 400px) 100vw, 400px\" \/><\/figure><div class=\"wp-block-media-text__content\">\n<p class=\"has-medium-font-size wp-block-paragraph\">Fin ao\u00fbt, c&rsquo;est \u00e9galement la journ\u00e9e de la photographie. Il faudra donc lire un livre dont la couverture est une photo. On trouve diff\u00e9rents types de couverture, et c&rsquo;est souvent indiqu\u00e9 sur la quatri\u00e8me. Donbass fait partie du prix des lecteurs \u00e0 lire pour le mois d&rsquo;ao\u00fbt.<\/p>\n<\/div><\/div>\n\n\n\n<h2 class=\"wp-block-heading\">7. Un livre de litt\u00e9rature jeunesse ou Young adult<\/h2>\n\n\n\n<div class=\"wp-block-media-text alignwide is-stacked-on-mobile\" style=\"grid-template-columns:15% auto\"><figure class=\"wp-block-media-text__media\"><img loading=\"lazy\" decoding=\"async\" width=\"201\" height=\"330\" src=\"https:\/\/serialectrice.com\/wp-content\/uploads\/2021\/07\/inconnu.jpg\" alt=\"\" class=\"wp-image-2089 size-full\" srcset=\"https:\/\/serialectrice.com\/wp-content\/uploads\/2021\/07\/inconnu.jpg 201w, https:\/\/serialectrice.com\/wp-content\/uploads\/2021\/07\/inconnu-183x300.jpg 183w, https:\/\/serialectrice.com\/wp-content\/uploads\/2021\/07\/inconnu-91x150.jpg 91w\" sizes=\"auto, (max-width: 201px) 100vw, 201px\" \/><\/figure><div class=\"wp-block-media-text__content\">\n<p class=\"has-medium-font-size wp-block-paragraph\">Le 12 ao\u00fbt, c&rsquo;est la journ\u00e9e de la jeunesse. C&rsquo;est aussi celle des \u00e9l\u00e9phants, mais \u00e7a m&rsquo;inspirait moins \ud83d\ude42<\/p>\n<\/div><\/div>\n\n\n\n<h2 class=\"wp-block-heading\">8. Un livre dans lequel un personnage est porteur de handicap<\/h2>\n\n\n\n<div class=\"wp-block-media-text alignwide is-stacked-on-mobile\" style=\"grid-template-columns:15% auto\"><figure class=\"wp-block-media-text__media\"><img loading=\"lazy\" decoding=\"async\" width=\"201\" height=\"330\" src=\"https:\/\/serialectrice.com\/wp-content\/uploads\/2021\/07\/inconnu.jpg\" alt=\"\" class=\"wp-image-2089 size-full\" srcset=\"https:\/\/serialectrice.com\/wp-content\/uploads\/2021\/07\/inconnu.jpg 201w, https:\/\/serialectrice.com\/wp-content\/uploads\/2021\/07\/inconnu-183x300.jpg 183w, https:\/\/serialectrice.com\/wp-content\/uploads\/2021\/07\/inconnu-91x150.jpg 91w\" sizes=\"auto, (max-width: 201px) 100vw, 201px\" \/><\/figure><div class=\"wp-block-media-text__content\">\n<p class=\"has-medium-font-size wp-block-paragraph\">Fin ao\u00fbt d\u00e9buteront les jeux Paralympiques. C&rsquo;est l&rsquo;occasion pour mettre en avant un personnage porteur de handicap, quel qu&rsquo;il soit.<\/p>\n<\/div><\/div>\n\n\n\n<h2 class=\"wp-block-heading\">9. Un livre qui tourne autour du num\u00e9rique<\/h2>\n\n\n\n<div class=\"wp-block-media-text alignwide is-stacked-on-mobile\" style=\"grid-template-columns:15% auto\"><figure class=\"wp-block-media-text__media\"><img loading=\"lazy\" decoding=\"async\" width=\"255\" height=\"409\" src=\"https:\/\/serialectrice.com\/wp-content\/uploads\/2021\/07\/sauve-la-1357748.png\" alt=\"\" class=\"wp-image-2084 size-full\" srcset=\"https:\/\/serialectrice.com\/wp-content\/uploads\/2021\/07\/sauve-la-1357748.png 255w, https:\/\/serialectrice.com\/wp-content\/uploads\/2021\/07\/sauve-la-1357748-187x300.png 187w, https:\/\/serialectrice.com\/wp-content\/uploads\/2021\/07\/sauve-la-1357748-94x150.png 94w\" sizes=\"auto, (max-width: 255px) 100vw, 255px\" \/><\/figure><div class=\"wp-block-media-text__content\">\n<p class=\"has-medium-font-size wp-block-paragraph\">Le 31 ao\u00fbt, c&rsquo;est la journ\u00e9e du blog. Aussi, je vous invite \u00e0 trouver un livre dans lequel le num\u00e9rique a de l&rsquo;importance. Ordinateur, internet, t\u00e9l\u00e9phone, r\u00e9seaux sociaux, les sujets peuvent \u00eatre larges. Sauve-la est le troisi\u00e8me ouvrage \u00e0 lire dans le cadre du Prix des lecteurs.<\/p>\n<\/div><\/div>\n\n\n\n<h2 class=\"wp-block-heading\">10. Livre qui fait r\u00e9f\u00e9rence au jeu-vid\u00e9o<\/h2>\n\n\n\n<div class=\"wp-block-media-text alignwide is-stacked-on-mobile\" style=\"grid-template-columns:15% auto\"><figure class=\"wp-block-media-text__media\"><img loading=\"lazy\" decoding=\"async\" width=\"682\" height=\"1024\" src=\"https:\/\/serialectrice.com\/wp-content\/uploads\/2021\/07\/sorceleur-tome-1-le-dernier-voeu-1145727-1-682x1024.jpg\" alt=\"\" class=\"wp-image-2086 size-full\" srcset=\"https:\/\/serialectrice.com\/wp-content\/uploads\/2021\/07\/sorceleur-tome-1-le-dernier-voeu-1145727-1-682x1024.jpg 682w, https:\/\/serialectrice.com\/wp-content\/uploads\/2021\/07\/sorceleur-tome-1-le-dernier-voeu-1145727-1-200x300.jpg 200w, https:\/\/serialectrice.com\/wp-content\/uploads\/2021\/07\/sorceleur-tome-1-le-dernier-voeu-1145727-1-100x150.jpg 100w, https:\/\/serialectrice.com\/wp-content\/uploads\/2021\/07\/sorceleur-tome-1-le-dernier-voeu-1145727-1-768x1153.jpg 768w, https:\/\/serialectrice.com\/wp-content\/uploads\/2021\/07\/sorceleur-tome-1-le-dernier-voeu-1145727-1.jpg 838w\" sizes=\"auto, (max-width: 682px) 100vw, 682px\" \/><\/figure><div class=\"wp-block-media-text__content\">\n<p class=\"has-medium-font-size wp-block-paragraph\">Du 23 au 27 ao\u00fbt a lieu la Gamescom, Convention internationale du jeu vid\u00e9o. La r\u00e9f\u00e9rence au jeu vid\u00e9o peut \u00eatre dans le titre, la couverture, la quatri\u00e8me, un \u00e9l\u00e9ment dans le r\u00e9cit.  Je lirai le Sorceleur d&rsquo;Andrezj Sapkowski. Il rentre dans plusieurs de mes challenges : le challenge annuel avec un livre adapt\u00e9 en jeu vid\u00e9o, et il est \u00e0 lire pour le club de lecture du groupe Facebook. <\/p>\n<\/div><\/div>\n","protected":false},"excerpt":{"rendered":"<p>Nous voici au mois d&rsquo;ao\u00fbt ! Et qui nouveau mois, dit nouveau challenge litt\u00e9raire. Le mois dernier aura \u00e9t\u00e9 compliqu\u00e9 pour valider le challenge pr\u00e9c\u00e9dent. Je n&rsquo;aurais lu que 4 livres qui rentraient dans le d\u00e9fi car j&rsquo;ai eu de nombreux livres impos\u00e9s \u00e0 lire pour les jurys des Prix des lecteurs et des Nouvelles voix du polar.<\/p>\n","protected":false},"author":1,"featured_media":2093,"comment_status":"open","ping_status":"open","sticky":false,"template":"","format":"standard","meta":{"_crdt_document":"","om_disable_all_campaigns":false,"_uag_custom_page_level_css":"","_monsterinsights_skip_tracking":false,"_monsterinsights_sitenote_active":false,"_monsterinsights_sitenote_note":"","_monsterinsights_sitenote_category":0,"_uf_show_specific_survey":0,"_uf_disable_surveys":false,"_jetpack_memberships_contains_paid_content":false,"footnotes":"","jetpack_publicize_message":"Challenge Litt\u00e9raire _ Ao\u00fbt 2021\n\nNouveau mois, nouveau challenge ! Tu participes ?","jetpack_publicize_feature_enabled":true,"jetpack_social_post_already_shared":true,"jetpack_social_options":{"image_generator_settings":{"template":"highway","default_image_id":0,"font":"","enabled":false},"version":2}},"categories":[4],"tags":[8],"class_list":["post-2077","post","type-post","status-publish","format-standard","has-post-thumbnail","hentry","category-challenge","tag-challenge"],"aioseo_notices":[],"jetpack_publicize_connections":[],"jetpack_featured_media_url":"https:\/\/serialectrice.com\/wp-content\/uploads\/2021\/08\/Challenge-Litteraire9.png","uagb_featured_image_src":{"full":["https:\/\/serialectrice.com\/wp-content\/uploads\/2021\/08\/Challenge-Litteraire9.png",1716,993,false],"thumbnail":["https:\/\/serialectrice.com\/wp-content\/uploads\/2021\/08\/Challenge-Litteraire9-572x331.png",572,331,true],"medium":["https:\/\/serialectrice.com\/wp-content\/uploads\/2021\/08\/Challenge-Litteraire9-300x174.png",300,174,true],"medium_large":["https:\/\/serialectrice.com\/wp-content\/uploads\/2021\/08\/Challenge-Litteraire9-768x444.png",768,444,true],"large":["https:\/\/serialectrice.com\/wp-content\/uploads\/2021\/08\/Challenge-Litteraire9-1024x593.png",840,486,true],"post-slider-thumb-size":["https:\/\/serialectrice.com\/wp-content\/uploads\/2021\/08\/Challenge-Litteraire9.png",328,190,false],"post-category-slider-size":["https:\/\/serialectrice.com\/wp-content\/uploads\/2021\/08\/Challenge-Litteraire9.png",330,191,false],"1536x1536":["https:\/\/serialectrice.com\/wp-content\/uploads\/2021\/08\/Challenge-Litteraire9-1536x889.png",1536,889,true],"2048x2048":["https:\/\/serialectrice.com\/wp-content\/uploads\/2021\/08\/Challenge-Litteraire9.png",1716,993,false],"hello-fashion-slider":["https:\/\/serialectrice.com\/wp-content\/uploads\/2021\/08\/Challenge-Litteraire9.png",480,278,false],"hello-fashion-blog-three":["https:\/\/serialectrice.com\/wp-content\/uploads\/2021\/08\/Challenge-Litteraire9.png",420,243,false],"hello-fashion-blog-four":["https:\/\/serialectrice.com\/wp-content\/uploads\/2021\/08\/Challenge-Litteraire9.png",573,332,false],"vilva-slider-one":["https:\/\/serialectrice.com\/wp-content\/uploads\/2021\/08\/Challenge-Litteraire9.png",1037,600,false],"vilva-featured-four":["https:\/\/serialectrice.com\/wp-content\/uploads\/2021\/08\/Challenge-Litteraire9.png",800,463,false],"vilva-blog":["https:\/\/serialectrice.com\/wp-content\/uploads\/2021\/08\/Challenge-Litteraire9.png",420,243,false],"vilva-blog-one":["https:\/\/serialectrice.com\/wp-content\/uploads\/2021\/08\/Challenge-Litteraire9.png",864,500,false],"vilva-sidebar":["https:\/\/serialectrice.com\/wp-content\/uploads\/2021\/08\/Challenge-Litteraire9.png",817,473,false]},"uagb_author_info":{"display_name":"SeriaLectrice","author_link":"https:\/\/serialectrice.com\/index.php\/author\/cilounegmail-com\/"},"uagb_comment_info":7,"uagb_excerpt":"Nous voici au mois d'ao\u00fbt ! Et qui nouveau mois, dit nouveau challenge litt\u00e9raire. Le mois dernier aura \u00e9t\u00e9 compliqu\u00e9 pour valider le challenge pr\u00e9c\u00e9dent. Je n'aurais lu que 4 livres qui rentraient dans le d\u00e9fi car j'ai eu de nombreux livres impos\u00e9s \u00e0 lire pour les jurys des Prix des lecteurs et des Nouvelles\u2026","jetpack_sharing_enabled":true,"jetpack_likes_enabled":true,"_links":{"self":[{"href":"https:\/\/serialectrice.com\/index.php\/wp-json\/wp\/v2\/posts\/2077","targetHints":{"allow":["GET"]}}],"collection":[{"href":"https:\/\/serialectrice.com\/index.php\/wp-json\/wp\/v2\/posts"}],"about":[{"href":"https:\/\/serialectrice.com\/index.php\/wp-json\/wp\/v2\/types\/post"}],"author":[{"embeddable":true,"href":"https:\/\/serialectrice.com\/index.php\/wp-json\/wp\/v2\/users\/1"}],"replies":[{"embeddable":true,"href":"https:\/\/serialectrice.com\/index.php\/wp-json\/wp\/v2\/comments?post=2077"}],"version-history":[{"count":0,"href":"https:\/\/serialectrice.com\/index.php\/wp-json\/wp\/v2\/posts\/2077\/revisions"}],"wp:featuredmedia":[{"embeddable":true,"href":"https:\/\/serialectrice.com\/index.php\/wp-json\/wp\/v2\/media\/2093"}],"wp:attachment":[{"href":"https:\/\/serialectrice.com\/index.php\/wp-json\/wp\/v2\/media?parent=2077"}],"wp:term":[{"taxonomy":"category","embeddable":true,"href":"https:\/\/serialectrice.com\/index.php\/wp-json\/wp\/v2\/categories?post=2077"},{"taxonomy":"post_tag","embeddable":true,"href":"https:\/\/serialectrice.com\/index.php\/wp-json\/wp\/v2\/tags?post=2077"}],"curies":[{"name":"wp","href":"https:\/\/api.w.org\/{rel}","templated":true}]}}