{"id":1926,"date":"2021-06-18T10:41:43","date_gmt":"2021-06-18T08:41:43","guid":{"rendered":"https:\/\/serialectrice.com\/?p=1926"},"modified":"2024-09-25T09:39:49","modified_gmt":"2024-09-25T08:39:49","slug":"entre-deux-mondes-_-olivier-norek","status":"publish","type":"post","link":"https:\/\/serialectrice.com\/index.php\/2021\/06\/18\/entre-deux-mondes-_-olivier-norek\/","title":{"rendered":"Entre deux mondes _ Olivier Norek"},"content":{"rendered":"\n<div class=\"wp-block-image\"><figure class=\"alignleft size-large is-resized\"><img loading=\"lazy\" decoding=\"async\" src=\"https:\/\/serialectrice.com\/wp-content\/uploads\/2021\/06\/entre-deux-mondes-974813-637x1024.jpg\" alt=\"entre deux mondes\" class=\"wp-image-1927\" width=\"292\" height=\"469\" srcset=\"https:\/\/serialectrice.com\/wp-content\/uploads\/2021\/06\/entre-deux-mondes-974813-637x1024.jpg 637w, https:\/\/serialectrice.com\/wp-content\/uploads\/2021\/06\/entre-deux-mondes-974813-187x300.jpg 187w, https:\/\/serialectrice.com\/wp-content\/uploads\/2021\/06\/entre-deux-mondes-974813-93x150.jpg 93w, https:\/\/serialectrice.com\/wp-content\/uploads\/2021\/06\/entre-deux-mondes-974813.jpg 747w\" sizes=\"auto, (max-width: 292px) 100vw, 292px\" \/><\/figure><\/div>\n\n\n\n<h2 class=\"has-vivid-green-cyan-color has-text-color wp-block-heading\">R\u00e9sum\u00e9<\/h2>\n\n\n\n<p class=\"wp-block-paragraph\" style=\"font-size:18px\">Fuyant un r\u00e9gime sanguinaire et un pays en guerre, Adam a envoy\u00e9 sa femme Nora et sa fille Maya \u00e0 six mille kilom\u00e8tres de l\u00e0, dans un endroit o\u00f9 elles devraient l&rsquo;attendre en s\u00e9curit\u00e9. Il les rejoindra bient\u00f4t, et ils organiseront leur avenir. Mais arriv\u00e9 l\u00e0-bas, il ne les trouve pas. Ce qu&rsquo;il d\u00e9couvre, en revanche, c&rsquo;est un monde entre deux mondes pour damn\u00e9s de la Terre entre deux vies. Dans cet univers sans loi, aucune police n&rsquo;ose mettre les pieds. Un assassin va profiter de cette situation. <\/p>\n\n\n\n<p class=\"wp-block-paragraph\" style=\"font-size:18px\">D\u00e8s le premier crime, Adam d\u00e9cide d&rsquo;intervenir. Pourquoi ? Tout simplement parce qu&rsquo;il est flic, et que face \u00e0 l&rsquo;espoir qui s&rsquo;amenuise de revoir un jour Nora et Maya, cette enqu\u00eate est le seul moyen pour lui de ne pas devenir fou. <\/p>\n\n\n\n<p class=\"wp-block-paragraph\" style=\"font-size:18px\">Bastien est un policier fran\u00e7ais. Il conna\u00eet cette zone de non-droit et les terreurs qu&rsquo;elle engendre. Mais lorsque Adam, ce flic \u00e9tranger, lui demande son aide, le temps est venu pour lui d&rsquo;ouvrir les yeux sur la r\u00e9alit\u00e9 et de faire un choix, quitte \u00e0 se mettre en danger.<\/p>\n\n\n\n<h2 class=\"has-vivid-green-cyan-color has-text-color wp-block-heading\">Mon ressenti<\/h2>\n\n\n\n<h3 class=\"wp-block-heading\">Un roman bien trop proche de la r\u00e9alit\u00e9<\/h3>\n\n\n\n<p class=\"has-medium-font-size wp-block-paragraph\">Entre deux mondes d&rsquo;Olivier Norek m&rsquo;a \u00e9t\u00e9 conseill\u00e9 suite \u00e0 la lecture de<a href=\"https:\/\/serialectrice.com\/index.php\/2021\/05\/18\/surface-_-olivier-norek\/\"> Surface.<\/a><strong> Je dois avouer que je ne savais pas trop \u00e0 quoi m&rsquo;attendre<\/strong>. On m&rsquo;avait pr\u00e9venu qu&rsquo;il s&rsquo;agissait d&rsquo;un roman tr\u00e8s dur. Et c&rsquo;est en effet le cas. Ce qui est perturbant c&rsquo;est de savoir que<strong> ce roman d\u00e9crit une cruelle r\u00e9alit\u00e9. <\/strong>La r\u00e9alit\u00e9 des migrants qui ont rejoint la jungle de Calais, d\u00e9sormais d\u00e9mantel\u00e9e, mais imm\u00e9diatement reconstruite ailleurs.<\/p>\n\n\n\n<p class=\"has-medium-font-size wp-block-paragraph\">Au-del\u00e0 de l&rsquo;enqu\u00eate qui n&rsquo;en est pas vraiment une, nous entrons dans cet \u00ab\u00a0entre deux mondes\u00a0\u00bb. Calais. <a href=\"https:\/\/www.infomigrants.net\/fr\/post\/7110\/qu-est-ce-que-les-accords-du-touquet\">Suite aux accords du Touquet<\/a>, la fronti\u00e8re anglaise se situe \u00e0 Calais m\u00eame, l\u00e0 o\u00f9 la jungle a \u00e9t\u00e9 construite. Et l&rsquo;Angleterre est pr\u00eate \u00e0 payer cher, tr\u00e8s cher, pour que \u00e7a reste ainsi. Les derniers chiffres que j&rsquo;ai trouv\u00e9s s&rsquo;\u00e9levaient \u00e0 50 millions d&rsquo;euros. Car ainsi, l&rsquo;immigration est mieux contr\u00f4l\u00e9e. <strong>La Jungle est un entre deux mondes, oui<\/strong>. Entre la France et l&rsquo;Angleterre, un endroit o\u00f9 personne n&rsquo;est chez lui. <strong>L\u00e0-bas, tout est permis. La violence y est de mise, une extr\u00eame violence. Et la police n&rsquo;y intervient pas. <\/strong><\/p>\n\n\n\n<h6 class=\"has-text-align-center wp-block-heading\">&#8212;<\/h6>\n\n\n\n<p class=\"has-medium-font-size wp-block-paragraph\">En commen\u00e7ant par le p\u00e9riple des migrants qui fuient leur pays en guerre, Olivier Norek nous renvoie \u00e0 la r\u00e9alit\u00e9,<strong> ces hommes et ces femmes qui meurent noy\u00e9s<\/strong>, car ils partent trop nombreux, ou bien parce qu&rsquo;ils sont malades et risquent de contaminer tout le monde. On y d\u00e9couvre \u00e9galement <strong>le triste sort des nombreux enfants<\/strong>, qui deviennent soldats avant l&rsquo;heure, esclaves d&rsquo;un monde <strong>o\u00f9 aucune loi n&rsquo;existe<\/strong>. On apprend qu&rsquo;au milieu de la jungle, existe les \u00ab\u00a0Champs Elys\u00e9es\u00a0\u00bb, sorte de march\u00e9 o\u00f9 l\u2019on peut tout acheter.<\/p>\n\n\n\n<blockquote class=\"wp-block-quote is-layout-flow wp-block-quote-is-layout-flow\"><p>\u2013\u00a0Ici, sur votre gauche, c\u2019est la partie afghane. Au fond, la partie soudanaise. Le reste des nationalit\u00e9s satellisent en microvillages autour de ces deux ethnies principales. Et vous voyez, juste devant, cette sorte d\u2019avenue\u00a0? Ce sont les Champs-\u00c9lys\u00e9es. La rue commerciale, si vous pr\u00e9f\u00e9rez. Il para\u00eet qu\u2019on y trouve absolument tout, mais je ne m\u2019y suis pas trop aventur\u00e9. Comme je vous disais, on ne rentre jamais r\u00e9ellement dans la Jungle.<\/p><\/blockquote>\n\n\n\n<h6 class=\"has-text-align-center wp-block-heading\">&#8212;<\/h6>\n\n\n\n<p class=\"has-medium-font-size wp-block-paragraph\"><strong>Ce roman ne peut nous laisser indiff\u00e9rents<\/strong>. En effet, d\u00e8s le d\u00e9part l&rsquo;auteur nous avertit que face \u00e0 la violence de la r\u00e9alit\u00e9, il n&rsquo;a pas os\u00e9 inventer. Seule l&rsquo;enqu\u00eate a \u00e9t\u00e9 romanc\u00e9e, bas\u00e9e sur des faits r\u00e9els. L&rsquo;auteur, un ancien lieutenant de police judiciaire a \u00e9galement \u00e9t\u00e9 engag\u00e9 dans l&rsquo;humanitaire pendant la guerre en ex-Yougoslavie. <strong>Pour \u00e9crire son roman, il est all\u00e9 \u00e0 la rencontre des Calaisiens, des migrants eux-m\u00eames, de tous les b\u00e9n\u00e9voles humanitaires qui oeuvrent pour que les droits de l&rsquo;homme soient respect\u00e9s.<\/strong> Il ne peut nous laisser indiff\u00e9rents, nous qui vivons ais\u00e9ment, qui ne connaissons pas la guerre, l&rsquo;horreur et la mis\u00e8re. <strong>Nous qui ne pouvons nous mettre \u00e0 la place de ces personnes qui fuient leur pays et qui sont accueillies de la pire des mani\u00e8res.<\/strong><\/p>\n\n\n\n<p class=\"has-medium-font-size wp-block-paragraph\">Alors, oui, il y a <strong>une enqu\u00eate, mais celle-ci ne m&rsquo;a pas sp\u00e9cialement int\u00e9ress\u00e9e<\/strong>. Des hommes et femmes sont assassin\u00e9s en plein coeur de la jungle. Toujours le m\u00eame mode op\u00e9ratoire. <strong>J&rsquo;ai rapidement devin\u00e9 qui \u00e9tait le coupable et on ne peut l&rsquo;en bl\u00e2mer. <\/strong><\/p>\n\n\n\n<div class=\"wp-block-image\"><figure class=\"aligncenter size-large\"><img loading=\"lazy\" decoding=\"async\" width=\"1024\" height=\"1024\" src=\"https:\/\/serialectrice.com\/wp-content\/uploads\/2021\/06\/Sans-titre118-1024x1024.png\" alt=\"\" class=\"wp-image-1929\" srcset=\"https:\/\/serialectrice.com\/wp-content\/uploads\/2021\/06\/Sans-titre118-1024x1024.png 1024w, https:\/\/serialectrice.com\/wp-content\/uploads\/2021\/06\/Sans-titre118-300x300.png 300w, https:\/\/serialectrice.com\/wp-content\/uploads\/2021\/06\/Sans-titre118-150x150.png 150w, https:\/\/serialectrice.com\/wp-content\/uploads\/2021\/06\/Sans-titre118-768x768.png 768w, https:\/\/serialectrice.com\/wp-content\/uploads\/2021\/06\/Sans-titre118-100x100.png 100w, https:\/\/serialectrice.com\/wp-content\/uploads\/2021\/06\/Sans-titre118.png 1080w\" sizes=\"auto, (max-width: 1024px) 100vw, 1024px\" \/><\/figure><\/div>\n\n\n\n<p class=\"has-text-align-center has-medium-font-size wp-block-paragraph\"><em> J&rsquo;ai appr\u00e9ci\u00e9 ma lecture. Pas autant que je m&rsquo;y attendais. <strong>Peut-\u00eatre en attendais-je trop suite aux avis \u00e9logieux<\/strong> concernant le livre. Ici, ce n&rsquo;est pas tant la qualit\u00e9 d&rsquo;\u00e9criture ou du sc\u00e9nario qui nous marque. <strong>C&rsquo;est la terrible r\u00e9alit\u00e9 \u00e0 laquelle nous faisons face en parcourant ces lignes.<\/strong><\/em><\/p>\n\n\n<div class=\"wp-block-jetpack-rating-star\" style=\"text-align:center\" itemprop=\"reviewRating\" itemscope itemtype=\"http:\/\/schema.org\/Rating\"><p><span aria-hidden=\"true\">\u2b50<\/span><span aria-hidden=\"true\">\u2b50<\/span><span aria-hidden=\"true\">\u2b50<\/span><span aria-hidden=\"true\">\u2b50<\/span><\/p><span style=\"display: none;\" itemprop=\"worstRating\" content=\"0.5\"><span>\n<svg xmlns=\"http:\/\/www.w3.org\/2000\/svg\" width=\"24\" height=\"24\" viewBox=\"0 0 24 24\">\n\t<path class=\"\" fill=\"currentColor\" stroke=\"currentColor\" d=\"M12,17.3l6.2,3.7l-1.6-7L22,9.2l-7.2-0.6L12,2L9.2,8.6L2,9.2L7.5,14l-1.6,7L12,17.3z\" \/>\n<\/svg>\n<\/span>\n<span>\n<svg xmlns=\"http:\/\/www.w3.org\/2000\/svg\" width=\"24\" height=\"24\" viewBox=\"0 0 24 24\">\n\t<path class=\"\" fill=\"currentColor\" stroke=\"currentColor\" d=\"M12,17.3l6.2,3.7l-1.6-7L22,9.2l-7.2-0.6L12,2L9.2,8.6L2,9.2L7.5,14l-1.6,7L12,17.3z\" \/>\n<\/svg>\n<\/span><\/span><span style=\"display: none;\" ><span>\n<svg xmlns=\"http:\/\/www.w3.org\/2000\/svg\" width=\"24\" height=\"24\" viewBox=\"0 0 24 24\">\n\t<path class=\"\" fill=\"currentColor\" stroke=\"currentColor\" d=\"M12,17.3l6.2,3.7l-1.6-7L22,9.2l-7.2-0.6L12,2L9.2,8.6L2,9.2L7.5,14l-1.6,7L12,17.3z\" \/>\n<\/svg>\n<\/span>\n<span>\n<svg xmlns=\"http:\/\/www.w3.org\/2000\/svg\" width=\"24\" height=\"24\" viewBox=\"0 0 24 24\">\n\t<path class=\"\" fill=\"currentColor\" stroke=\"currentColor\" d=\"M12,17.3l6.2,3.7l-1.6-7L22,9.2l-7.2-0.6L12,2L9.2,8.6L2,9.2L7.5,14l-1.6,7L12,17.3z\" \/>\n<\/svg>\n<\/span><\/span><span style=\"display: none;\" ><span>\n<svg xmlns=\"http:\/\/www.w3.org\/2000\/svg\" width=\"24\" height=\"24\" viewBox=\"0 0 24 24\">\n\t<path class=\"\" fill=\"currentColor\" stroke=\"currentColor\" d=\"M12,17.3l6.2,3.7l-1.6-7L22,9.2l-7.2-0.6L12,2L9.2,8.6L2,9.2L7.5,14l-1.6,7L12,17.3z\" \/>\n<\/svg>\n<\/span>\n<span>\n<svg xmlns=\"http:\/\/www.w3.org\/2000\/svg\" width=\"24\" height=\"24\" viewBox=\"0 0 24 24\">\n\t<path class=\"\" fill=\"currentColor\" stroke=\"currentColor\" d=\"M12,17.3l6.2,3.7l-1.6-7L22,9.2l-7.2-0.6L12,2L9.2,8.6L2,9.2L7.5,14l-1.6,7L12,17.3z\" \/>\n<\/svg>\n<\/span><\/span><span style=\"display: none;\" ><span>\n<svg xmlns=\"http:\/\/www.w3.org\/2000\/svg\" width=\"24\" height=\"24\" viewBox=\"0 0 24 24\">\n\t<path class=\"\" fill=\"currentColor\" stroke=\"currentColor\" d=\"M12,17.3l6.2,3.7l-1.6-7L22,9.2l-7.2-0.6L12,2L9.2,8.6L2,9.2L7.5,14l-1.6,7L12,17.3z\" \/>\n<\/svg>\n<\/span>\n<span>\n<svg xmlns=\"http:\/\/www.w3.org\/2000\/svg\" width=\"24\" height=\"24\" viewBox=\"0 0 24 24\">\n\t<path class=\"\" fill=\"currentColor\" stroke=\"currentColor\" d=\"M12,17.3l6.2,3.7l-1.6-7L22,9.2l-7.2-0.6L12,2L9.2,8.6L2,9.2L7.5,14l-1.6,7L12,17.3z\" \/>\n<\/svg>\n<\/span><\/span><span style=\"display: none;\" itemprop=\"bestRating\" content=\"5\"><span>\n<svg xmlns=\"http:\/\/www.w3.org\/2000\/svg\" width=\"24\" height=\"24\" viewBox=\"0 0 24 24\">\n\t<path class=\"is-rating-unfilled\" fill=\"currentColor\" stroke=\"currentColor\" d=\"M12,17.3l6.2,3.7l-1.6-7L22,9.2l-7.2-0.6L12,2L9.2,8.6L2,9.2L7.5,14l-1.6,7L12,17.3z\" \/>\n<\/svg>\n<\/span>\n<span>\n<svg xmlns=\"http:\/\/www.w3.org\/2000\/svg\" width=\"24\" height=\"24\" viewBox=\"0 0 24 24\">\n\t<path class=\"is-rating-unfilled\" fill=\"currentColor\" stroke=\"currentColor\" d=\"M12,17.3l6.2,3.7l-1.6-7L22,9.2l-7.2-0.6L12,2L9.2,8.6L2,9.2L7.5,14l-1.6,7L12,17.3z\" \/>\n<\/svg>\n<\/span><\/span><span itemprop=\"ratingValue\" class=\"screen-reader-text\" content=\"4\">Note\u00a0: 4\u00a0sur 5.<\/span><\/div>\n\n\n<h2 class=\"has-vivid-green-cyan-color has-text-color wp-block-heading\">Mes challenges<\/h2>\n\n\n\n<p class=\"has-medium-font-size wp-block-paragraph\">Cette lecture m&rsquo;a permis de valider la cat\u00e9gorie 8 du <a href=\"https:\/\/serialectrice.com\/index.php\/2021\/06\/09\/challenge-litteraire-_-juin-2021\/\">challenge mensuel de Juin<\/a>. <strong>Une histoire qui se passe au bord de l&rsquo;eau.<\/strong><\/p>\n","protected":false},"excerpt":{"rendered":"<p>Fuyant un r\u00e9gime sanguinaire et un pays en guerre, Adam a envoy\u00e9 sa femme Nora et sa fille Maya \u00e0 six mille kilom\u00e8tres de l\u00e0, dans un endroit o\u00f9 elles devraient l&rsquo;attendre en s\u00e9curit\u00e9. <\/p>\n","protected":false},"author":1,"featured_media":1928,"comment_status":"open","ping_status":"open","sticky":false,"template":"","format":"standard","meta":{"_crdt_document":"","om_disable_all_campaigns":false,"_uag_custom_page_level_css":"","_monsterinsights_skip_tracking":false,"_monsterinsights_sitenote_active":false,"_monsterinsights_sitenote_note":"","_monsterinsights_sitenote_category":0,"_uf_show_specific_survey":0,"_uf_disable_surveys":false,"_jetpack_memberships_contains_paid_content":false,"footnotes":"","jetpack_publicize_message":"Entre deux mondes d'Olivier Norek nous plonge en pleine jungle. Celle de Calais. La r\u00e9alit\u00e9 est gla\u00e7ante. Un roman qui ne laisse pas indiff\u00e9rent.","jetpack_publicize_feature_enabled":true,"jetpack_social_post_already_shared":true,"jetpack_social_options":{"image_generator_settings":{"template":"highway","default_image_id":0,"font":"","enabled":false},"version":2}},"categories":[6],"tags":[706,24,105],"class_list":["post-1926","post","type-post","status-publish","format-standard","has-post-thumbnail","hentry","category-livres-lus","tag-olivier-norek","tag-policier","tag-societe"],"aioseo_notices":[],"jetpack_publicize_connections":[],"jetpack_featured_media_url":"https:\/\/serialectrice.com\/wp-content\/uploads\/2021\/06\/Sans-titre117.png","uagb_featured_image_src":{"full":["https:\/\/serialectrice.com\/wp-content\/uploads\/2021\/06\/Sans-titre117.png",1716,993,false],"thumbnail":["https:\/\/serialectrice.com\/wp-content\/uploads\/2021\/06\/Sans-titre117-572x331.png",572,331,true],"medium":["https:\/\/serialectrice.com\/wp-content\/uploads\/2021\/06\/Sans-titre117-300x174.png",300,174,true],"medium_large":["https:\/\/serialectrice.com\/wp-content\/uploads\/2021\/06\/Sans-titre117-768x444.png",768,444,true],"large":["https:\/\/serialectrice.com\/wp-content\/uploads\/2021\/06\/Sans-titre117-1024x593.png",840,486,true],"post-slider-thumb-size":["https:\/\/serialectrice.com\/wp-content\/uploads\/2021\/06\/Sans-titre117.png",328,190,false],"post-category-slider-size":["https:\/\/serialectrice.com\/wp-content\/uploads\/2021\/06\/Sans-titre117.png",330,191,false],"1536x1536":["https:\/\/serialectrice.com\/wp-content\/uploads\/2021\/06\/Sans-titre117-1536x889.png",1536,889,true],"2048x2048":["https:\/\/serialectrice.com\/wp-content\/uploads\/2021\/06\/Sans-titre117.png",1716,993,false],"hello-fashion-slider":["https:\/\/serialectrice.com\/wp-content\/uploads\/2021\/06\/Sans-titre117.png",480,278,false],"hello-fashion-blog-three":["https:\/\/serialectrice.com\/wp-content\/uploads\/2021\/06\/Sans-titre117.png",420,243,false],"hello-fashion-blog-four":["https:\/\/serialectrice.com\/wp-content\/uploads\/2021\/06\/Sans-titre117.png",573,332,false],"vilva-slider-one":["https:\/\/serialectrice.com\/wp-content\/uploads\/2021\/06\/Sans-titre117.png",1037,600,false],"vilva-featured-four":["https:\/\/serialectrice.com\/wp-content\/uploads\/2021\/06\/Sans-titre117.png",800,463,false],"vilva-blog":["https:\/\/serialectrice.com\/wp-content\/uploads\/2021\/06\/Sans-titre117.png",420,243,false],"vilva-blog-one":["https:\/\/serialectrice.com\/wp-content\/uploads\/2021\/06\/Sans-titre117.png",864,500,false],"vilva-sidebar":["https:\/\/serialectrice.com\/wp-content\/uploads\/2021\/06\/Sans-titre117.png",817,473,false]},"uagb_author_info":{"display_name":"SeriaLectrice","author_link":"https:\/\/serialectrice.com\/index.php\/author\/cilounegmail-com\/"},"uagb_comment_info":2,"uagb_excerpt":"Fuyant un r\u00e9gime sanguinaire et un pays en guerre, Adam a envoy\u00e9 sa femme Nora et sa fille Maya \u00e0 six mille kilom\u00e8tres de l\u00e0, dans un endroit o\u00f9 elles devraient l'attendre en s\u00e9curit\u00e9.","jetpack_sharing_enabled":true,"jetpack_likes_enabled":true,"_links":{"self":[{"href":"https:\/\/serialectrice.com\/index.php\/wp-json\/wp\/v2\/posts\/1926","targetHints":{"allow":["GET"]}}],"collection":[{"href":"https:\/\/serialectrice.com\/index.php\/wp-json\/wp\/v2\/posts"}],"about":[{"href":"https:\/\/serialectrice.com\/index.php\/wp-json\/wp\/v2\/types\/post"}],"author":[{"embeddable":true,"href":"https:\/\/serialectrice.com\/index.php\/wp-json\/wp\/v2\/users\/1"}],"replies":[{"embeddable":true,"href":"https:\/\/serialectrice.com\/index.php\/wp-json\/wp\/v2\/comments?post=1926"}],"version-history":[{"count":1,"href":"https:\/\/serialectrice.com\/index.php\/wp-json\/wp\/v2\/posts\/1926\/revisions"}],"predecessor-version":[{"id":5963,"href":"https:\/\/serialectrice.com\/index.php\/wp-json\/wp\/v2\/posts\/1926\/revisions\/5963"}],"wp:featuredmedia":[{"embeddable":true,"href":"https:\/\/serialectrice.com\/index.php\/wp-json\/wp\/v2\/media\/1928"}],"wp:attachment":[{"href":"https:\/\/serialectrice.com\/index.php\/wp-json\/wp\/v2\/media?parent=1926"}],"wp:term":[{"taxonomy":"category","embeddable":true,"href":"https:\/\/serialectrice.com\/index.php\/wp-json\/wp\/v2\/categories?post=1926"},{"taxonomy":"post_tag","embeddable":true,"href":"https:\/\/serialectrice.com\/index.php\/wp-json\/wp\/v2\/tags?post=1926"}],"curies":[{"name":"wp","href":"https:\/\/api.w.org\/{rel}","templated":true}]}}