{"id":1385,"date":"2021-03-07T15:52:00","date_gmt":"2021-03-07T13:52:00","guid":{"rendered":"http:\/\/serialectrice.com\/?p=1385"},"modified":"2021-04-18T16:13:47","modified_gmt":"2021-04-18T14:13:47","slug":"valentine-ou-la-belle-saison","status":"publish","type":"post","link":"https:\/\/serialectrice.com\/index.php\/2021\/03\/07\/valentine-ou-la-belle-saison\/","title":{"rendered":"Valentine ou la belle saison"},"content":{"rendered":"\n<div class=\"wp-block-image\"><figure class=\"alignleft size-large is-resized\"><img loading=\"lazy\" decoding=\"async\" src=\"https:\/\/serialectrice.com\/wp-content\/uploads\/2021\/03\/valentine.jpg\" alt=\"Valentine ou la belle saison\" class=\"wp-image-1386\" width=\"310\" height=\"466\" srcset=\"https:\/\/serialectrice.com\/wp-content\/uploads\/2021\/03\/valentine.jpg 210w, https:\/\/serialectrice.com\/wp-content\/uploads\/2021\/03\/valentine-200x300.jpg 200w, https:\/\/serialectrice.com\/wp-content\/uploads\/2021\/03\/valentine-100x150.jpg 100w\" sizes=\"auto, (max-width: 310px) 100vw, 310px\" \/><\/figure><\/div>\n\n\n\n<h2 class=\"has-vivid-green-cyan-color has-text-color wp-block-heading\">R\u00e9sum\u00e9<\/h2>\n\n\n\n<p class=\"wp-block-paragraph\"><span style=\"text-decoration: underline;\" class=\"underline\">Valentine ou la belle saison.<\/span><\/p>\n\n\n\n<p class=\"wp-block-paragraph\" style=\"font-size:18px\">A 48 ans et demi, divorc\u00e9e et sans autre travail que l&rsquo;\u00e9criture d&rsquo;un manuel sur la sexualit\u00e9 des ados, Valentine d\u00e9cide de s&rsquo;offrir une parenth\u00e8se loin de Paris, dans la vieille demeure familiale. L\u00e0-bas, entour\u00e9e de sa m\u00e8re Monette et du chat L\u00e9on, elle esp\u00e8re faire le point sur sa vie.<br>Mais \u00e0 la faveur d&rsquo;un grand m\u00e9nage, elle d\u00e9couvre une s\u00e9rie de photos de classe barbouill\u00e9es \u00e0 coups de marqueur noir. Ce myst\u00e8re la fait vaciller, et quand son fr\u00e8re Fred d\u00e9barque, avec son v\u00e9lo et ses \u00e9tats d&rsquo;\u00e2me, Valentine ne sait vraiment plus o\u00f9 elle en est.<br>Une seule chose lui semble \u00e9vident : elle est arriv\u00e9e au terme de la premi\u00e8re moiti\u00e9 de sa vie.<br>Il ne lui reste plus qu&rsquo;\u00e0 inventer &#8211; autrement et joyeusement &#8211; la seconde.<\/p>\n\n\n\n<h2 class=\"has-vivid-green-cyan-color has-text-color wp-block-heading\">Mon ressenti<\/h2>\n\n\n\n<h3 class=\"wp-block-heading\">Un roman plein de fra\u00eecheur<\/h3>\n\n\n\n<p class=\"has-medium-font-size wp-block-paragraph\">De nombreux adjectifs me viennent suite \u00e0 cette lecture tr\u00e8s agr\u00e9able. <strong>Fra\u00eeche, dynamique, douce, p\u00e9tillante<\/strong>. De nombreux adjectifs qui montrent \u00e0 quel point <strong>l&rsquo;autrice a su me toucher<\/strong> en tant que lectrice. Tout commence par Valentine qui d\u00e9cide de retourner voir sa m\u00e8re dans sa maison d&rsquo;enfance. Son fr\u00e8re, Fred, la rejoint rapidement. On d\u00e9couvre alors <strong>une relation fraternelle pleine d&rsquo;amour et de bienveillance<\/strong>. Nous d\u00e9couvrons rapidement que Valentine, divorc\u00e9e depuis une dizaine d&rsquo;ann\u00e9es, a d\u00e9velopp\u00e9 <strong>quelques troubles psychologiques<\/strong> et que son fr\u00e8re s&rsquo;en inqui\u00e8te. Sans pour autant entrer dans son intimit\u00e9, <strong>son fr\u00e8re est pr\u00e9sent alors que lui-m\u00eame traverse une p\u00e9riode compliqu\u00e9e dans son couple.<\/strong><\/p>\n\n\n\n<p class=\"has-medium-font-size wp-block-paragraph\">Le message que nous transmet l&rsquo;autrice est tr\u00e8s<strong> optimiste<\/strong>. Malgr\u00e9 sa l\u00e9g\u00e8ret\u00e9, elle aborde au travers de son roman des sujets plus grave comme <strong>le deuil, la culpabilit\u00e9, les cons\u00e9quences de nos actes pass\u00e9s et de ceux de nos parents.<\/strong><\/p>\n\n\n\n<h3 class=\"wp-block-heading\">Un roman familial<\/h3>\n\n\n\n<p class=\"has-medium-font-size wp-block-paragraph\">Lors de son retour dans la maison familiale, Valentine d\u00e9couvre de vieilles photos de classe. Sur certaines d&rsquo;entre elles, une personne a volontairement \u00e9t\u00e9 effac\u00e9e au feutre. Qui a donc bien pu faire \u00e7a ? Qui se cache donc derri\u00e8re ces gribouillages ? <strong>Rapidement, nous plongeons au coeur de secrets familiaux bien gard\u00e9s.<\/strong> <\/p>\n\n\n\n<p class=\"has-medium-font-size wp-block-paragraph\">Et de fil en aiguille Valentine et Fred seront confront\u00e9s \u00e0 de nouvelles probl\u00e9matiques.<strong> On pourrait alors craindre un roman trop profond et dramatique.<\/strong> Mais il n&rsquo;en est rien. L&rsquo;autrice a su apporter <strong>de l&rsquo;humour et de la gaiet\u00e9<\/strong> dans un roman qui aurait pu \u00eatre plombant.<\/p>\n\n\n\n<h6 class=\"has-text-align-center wp-block-heading\">(attention, spoiler)<\/h6>\n\n\n\n<p class=\"has-medium-font-size wp-block-paragraph\">Valentine se d\u00e9couvre une affection inconnue pour son fr\u00e8re et l&rsquo;attachement que Valentine a pour sa maman est tr\u00e8s fort. Si fort qu&rsquo;<strong>elle n&rsquo;a pas r\u00e9ellement su en faire le deuil<\/strong>, comme nous l&rsquo;apprenons quelques pages apr\u00e8s le d\u00e9but du roman. L&rsquo;autrice a r\u00e9alis\u00e9 un joli tour de magie car je pensais r\u00e9ellement que Monette, la maman, \u00e9tait toujours en vie. Nous apprenons peu apr\u00e8s que celle-ci est d\u00e9c\u00e9d\u00e9e peu de temps avant et que <strong>Valentine voit son fant\u00f4me<\/strong>. Loin des spectres et esprits malveillants, elle partage avec la vision de sa m\u00e8re des moments privil\u00e9gi\u00e9s qui lui permettent malgr\u00e9 tout d&rsquo;avancer et de progresser. <strong>Cette pr\u00e9sence spirituelle de la maman de Valentine donne un c\u00f4t\u00e9 tr\u00e8s po\u00e9tique et de la tendresse \u00e0 ce roman.<\/strong><\/p>\n\n\n\n<div class=\"wp-block-image\"><figure class=\"aligncenter size-large\"><img loading=\"lazy\" decoding=\"async\" width=\"1024\" height=\"593\" src=\"https:\/\/serialectrice.com\/wp-content\/uploads\/2021\/03\/valentine-pres-1024x593.png\" alt=\"Valentine ou la belle saison\" class=\"wp-image-1394\" srcset=\"https:\/\/serialectrice.com\/wp-content\/uploads\/2021\/03\/valentine-pres-1024x593.png 1024w, https:\/\/serialectrice.com\/wp-content\/uploads\/2021\/03\/valentine-pres-300x174.png 300w, https:\/\/serialectrice.com\/wp-content\/uploads\/2021\/03\/valentine-pres-150x87.png 150w, https:\/\/serialectrice.com\/wp-content\/uploads\/2021\/03\/valentine-pres-768x445.png 768w, https:\/\/serialectrice.com\/wp-content\/uploads\/2021\/03\/valentine-pres-1536x890.png 1536w, https:\/\/serialectrice.com\/wp-content\/uploads\/2021\/03\/valentine-pres.png 1611w\" sizes=\"auto, (max-width: 1024px) 100vw, 1024px\" \/><\/figure><\/div>\n\n\n\n<p class=\"has-text-align-center has-medium-font-size wp-block-paragraph\">C&rsquo;est donc <strong>une lecture tr\u00e8s rafra\u00eechissante et originale<\/strong> que nous propose Anne-Laure Bondoux. Je d\u00e9couvre cette autrice et lirai avec plaisir ces autres ouvrages. <\/p>\n\n\n<div class=\"wp-block-jetpack-rating-star\" style=\"text-align:center\" itemprop=\"reviewRating\" itemscope itemtype=\"http:\/\/schema.org\/Rating\"><p><span aria-hidden=\"true\">\u2b50<\/span><span aria-hidden=\"true\">\u2b50<\/span><span aria-hidden=\"true\">\u2b50<\/span><span aria-hidden=\"true\">\u2b50<\/span><\/p><span style=\"display: none;\" itemprop=\"worstRating\" content=\"0.5\"><span>\n<svg xmlns=\"http:\/\/www.w3.org\/2000\/svg\" width=\"24\" height=\"24\" viewBox=\"0 0 24 24\">\n\t<path class=\"\" fill=\"currentColor\" stroke=\"currentColor\" d=\"M12,17.3l6.2,3.7l-1.6-7L22,9.2l-7.2-0.6L12,2L9.2,8.6L2,9.2L7.5,14l-1.6,7L12,17.3z\" \/>\n<\/svg>\n<\/span>\n<span>\n<svg xmlns=\"http:\/\/www.w3.org\/2000\/svg\" width=\"24\" height=\"24\" viewBox=\"0 0 24 24\">\n\t<path class=\"\" fill=\"currentColor\" stroke=\"currentColor\" d=\"M12,17.3l6.2,3.7l-1.6-7L22,9.2l-7.2-0.6L12,2L9.2,8.6L2,9.2L7.5,14l-1.6,7L12,17.3z\" \/>\n<\/svg>\n<\/span><\/span><span style=\"display: none;\" ><span>\n<svg xmlns=\"http:\/\/www.w3.org\/2000\/svg\" width=\"24\" height=\"24\" viewBox=\"0 0 24 24\">\n\t<path class=\"\" fill=\"currentColor\" stroke=\"currentColor\" d=\"M12,17.3l6.2,3.7l-1.6-7L22,9.2l-7.2-0.6L12,2L9.2,8.6L2,9.2L7.5,14l-1.6,7L12,17.3z\" \/>\n<\/svg>\n<\/span>\n<span>\n<svg xmlns=\"http:\/\/www.w3.org\/2000\/svg\" width=\"24\" height=\"24\" viewBox=\"0 0 24 24\">\n\t<path class=\"\" fill=\"currentColor\" stroke=\"currentColor\" d=\"M12,17.3l6.2,3.7l-1.6-7L22,9.2l-7.2-0.6L12,2L9.2,8.6L2,9.2L7.5,14l-1.6,7L12,17.3z\" \/>\n<\/svg>\n<\/span><\/span><span style=\"display: none;\" ><span>\n<svg xmlns=\"http:\/\/www.w3.org\/2000\/svg\" width=\"24\" height=\"24\" viewBox=\"0 0 24 24\">\n\t<path class=\"\" fill=\"currentColor\" stroke=\"currentColor\" d=\"M12,17.3l6.2,3.7l-1.6-7L22,9.2l-7.2-0.6L12,2L9.2,8.6L2,9.2L7.5,14l-1.6,7L12,17.3z\" \/>\n<\/svg>\n<\/span>\n<span>\n<svg xmlns=\"http:\/\/www.w3.org\/2000\/svg\" width=\"24\" height=\"24\" viewBox=\"0 0 24 24\">\n\t<path class=\"\" fill=\"currentColor\" stroke=\"currentColor\" d=\"M12,17.3l6.2,3.7l-1.6-7L22,9.2l-7.2-0.6L12,2L9.2,8.6L2,9.2L7.5,14l-1.6,7L12,17.3z\" \/>\n<\/svg>\n<\/span><\/span><span style=\"display: none;\" ><span>\n<svg xmlns=\"http:\/\/www.w3.org\/2000\/svg\" width=\"24\" height=\"24\" viewBox=\"0 0 24 24\">\n\t<path class=\"\" fill=\"currentColor\" stroke=\"currentColor\" d=\"M12,17.3l6.2,3.7l-1.6-7L22,9.2l-7.2-0.6L12,2L9.2,8.6L2,9.2L7.5,14l-1.6,7L12,17.3z\" \/>\n<\/svg>\n<\/span>\n<span>\n<svg xmlns=\"http:\/\/www.w3.org\/2000\/svg\" width=\"24\" height=\"24\" viewBox=\"0 0 24 24\">\n\t<path class=\"\" fill=\"currentColor\" stroke=\"currentColor\" d=\"M12,17.3l6.2,3.7l-1.6-7L22,9.2l-7.2-0.6L12,2L9.2,8.6L2,9.2L7.5,14l-1.6,7L12,17.3z\" \/>\n<\/svg>\n<\/span><\/span><span style=\"display: none;\" itemprop=\"bestRating\" content=\"5\"><span>\n<svg xmlns=\"http:\/\/www.w3.org\/2000\/svg\" width=\"24\" height=\"24\" viewBox=\"0 0 24 24\">\n\t<path class=\"is-rating-unfilled\" fill=\"currentColor\" stroke=\"currentColor\" d=\"M12,17.3l6.2,3.7l-1.6-7L22,9.2l-7.2-0.6L12,2L9.2,8.6L2,9.2L7.5,14l-1.6,7L12,17.3z\" \/>\n<\/svg>\n<\/span>\n<span>\n<svg xmlns=\"http:\/\/www.w3.org\/2000\/svg\" width=\"24\" height=\"24\" viewBox=\"0 0 24 24\">\n\t<path class=\"is-rating-unfilled\" fill=\"currentColor\" stroke=\"currentColor\" d=\"M12,17.3l6.2,3.7l-1.6-7L22,9.2l-7.2-0.6L12,2L9.2,8.6L2,9.2L7.5,14l-1.6,7L12,17.3z\" \/>\n<\/svg>\n<\/span><\/span><span itemprop=\"ratingValue\" class=\"screen-reader-text\" content=\"4\">Note\u00a0: 4\u00a0sur 5.<\/span><\/div>\n\n\n<h2 class=\"has-vivid-green-cyan-color has-text-color wp-block-heading\">Mes challenges<\/h2>\n\n\n\n<p class=\"has-medium-font-size wp-block-paragraph\">J&rsquo;ai lu ce livre dans le cadre du <a href=\"https:\/\/serialectrice.com\/index.php\/2021\/02\/03\/challenge-litteraire-_-fevrier-2021\/\">challenge de F\u00e9vrier<\/a>. <strong>Livre dans lequel un des personnages s&rsquo;appelle Valentin(e).<\/strong><\/p>\n\n\n\n<p class=\"has-medium-font-size wp-block-paragraph\">J&rsquo;ai \u00e9galement valid\u00e9 la cat\u00e9gorie 74 du challenge annuel. <strong>Couverture dont la couleur principale est votre couleur pr\u00e9f\u00e9r\u00e9e.<\/strong><\/p>\n\n\n\n<h6 class=\"has-text-align-center wp-block-heading\">&#8212;<\/h6>\n\n\n\n<h2 class=\"has-text-align-center wp-block-heading\"><strong><em>Avez-vous d\u00e9j\u00e0 lu ce roman ou un livre d&rsquo;<a href=\"https:\/\/bondoux.jimdofree.com\/\">Anne-Laure Bondoux<\/a> ? Lequel me recommanderiez-vous<\/em> ?<\/strong><\/h2>\n\n\n\n<h6 class=\"has-text-align-center wp-block-heading\">&#8212;<\/h6>\n","protected":false},"excerpt":{"rendered":"<p>A 48 ans et demi, divorc\u00e9e et sans autre travail que l&rsquo;\u00e9criture d&rsquo;un manuel sur la sexualit\u00e9 des ados, Valentine d\u00e9cide de s&rsquo;offrir une parenth\u00e8se loin de Paris, dans la vieille demeure familiale. L\u00e0-bas, entour\u00e9e de sa m\u00e8re Monette et du chat L\u00e9on, elle esp\u00e8re faire le point sur sa vie.<br \/>\nMais \u00e0 la faveur d&rsquo;un grand m\u00e9nage, elle d\u00e9couvre une s\u00e9rie de photos de classe barbouill\u00e9es \u00e0 coups de marqueur noir. Ce myst\u00e8re la fait vaciller, et quand son fr\u00e8re Fred d\u00e9barque, avec son v\u00e9lo et ses \u00e9tats d&rsquo;\u00e2me, Valentine ne sait vraiment plus o\u00f9 elle en est.<br \/>\nUne seule chose lui semble \u00e9vident : elle est arriv\u00e9e au terme de la premi\u00e8re moiti\u00e9 de sa vie.<br \/>\nIl ne lui reste plus qu&rsquo;\u00e0 inventer &#8211; autrement et joyeusement &#8211; la seconde.<\/p>\n","protected":false},"author":1,"featured_media":1400,"comment_status":"open","ping_status":"open","sticky":false,"template":"","format":"standard","meta":{"_crdt_document":"","om_disable_all_campaigns":false,"_uag_custom_page_level_css":"","_monsterinsights_skip_tracking":false,"_monsterinsights_sitenote_active":false,"_monsterinsights_sitenote_note":"","_monsterinsights_sitenote_category":0,"_uf_show_specific_survey":0,"_uf_disable_surveys":false,"_jetpack_memberships_contains_paid_content":false,"footnotes":"","jetpack_publicize_message":"Valentine ou la belle saison, un roman plein de tendresse et de bienveillance. Un roman \u00e0 mettre dans toutes les mains.","jetpack_publicize_feature_enabled":true,"jetpack_social_post_already_shared":true,"jetpack_social_options":{"image_generator_settings":{"template":"highway","default_image_id":0,"font":"","enabled":false},"version":2}},"categories":[6],"tags":[8,27],"class_list":["post-1385","post","type-post","status-publish","format-standard","has-post-thumbnail","hentry","category-livres-lus","tag-challenge","tag-roman"],"aioseo_notices":[],"jetpack_publicize_connections":[],"jetpack_featured_media_url":"https:\/\/serialectrice.com\/wp-content\/uploads\/2021\/03\/valentine-pres-note.png","uagb_featured_image_src":{"full":["https:\/\/serialectrice.com\/wp-content\/uploads\/2021\/03\/valentine-pres-note.png",1611,933,false],"thumbnail":["https:\/\/serialectrice.com\/wp-content\/uploads\/2021\/03\/valentine-pres-note-572x331.png",572,331,true],"medium":["https:\/\/serialectrice.com\/wp-content\/uploads\/2021\/03\/valentine-pres-note-300x174.png",300,174,true],"medium_large":["https:\/\/serialectrice.com\/wp-content\/uploads\/2021\/03\/valentine-pres-note-768x445.png",768,445,true],"large":["https:\/\/serialectrice.com\/wp-content\/uploads\/2021\/03\/valentine-pres-note-1024x593.png",840,486,true],"post-slider-thumb-size":["https:\/\/serialectrice.com\/wp-content\/uploads\/2021\/03\/valentine-pres-note.png",328,190,false],"post-category-slider-size":["https:\/\/serialectrice.com\/wp-content\/uploads\/2021\/03\/valentine-pres-note.png",330,191,false],"1536x1536":["https:\/\/serialectrice.com\/wp-content\/uploads\/2021\/03\/valentine-pres-note-1536x890.png",1536,890,true],"2048x2048":["https:\/\/serialectrice.com\/wp-content\/uploads\/2021\/03\/valentine-pres-note.png",1611,933,false],"hello-fashion-slider":["https:\/\/serialectrice.com\/wp-content\/uploads\/2021\/03\/valentine-pres-note.png",480,278,false],"hello-fashion-blog-three":["https:\/\/serialectrice.com\/wp-content\/uploads\/2021\/03\/valentine-pres-note.png",420,243,false],"hello-fashion-blog-four":["https:\/\/serialectrice.com\/wp-content\/uploads\/2021\/03\/valentine-pres-note.png",573,332,false],"vilva-slider-one":["https:\/\/serialectrice.com\/wp-content\/uploads\/2021\/03\/valentine-pres-note.png",1036,600,false],"vilva-featured-four":["https:\/\/serialectrice.com\/wp-content\/uploads\/2021\/03\/valentine-pres-note.png",800,463,false],"vilva-blog":["https:\/\/serialectrice.com\/wp-content\/uploads\/2021\/03\/valentine-pres-note.png",420,243,false],"vilva-blog-one":["https:\/\/serialectrice.com\/wp-content\/uploads\/2021\/03\/valentine-pres-note.png",863,500,false],"vilva-sidebar":["https:\/\/serialectrice.com\/wp-content\/uploads\/2021\/03\/valentine-pres-note.png",817,473,false]},"uagb_author_info":{"display_name":"SeriaLectrice","author_link":"https:\/\/serialectrice.com\/index.php\/author\/cilounegmail-com\/"},"uagb_comment_info":0,"uagb_excerpt":"A 48 ans et demi, divorc\u00e9e et sans autre travail que l'\u00e9criture d'un manuel sur la sexualit\u00e9 des ados, Valentine d\u00e9cide de s'offrir une parenth\u00e8se loin de Paris, dans la vieille demeure familiale. L\u00e0-bas, entour\u00e9e de sa m\u00e8re Monette et du chat L\u00e9on, elle esp\u00e8re faire le point sur sa vie. Mais \u00e0 la faveur\u2026","jetpack_sharing_enabled":true,"jetpack_likes_enabled":true,"_links":{"self":[{"href":"https:\/\/serialectrice.com\/index.php\/wp-json\/wp\/v2\/posts\/1385","targetHints":{"allow":["GET"]}}],"collection":[{"href":"https:\/\/serialectrice.com\/index.php\/wp-json\/wp\/v2\/posts"}],"about":[{"href":"https:\/\/serialectrice.com\/index.php\/wp-json\/wp\/v2\/types\/post"}],"author":[{"embeddable":true,"href":"https:\/\/serialectrice.com\/index.php\/wp-json\/wp\/v2\/users\/1"}],"replies":[{"embeddable":true,"href":"https:\/\/serialectrice.com\/index.php\/wp-json\/wp\/v2\/comments?post=1385"}],"version-history":[{"count":0,"href":"https:\/\/serialectrice.com\/index.php\/wp-json\/wp\/v2\/posts\/1385\/revisions"}],"wp:featuredmedia":[{"embeddable":true,"href":"https:\/\/serialectrice.com\/index.php\/wp-json\/wp\/v2\/media\/1400"}],"wp:attachment":[{"href":"https:\/\/serialectrice.com\/index.php\/wp-json\/wp\/v2\/media?parent=1385"}],"wp:term":[{"taxonomy":"category","embeddable":true,"href":"https:\/\/serialectrice.com\/index.php\/wp-json\/wp\/v2\/categories?post=1385"},{"taxonomy":"post_tag","embeddable":true,"href":"https:\/\/serialectrice.com\/index.php\/wp-json\/wp\/v2\/tags?post=1385"}],"curies":[{"name":"wp","href":"https:\/\/api.w.org\/{rel}","templated":true}]}}