{"id":1178,"date":"2021-02-18T21:58:46","date_gmt":"2021-02-18T19:58:46","guid":{"rendered":"http:\/\/serialectrice.com\/?p=1178"},"modified":"2021-04-18T16:16:50","modified_gmt":"2021-04-18T14:16:50","slug":"dernier-ete-pour-lisa-_-valentin-musso","status":"publish","type":"post","link":"https:\/\/serialectrice.com\/index.php\/2021\/02\/18\/dernier-ete-pour-lisa-_-valentin-musso\/","title":{"rendered":"Dernier \u00e9t\u00e9 pour Lisa _ Valentin Musso"},"content":{"rendered":"\n<div class=\"wp-block-media-text alignwide is-stacked-on-mobile is-vertically-aligned-top\"><figure class=\"wp-block-media-text__media\"><img loading=\"lazy\" decoding=\"async\" width=\"217\" height=\"330\" src=\"https:\/\/serialectrice.com\/wp-content\/uploads\/2021\/02\/dernier-ete-pour-lis-1.jpg\" alt=\"\" class=\"wp-image-1179 size-full\" srcset=\"https:\/\/serialectrice.com\/wp-content\/uploads\/2021\/02\/dernier-ete-pour-lis-1.jpg 217w, https:\/\/serialectrice.com\/wp-content\/uploads\/2021\/02\/dernier-ete-pour-lis-1-99x150.jpg 99w, https:\/\/serialectrice.com\/wp-content\/uploads\/2021\/02\/dernier-ete-pour-lis-1-197x300.jpg 197w\" sizes=\"auto, (max-width: 217px) 100vw, 217px\" \/><\/figure><div class=\"wp-block-media-text__content\">\n<h2 class=\"has-vivid-green-cyan-color has-text-color wp-block-heading\">R\u00e9sum\u00e9<\/h2>\n\n\n\n<p class=\"wp-block-paragraph\"><span style=\"text-decoration: underline;\">Dernier \u00e9t\u00e9 pour Lisa<\/span><\/p>\n\n\n\n<p class=\"wp-block-paragraph\">On les appelle \u00ab les Ins\u00e9parables \u00bb : Lisa, Nick et Ethan, trois adolescents qui grandissent ensemble pr\u00e8s du lac Michigan, dans une bourgade du Wisconsin. \u00c0 la fin de l\u2019\u00e9t\u00e9 2004, leur paisible existence vole en \u00e9clats : Lisa est retrouv\u00e9e assassin\u00e9e sur la plage. Apr\u00e8s une enqu\u00eate b\u00e2cl\u00e9e, Ethan, son petit ami, est arr\u00eat\u00e9 et condamn\u00e9 \u00e0 la prison \u00e0 vie.<\/p>\n\n\n\n<p class=\"wp-block-paragraph\">Douze ans plus tard, install\u00e9 \u00e0 New York, Nick est devenu un \u00e9crivain \u00e0 succ\u00e8s. Mais les fant\u00f4mes du pass\u00e9 ne sont pas pr\u00e8s de le laisser en paix : contre toute attente, Ethan vient d\u2019\u00eatre remis en libert\u00e9. De retour dans sa ville natale, Nick va devoir affronter l\u2019hostilit\u00e9 des habitants, toujours convaincus de la culpabilit\u00e9 de son ami. Pour innocenter d\u00e9finitivement son ami et parvenir \u00e0 se reconstruire, il n\u2019aura d\u2019autre choix que de faire la lumi\u00e8re sur la mort de Lisa et de retrouver le v\u00e9ritable meurtrier.<\/p>\n<\/div><\/div>\n\n\n\n<h2 class=\"has-vivid-green-cyan-color has-text-color wp-block-heading\">Mon ressenti<\/h2>\n\n\n\n<h3 class=\"wp-block-heading\">Thriller sans en \u00eatre un<\/h3>\n\n\n\n<p class=\"wp-block-paragraph\">Autant, j&rsquo;ai vraiment appr\u00e9ci\u00e9 ma lecture, autant je reste dubitative quant \u00e0 son genre annonc\u00e9 : le thriller. <strong>Je n&rsquo;ai pas trouv\u00e9 ma lecture palpitante ni angoissante<\/strong>. Je l&rsquo;aurais plut\u00f4t class\u00e9 dans le genre policier, m\u00eame si la police n&rsquo;entre pas vraiment en jeu dans l&rsquo;histoire.<strong> En effet, il s&rsquo;agit plut\u00f4t d&rsquo;une enqu\u00eate. Une enqu\u00eate personnelle. <\/strong><\/p>\n\n\n\n<p class=\"wp-block-paragraph\">Nick, romancier \u00e0 succ\u00e8s sur la sellette, a perdu sa meilleure amie il y a douze ans. Assassin\u00e9e. Le meurtrier a vite \u00e9t\u00e9 trouv\u00e9, trop vite peut-\u00eatre. Son petit ami, col\u00e9rique et jaloux. Le parfait coupable en somme. Mais une d\u00e9cennie plus tard il est remis en libert\u00e9 pour vice de proc\u00e9dure.<strong> Et Nick est persuad\u00e9 de son innocence et va donc se lancer \u00e0 la recherche du v\u00e9ritable meurtrier de sa tr\u00e8s ch\u00e8re amie.<\/strong><\/p>\n\n\n\n<p class=\"wp-block-paragraph\">Certes, ce livre n&rsquo;a pas le suspens ou l&rsquo;angoisse d&rsquo;un thriller haletant. Mais<strong>, il nous offre de nombreux rebondissements, et de jolies surprises. <\/strong>D\u00e8s le d\u00e9but, j&rsquo;ai cru avoir trouv\u00e9 le coupable. En arrivant vers la fin, mon intuition semblait \u00eatre bonne jusqu&rsquo;au dernier rebondissement, qui a mis en branle mes convictions. Je n&rsquo;ai jamais \u00e9t\u00e9 dou\u00e9e pour d\u00e9couvrir la v\u00e9rit\u00e9, les auteurs ont l&rsquo;esprit trop tordu pour moi. <strong>Pour finir, le final m&rsquo;a vraiment laiss\u00e9e sans voix. L&rsquo;auteur avait vraiment une parfaite ma\u00eetrise de son sc\u00e9nario.<\/strong><\/p>\n\n\n\n<h3 class=\"wp-block-heading\">Un air de d\u00e9j\u00e0-vu<\/h3>\n\n\n\n<p class=\"wp-block-paragraph\">M\u00eame si j&rsquo;ai vraiment appr\u00e9ci\u00e9 ma lecture, un petit d\u00e9tail m&rsquo;a agac\u00e9e tout le long. D\u00e8s le d\u00e9but, <strong>j&rsquo;avais comme l&rsquo;impression d&rsquo;avoir d\u00e9j\u00e0 lu ce livre<\/strong>. Ca n&rsquo;aurait pas \u00e9t\u00e9 la premi\u00e8re fois, mais l\u00e0, ce roman est assez r\u00e9cent et je n&rsquo;ai lu qu&rsquo;un seul Valentin Musso avant celui-ci. <\/p>\n\n\n\n<p class=\"wp-block-paragraph\">Un romancier qui semble s&rsquo;\u00eatre servi du drame de sa vie pour \u00e9crire un best-seller. Un \u00e9crivain qui peine d\u00e9sormais \u00e0 vendre ses nouveaux livres. Un auteur qui revient sur les terres de son enfance pour le d\u00e9c\u00e8s de son p\u00e8re et qui s&rsquo;improvise enqu\u00eateur. Et qui cherche \u00e0 disculper le meurtrier, qu&rsquo;il pense innocent. Tous ces d\u00e9tails me donnaient vraiment l&rsquo;impression d&rsquo;avoir d\u00e9j\u00e0 lu quelque chose de similaire. Et c&rsquo;est en lisant l&rsquo;avis d&rsquo;une lectrice du groupe La t\u00eate dans les Livres que j&rsquo;ai compris. Ce roman m&rsquo;a fait repenser \u00e0 <a href=\"https:\/\/serialectrice.com\/index.php\/2020\/08\/05\/la-verite-sur-laffaire-harry-quebert-_-joel-dicker\/\">La v\u00e9rit\u00e9 sur l&rsquo;affaire Harry Qu\u00e9bert<\/a>. Le synopsys est quasiment le m\u00eame.<strong> Nous retrouvons cet \u00e9crivain qui revient sur sa terre natale pour enqu\u00eater et disculper un de ses amis. Cet \u00e9crivain qui s&rsquo;est servi d&rsquo;un meurtre pour se faire une notori\u00e9t\u00e9 et qui a d\u00e9sormais du mal \u00e0 \u00e9crire une ligne.  <\/strong><\/p>\n\n\n\n<p class=\"wp-block-paragraph\">Ca m&rsquo;a tout de m\u00eame laiss\u00e9 un go\u00fbt amer car la ressemblance entre les deux livres est tr\u00e8s forte quand on y regarde de plus pr\u00e8s. Les flash-backs, les personnages, l&rsquo;enqu\u00eate. <strong>Tout se ressemble. <\/strong>Et, m\u00eame si ma lecture fut agr\u00e9able, celle de Joel Dicker est bien meilleure.<\/p>\n\n\n\n<p class=\"has-text-align-center wp-block-paragraph\"><em>Ce fut donc une lecture agr\u00e9able. <strong>C&rsquo;est un roman qui se lit vite et ais\u00e9ment<\/strong>. Je regrette cependant sa ressemblance trop forte avec un autre roman \u00e0 succ\u00e8s.<\/em><\/p>\n\n\n<div class=\"wp-block-jetpack-rating-star\" style=\"text-align:center\" itemprop=\"reviewRating\" itemscope itemtype=\"http:\/\/schema.org\/Rating\"><p><span aria-hidden=\"true\">\u2b50<\/span><span aria-hidden=\"true\">\u2b50<\/span><span aria-hidden=\"true\">\u2b50<\/span><span aria-hidden=\"true\">\u2b50<\/span><\/p><span style=\"display: none;\" itemprop=\"worstRating\" content=\"0.5\"><span>\n<svg xmlns=\"http:\/\/www.w3.org\/2000\/svg\" width=\"24\" height=\"24\" viewBox=\"0 0 24 24\">\n\t<path class=\"\" fill=\"currentColor\" stroke=\"currentColor\" d=\"M12,17.3l6.2,3.7l-1.6-7L22,9.2l-7.2-0.6L12,2L9.2,8.6L2,9.2L7.5,14l-1.6,7L12,17.3z\" \/>\n<\/svg>\n<\/span>\n<span>\n<svg xmlns=\"http:\/\/www.w3.org\/2000\/svg\" width=\"24\" height=\"24\" viewBox=\"0 0 24 24\">\n\t<path class=\"\" fill=\"currentColor\" stroke=\"currentColor\" d=\"M12,17.3l6.2,3.7l-1.6-7L22,9.2l-7.2-0.6L12,2L9.2,8.6L2,9.2L7.5,14l-1.6,7L12,17.3z\" \/>\n<\/svg>\n<\/span><\/span><span style=\"display: none;\" ><span>\n<svg xmlns=\"http:\/\/www.w3.org\/2000\/svg\" width=\"24\" height=\"24\" viewBox=\"0 0 24 24\">\n\t<path class=\"\" fill=\"currentColor\" stroke=\"currentColor\" d=\"M12,17.3l6.2,3.7l-1.6-7L22,9.2l-7.2-0.6L12,2L9.2,8.6L2,9.2L7.5,14l-1.6,7L12,17.3z\" \/>\n<\/svg>\n<\/span>\n<span>\n<svg xmlns=\"http:\/\/www.w3.org\/2000\/svg\" width=\"24\" height=\"24\" viewBox=\"0 0 24 24\">\n\t<path class=\"\" fill=\"currentColor\" stroke=\"currentColor\" d=\"M12,17.3l6.2,3.7l-1.6-7L22,9.2l-7.2-0.6L12,2L9.2,8.6L2,9.2L7.5,14l-1.6,7L12,17.3z\" \/>\n<\/svg>\n<\/span><\/span><span style=\"display: none;\" ><span>\n<svg xmlns=\"http:\/\/www.w3.org\/2000\/svg\" width=\"24\" height=\"24\" viewBox=\"0 0 24 24\">\n\t<path class=\"\" fill=\"currentColor\" stroke=\"currentColor\" d=\"M12,17.3l6.2,3.7l-1.6-7L22,9.2l-7.2-0.6L12,2L9.2,8.6L2,9.2L7.5,14l-1.6,7L12,17.3z\" \/>\n<\/svg>\n<\/span>\n<span>\n<svg xmlns=\"http:\/\/www.w3.org\/2000\/svg\" width=\"24\" height=\"24\" viewBox=\"0 0 24 24\">\n\t<path class=\"\" fill=\"currentColor\" stroke=\"currentColor\" d=\"M12,17.3l6.2,3.7l-1.6-7L22,9.2l-7.2-0.6L12,2L9.2,8.6L2,9.2L7.5,14l-1.6,7L12,17.3z\" \/>\n<\/svg>\n<\/span><\/span><span style=\"display: none;\" ><span>\n<svg xmlns=\"http:\/\/www.w3.org\/2000\/svg\" width=\"24\" height=\"24\" viewBox=\"0 0 24 24\">\n\t<path class=\"\" fill=\"currentColor\" stroke=\"currentColor\" d=\"M12,17.3l6.2,3.7l-1.6-7L22,9.2l-7.2-0.6L12,2L9.2,8.6L2,9.2L7.5,14l-1.6,7L12,17.3z\" \/>\n<\/svg>\n<\/span>\n<span>\n<svg xmlns=\"http:\/\/www.w3.org\/2000\/svg\" width=\"24\" height=\"24\" viewBox=\"0 0 24 24\">\n\t<path class=\"is-rating-unfilled\" fill=\"currentColor\" stroke=\"currentColor\" d=\"M12,17.3l6.2,3.7l-1.6-7L22,9.2l-7.2-0.6L12,2L9.2,8.6L2,9.2L7.5,14l-1.6,7L12,17.3z\" \/>\n<\/svg>\n<\/span><\/span><span style=\"display: none;\" itemprop=\"bestRating\" content=\"5\"><span>\n<svg xmlns=\"http:\/\/www.w3.org\/2000\/svg\" width=\"24\" height=\"24\" viewBox=\"0 0 24 24\">\n\t<path class=\"is-rating-unfilled\" fill=\"currentColor\" stroke=\"currentColor\" d=\"M12,17.3l6.2,3.7l-1.6-7L22,9.2l-7.2-0.6L12,2L9.2,8.6L2,9.2L7.5,14l-1.6,7L12,17.3z\" \/>\n<\/svg>\n<\/span>\n<span>\n<svg xmlns=\"http:\/\/www.w3.org\/2000\/svg\" width=\"24\" height=\"24\" viewBox=\"0 0 24 24\">\n\t<path class=\"is-rating-unfilled\" fill=\"currentColor\" stroke=\"currentColor\" d=\"M12,17.3l6.2,3.7l-1.6-7L22,9.2l-7.2-0.6L12,2L9.2,8.6L2,9.2L7.5,14l-1.6,7L12,17.3z\" \/>\n<\/svg>\n<\/span><\/span><span itemprop=\"ratingValue\" class=\"screen-reader-text\" content=\"3.5\">Note\u00a0: 3.5\u00a0sur 5.<\/span><\/div>\n\n\n<h2 class=\"has-vivid-green-cyan-color has-text-color wp-block-heading\">Mes challenges<\/h2>\n\n\n\n<p class=\"wp-block-paragraph\">Pour le <a href=\"https:\/\/serialectrice.com\/index.php\/2021\/02\/03\/challenge-litteraire-_-fevrier-2021\/\">challenge de f\u00e9vrier<\/a> je devais lire un livre de Valentin Musso.<\/p>\n\n\n\n<p class=\"wp-block-paragraph\"><\/p>\n","protected":false},"excerpt":{"rendered":"<p>On les appelle \u00ab les Ins\u00e9parables \u00bb : Lisa, Nick et Ethan, trois adolescents qui grandissent ensemble pr\u00e8s du lac Michigan, dans une bourgade du Wisconsin. \u00c0 la fin de l\u2019\u00e9t\u00e9 2004, leur paisible existence vole en \u00e9clats : Lisa est retrouv\u00e9e assassin\u00e9e sur la plage. Apr\u00e8s une enqu\u00eate b\u00e2cl\u00e9e, Ethan, son petit ami, est arr\u00eat\u00e9 et condamn\u00e9 \u00e0 la prison \u00e0 vie.<br \/>\nDouze ans plus tard, install\u00e9 \u00e0 New York, Nick est devenu un \u00e9crivain \u00e0 succ\u00e8s. Mais les fant\u00f4mes du pass\u00e9 ne sont pas pr\u00e8s de le laisser en paix : contre toute attente, Ethan vient d\u2019\u00eatre remis en libert\u00e9. De retour dans sa ville natale, Nick va devoir affronter l\u2019hostilit\u00e9 des habitants, toujours convaincus de la culpabilit\u00e9 de son ami. Pour innocenter d\u00e9finitivement son ami et parvenir \u00e0 se reconstruire, il n\u2019aura d\u2019autre choix que de faire la lumi\u00e8re sur la mort de Lisa et de retrouver le v\u00e9ritable meurtrier.<\/p>\n","protected":false},"author":1,"featured_media":1179,"comment_status":"open","ping_status":"open","sticky":false,"template":"","format":"standard","meta":{"_crdt_document":"","om_disable_all_campaigns":false,"_uag_custom_page_level_css":"","_monsterinsights_skip_tracking":false,"_monsterinsights_sitenote_active":false,"_monsterinsights_sitenote_note":"","_monsterinsights_sitenote_category":0,"_uf_show_specific_survey":0,"_uf_disable_surveys":false,"_jetpack_memberships_contains_paid_content":false,"footnotes":"","jetpack_publicize_message":"Qui a vraiment tu\u00e9 Lisa il y a douze ans, si ce n'est pas Ethan ? Nick, romancier \u00e0 succ\u00e8s, cherche \u00e0 connaitre la v\u00e9rit\u00e9.\n\nDernier \u00e9t\u00e9 pour Lisa _ Valentin Musso","jetpack_publicize_feature_enabled":true,"jetpack_social_post_already_shared":true,"jetpack_social_options":{"image_generator_settings":{"template":"highway","default_image_id":0,"font":"","enabled":false},"version":2}},"categories":[6],"tags":[23],"class_list":["post-1178","post","type-post","status-publish","format-standard","has-post-thumbnail","hentry","category-livres-lus","tag-enquete"],"aioseo_notices":[],"jetpack_publicize_connections":[],"jetpack_featured_media_url":"https:\/\/serialectrice.com\/wp-content\/uploads\/2021\/02\/dernier-ete-pour-lis-1.jpg","uagb_featured_image_src":{"full":["https:\/\/serialectrice.com\/wp-content\/uploads\/2021\/02\/dernier-ete-pour-lis-1.jpg",217,330,false],"thumbnail":["https:\/\/serialectrice.com\/wp-content\/uploads\/2021\/02\/dernier-ete-pour-lis-1-99x150.jpg",99,150,true],"medium":["https:\/\/serialectrice.com\/wp-content\/uploads\/2021\/02\/dernier-ete-pour-lis-1-197x300.jpg",197,300,true],"medium_large":["https:\/\/serialectrice.com\/wp-content\/uploads\/2021\/02\/dernier-ete-pour-lis-1.jpg",217,330,false],"large":["https:\/\/serialectrice.com\/wp-content\/uploads\/2021\/02\/dernier-ete-pour-lis-1.jpg",217,330,false],"post-slider-thumb-size":["https:\/\/serialectrice.com\/wp-content\/uploads\/2021\/02\/dernier-ete-pour-lis-1.jpg",125,190,false],"post-category-slider-size":["https:\/\/serialectrice.com\/wp-content\/uploads\/2021\/02\/dernier-ete-pour-lis-1.jpg",217,330,false],"1536x1536":["https:\/\/serialectrice.com\/wp-content\/uploads\/2021\/02\/dernier-ete-pour-lis-1.jpg",217,330,false],"2048x2048":["https:\/\/serialectrice.com\/wp-content\/uploads\/2021\/02\/dernier-ete-pour-lis-1.jpg",217,330,false],"hello-fashion-slider":["https:\/\/serialectrice.com\/wp-content\/uploads\/2021\/02\/dernier-ete-pour-lis-1.jpg",217,330,false],"hello-fashion-blog-three":["https:\/\/serialectrice.com\/wp-content\/uploads\/2021\/02\/dernier-ete-pour-lis-1.jpg",217,330,false],"hello-fashion-blog-four":["https:\/\/serialectrice.com\/wp-content\/uploads\/2021\/02\/dernier-ete-pour-lis-1.jpg",217,330,false],"vilva-slider-one":["https:\/\/serialectrice.com\/wp-content\/uploads\/2021\/02\/dernier-ete-pour-lis-1.jpg",217,330,false],"vilva-featured-four":["https:\/\/serialectrice.com\/wp-content\/uploads\/2021\/02\/dernier-ete-pour-lis-1.jpg",217,330,false],"vilva-blog":["https:\/\/serialectrice.com\/wp-content\/uploads\/2021\/02\/dernier-ete-pour-lis-1.jpg",184,280,false],"vilva-blog-one":["https:\/\/serialectrice.com\/wp-content\/uploads\/2021\/02\/dernier-ete-pour-lis-1.jpg",217,330,false],"vilva-sidebar":["https:\/\/serialectrice.com\/wp-content\/uploads\/2021\/02\/dernier-ete-pour-lis-1.jpg",217,330,false]},"uagb_author_info":{"display_name":"SeriaLectrice","author_link":"https:\/\/serialectrice.com\/index.php\/author\/cilounegmail-com\/"},"uagb_comment_info":5,"uagb_excerpt":"On les appelle \u00ab les Ins\u00e9parables \u00bb : Lisa, Nick et Ethan, trois adolescents qui grandissent ensemble pr\u00e8s du lac Michigan, dans une bourgade du Wisconsin. \u00c0 la fin de l\u2019\u00e9t\u00e9 2004, leur paisible existence vole en \u00e9clats : Lisa est retrouv\u00e9e assassin\u00e9e sur la plage. Apr\u00e8s une enqu\u00eate b\u00e2cl\u00e9e, Ethan, son petit ami, est\u2026","jetpack_sharing_enabled":true,"jetpack_likes_enabled":true,"_links":{"self":[{"href":"https:\/\/serialectrice.com\/index.php\/wp-json\/wp\/v2\/posts\/1178","targetHints":{"allow":["GET"]}}],"collection":[{"href":"https:\/\/serialectrice.com\/index.php\/wp-json\/wp\/v2\/posts"}],"about":[{"href":"https:\/\/serialectrice.com\/index.php\/wp-json\/wp\/v2\/types\/post"}],"author":[{"embeddable":true,"href":"https:\/\/serialectrice.com\/index.php\/wp-json\/wp\/v2\/users\/1"}],"replies":[{"embeddable":true,"href":"https:\/\/serialectrice.com\/index.php\/wp-json\/wp\/v2\/comments?post=1178"}],"version-history":[{"count":0,"href":"https:\/\/serialectrice.com\/index.php\/wp-json\/wp\/v2\/posts\/1178\/revisions"}],"wp:featuredmedia":[{"embeddable":true,"href":"https:\/\/serialectrice.com\/index.php\/wp-json\/wp\/v2\/media\/1179"}],"wp:attachment":[{"href":"https:\/\/serialectrice.com\/index.php\/wp-json\/wp\/v2\/media?parent=1178"}],"wp:term":[{"taxonomy":"category","embeddable":true,"href":"https:\/\/serialectrice.com\/index.php\/wp-json\/wp\/v2\/categories?post=1178"},{"taxonomy":"post_tag","embeddable":true,"href":"https:\/\/serialectrice.com\/index.php\/wp-json\/wp\/v2\/tags?post=1178"}],"curies":[{"name":"wp","href":"https:\/\/api.w.org\/{rel}","templated":true}]}}