{"id":1101,"date":"2021-01-22T10:16:32","date_gmt":"2021-01-22T08:16:32","guid":{"rendered":"http:\/\/serialectrice.com\/?p=1101"},"modified":"2021-04-18T16:19:55","modified_gmt":"2021-04-18T14:19:55","slug":"doucement-renait-le-jour","status":"publish","type":"post","link":"https:\/\/serialectrice.com\/index.php\/2021\/01\/22\/doucement-renait-le-jour\/","title":{"rendered":"Doucement rena\u00eet le jour"},"content":{"rendered":"\n<div class=\"wp-block-media-text alignwide is-stacked-on-mobile is-vertically-aligned-top\"><figure class=\"wp-block-media-text__media\"><img loading=\"lazy\" decoding=\"async\" width=\"219\" height=\"330\" src=\"https:\/\/serialectrice.com\/wp-content\/uploads\/2020\/12\/doucement-renait-le-jour-1415627.jpg\" alt=\"doucement rena\u00eet le jour\" class=\"wp-image-962 size-full\" srcset=\"https:\/\/serialectrice.com\/wp-content\/uploads\/2020\/12\/doucement-renait-le-jour-1415627.jpg 219w, https:\/\/serialectrice.com\/wp-content\/uploads\/2020\/12\/doucement-renait-le-jour-1415627-100x150.jpg 100w, https:\/\/serialectrice.com\/wp-content\/uploads\/2020\/12\/doucement-renait-le-jour-1415627-199x300.jpg 199w\" sizes=\"auto, (max-width: 219px) 100vw, 219px\" \/><\/figure><div class=\"wp-block-media-text__content\">\n<h2 class=\"has-vivid-green-cyan-color has-text-color wp-block-heading\">R\u00e9sum\u00e9<\/h2>\n\n\n\n<p class=\"wp-block-paragraph\"><span style=\"text-decoration: underline;\">Doucement rena\u00eet le jour<\/span><\/p>\n\n\n\n<p class=\"wp-block-paragraph\">Connie, jeune femme au caract\u00e8re bien tremp\u00e9, a r\u00e9alis\u00e9 son r\u00eave de devenir fleuriste et g\u00e8re sa boutique d&rsquo;une main de ma\u00eetre. Mais le jour o\u00f9 elle d\u00e9couvre une ancienne photo d&rsquo;elle \u00e0 c\u00f4t\u00e9 d&rsquo;un petit gar\u00e7on, toutes ses certitudes s&rsquo;effondrent. Qui est cet enfant ? Accul\u00e9, son p\u00e8re lui avoue qu&rsquo;il s&rsquo;agit de Mat, son petit fr\u00e8re. Victime d&rsquo;un accident \u00e0 l&rsquo;\u00e2ge de deux ans, il est rest\u00e9 t\u00e9trapl\u00e9gique et communique peu avec le monde ext\u00e9rieur. Connie l&rsquo;a effac\u00e9 de sa m\u00e9moire. Emport\u00e9e par son d\u00e9sir de conna\u00eetre son fr\u00e8re et de rattraper le temps perdu, elle oublie alors une question essentielle: pourquoi ses parents ont-ils pr\u00e9f\u00e9r\u00e9 lui cacher l&rsquo;existence de Mat pendant si longtemps ? Elle ignore encore ce qu&rsquo;il en co\u00fbte de remuer le pass\u00e9&#8230;<\/p>\n<\/div><\/div>\n\n\n\n<h2 class=\"has-vivid-green-cyan-color has-text-color wp-block-heading\">Mon ressenti<\/h2>\n\n\n\n<h3 class=\"wp-block-heading\">Le handicap<\/h3>\n\n\n\n<p class=\"wp-block-paragraph\">Dans Doucement rena\u00eet le jour, nous faisons connaissance avec Connie, fleuriste. Suite \u00e0 une balade en for\u00eat durant laquelle elle \u00e9vite de peu un accident avec un v\u00e9t\u00e9tiste, <strong>Connie a comme l&rsquo;impression qu&rsquo;elle a d\u00e9j\u00e0 v\u00e9cu une situation similaire.<\/strong> Elle va alors en parler \u00e0 son p\u00e8re et chercher des r\u00e9ponses dans de vieilles photos de famille. Elle y d\u00e9couvre alors un clich\u00e9 d&rsquo;elle et d&rsquo;un petit gar\u00e7on qu&rsquo;elle ne connait pas. Intrigu\u00e9e, elle le montre \u00e0 son p\u00e8re qui lui avoue <strong>l&rsquo;existence de son petit fr\u00e8re, t\u00e9trapl\u00e9gique depuis une vingtaine d&rsquo;ann\u00e9es suite \u00e0 un accident.<\/strong><\/p>\n\n\n\n<p class=\"wp-block-paragraph\">Elle va alors faire la connaissance de Mat dont elle ne se souvient pas. Elle l&rsquo;a pourtant connu avant son accident, mais traumatis\u00e9e par l&rsquo;accident, ses parents ont pris la d\u00e9cision de ne plus lui en parler et petit \u00e0 petit elle a effac\u00e9 le petit gar\u00e7on de sa m\u00e9moire. <strong>Connie va alors d\u00e9couvrir son fr\u00e8re et tout ce qui tourne autour de son handicap. Les difficult\u00e9s pour communiquer, pour se d\u00e9placer. Les probl\u00e8mes de sant\u00e9 li\u00e9s \u00e0 son handicap,<\/strong> qui font de lui un \u00eatre plus sensible aux maladies puisque son corps ne peut plus r\u00e9guler correctement sa temp\u00e9rature et ses poumons fonctionnant moins bien. On comprend alors que la t\u00e9trapl\u00e9gie ne s&rsquo;arr\u00eate pas qu&rsquo;\u00e0 un handicap emp\u00eachant seulement de marcher, <strong>c&rsquo;est un handicap tr\u00e8s lourd qui entra\u00eene un dysfonctionnement quasi g\u00e9n\u00e9ral du corps.<\/strong><\/p>\n\n\n\n<p class=\"wp-block-paragraph\">J&rsquo;ai beaucoup aim\u00e9 la mani\u00e8re dont l&rsquo;auteure aborde le probl\u00e8me du handicap, avec un <strong>regard optimiste et bienveillant<\/strong>. Ainsi, gr\u00e2ce \u00e0 Connie, son fr\u00e8re va aller voir la mer, participer \u00e0 une course en joelette, obtenir un fauteuil plus perfectionn\u00e9 lui permettant de se d\u00e9placer plus ais\u00e9ment. <\/p>\n\n\n\n<h3 class=\"wp-block-heading\">Secret de famille<\/h3>\n\n\n\n<p class=\"wp-block-paragraph\">Au travers de cette histoire, nous sommes face \u00e0 <strong>un \u00e9norme secret familial <\/strong>qui tourne autour de l&rsquo;accident de Mat. <strong>Comment ce dernier est-il tomb\u00e9 ? Que faisait-il si proche de ce trou ? Qui est responsable ? <\/strong><\/p>\n\n\n\n<p class=\"wp-block-paragraph\">Tout au long du roman, nous d\u00e9couvrons le <strong>caract\u00e8re d\u00e9pressif de la m\u00e8re<\/strong> de Connie, qui n&rsquo;a jamais r\u00e9ussi \u00e0 se reveler de sa d\u00e9pression post-partum et qui a fini par laisser son mari porter toute sa famille sur ses \u00e9paules. D\u00e9pressive depuis la naissance de son fils, son accident n&rsquo;a fait qu&rsquo;aggraver la situation. <strong>Mais serait-elle responsable de cet accident ? Sa d\u00e9pression l&rsquo;aurait-elle pouss\u00e9e au pire ?<\/strong> C&rsquo;est ce que va chercher \u00e0 comprendre Connie. L&rsquo;auteure aborde tr\u00e8s bien la d\u00e9pression de la m\u00e8re de Connie. On ressent son mal-\u00eatre, sa tristesse. C&rsquo;est d\u00e9crit avec <strong>r\u00e9alisme et pudeur sans jugement. <\/strong><\/p>\n\n\n\n<p class=\"wp-block-paragraph\"><strong>L&rsquo;alternance entre pass\u00e9 et pr\u00e9sent permet au lecteur de reconstituer de mani\u00e8re progressive l&rsquo;histoire familiale<\/strong>. Depuis que Connie a d\u00e9couvert qu&rsquo;elle avait un fr\u00e8re, elle a des flashbacks sur sa vie pass\u00e9e. Nous d\u00e9couvrons alors sa relation avec son fr\u00e8re, sa m\u00e8re qui ne s&rsquo;en sortait pas avec un gar\u00e7on non d\u00e9sir\u00e9 au temp\u00e9rament bien tremp\u00e9. <strong>Mais alors qu&rsquo;on pense comprendre ce qui s&rsquo;est pass\u00e9, l&rsquo;auteure nous r\u00e9serve quelques surprises et la fin est assez inattendue. <\/strong><\/p>\n\n\n\n<h3 class=\"wp-block-heading\">Une romance<\/h3>\n\n\n\n<p class=\"wp-block-paragraph\">En parall\u00e8le de sa relation avec son fr\u00e8re, Connie noue des liens avec David. Evidemment, David est beau, intelligent et sensible. Evidemment David aura la patience de supporter le caract\u00e8re instable de Connie (elle ne sait pas ce qu&rsquo;elle veut sentimentalement). Et c&rsquo;est s\u00fbrement ce que <strong>je regrette le plus<\/strong> dans cette lecture, m\u00eame si ce n&rsquo;est pas le sujet principal du roman. On comprend bien \u00e9videmment d\u00e8s le d\u00e9but comment va se d\u00e9rouler cette romance naissante, avec ses hauts et ses bas. <strong>Je ne la trouvais pas forc\u00e9ment utile et j&rsquo;aurais appr\u00e9ci\u00e9 que pour une fois on mette les affaires de coeur de c\u00f4t\u00e9. <\/strong><\/p>\n\n\n\n<p class=\"has-text-align-center wp-block-paragraph\"><em>C&rsquo;est une belle lecture que nous offre ici Delphine Giraud. Une lecture pleine d&rsquo;<strong>espoir, d&rsquo;optimisme et de tol\u00e9rance<\/strong>. Merci \u00e0 NetGalley et aux <a href=\"https:\/\/www.lisez.com\/fleuve-editions\/17\">\u00e9ditions Fleuve <\/a>pour cette lecture.<\/em><\/p>\n\n\n<div class=\"wp-block-jetpack-rating-star\" style=\"text-align:center\" itemprop=\"reviewRating\" itemscope itemtype=\"http:\/\/schema.org\/Rating\"><p><span aria-hidden=\"true\">\u2b50<\/span><span aria-hidden=\"true\">\u2b50<\/span><span aria-hidden=\"true\">\u2b50<\/span><span aria-hidden=\"true\">\u2b50<\/span><\/p><span style=\"display: none;\" itemprop=\"worstRating\" content=\"0.5\"><span>\n<svg xmlns=\"http:\/\/www.w3.org\/2000\/svg\" width=\"24\" height=\"24\" viewBox=\"0 0 24 24\">\n\t<path class=\"\" fill=\"currentColor\" stroke=\"currentColor\" d=\"M12,17.3l6.2,3.7l-1.6-7L22,9.2l-7.2-0.6L12,2L9.2,8.6L2,9.2L7.5,14l-1.6,7L12,17.3z\" \/>\n<\/svg>\n<\/span>\n<span>\n<svg xmlns=\"http:\/\/www.w3.org\/2000\/svg\" width=\"24\" height=\"24\" viewBox=\"0 0 24 24\">\n\t<path class=\"\" fill=\"currentColor\" stroke=\"currentColor\" d=\"M12,17.3l6.2,3.7l-1.6-7L22,9.2l-7.2-0.6L12,2L9.2,8.6L2,9.2L7.5,14l-1.6,7L12,17.3z\" \/>\n<\/svg>\n<\/span><\/span><span style=\"display: none;\" ><span>\n<svg xmlns=\"http:\/\/www.w3.org\/2000\/svg\" width=\"24\" height=\"24\" viewBox=\"0 0 24 24\">\n\t<path class=\"\" fill=\"currentColor\" stroke=\"currentColor\" d=\"M12,17.3l6.2,3.7l-1.6-7L22,9.2l-7.2-0.6L12,2L9.2,8.6L2,9.2L7.5,14l-1.6,7L12,17.3z\" \/>\n<\/svg>\n<\/span>\n<span>\n<svg xmlns=\"http:\/\/www.w3.org\/2000\/svg\" width=\"24\" height=\"24\" viewBox=\"0 0 24 24\">\n\t<path class=\"\" fill=\"currentColor\" stroke=\"currentColor\" d=\"M12,17.3l6.2,3.7l-1.6-7L22,9.2l-7.2-0.6L12,2L9.2,8.6L2,9.2L7.5,14l-1.6,7L12,17.3z\" \/>\n<\/svg>\n<\/span><\/span><span style=\"display: none;\" ><span>\n<svg xmlns=\"http:\/\/www.w3.org\/2000\/svg\" width=\"24\" height=\"24\" viewBox=\"0 0 24 24\">\n\t<path class=\"\" fill=\"currentColor\" stroke=\"currentColor\" d=\"M12,17.3l6.2,3.7l-1.6-7L22,9.2l-7.2-0.6L12,2L9.2,8.6L2,9.2L7.5,14l-1.6,7L12,17.3z\" \/>\n<\/svg>\n<\/span>\n<span>\n<svg xmlns=\"http:\/\/www.w3.org\/2000\/svg\" width=\"24\" height=\"24\" viewBox=\"0 0 24 24\">\n\t<path class=\"\" fill=\"currentColor\" stroke=\"currentColor\" d=\"M12,17.3l6.2,3.7l-1.6-7L22,9.2l-7.2-0.6L12,2L9.2,8.6L2,9.2L7.5,14l-1.6,7L12,17.3z\" \/>\n<\/svg>\n<\/span><\/span><span style=\"display: none;\" ><span>\n<svg xmlns=\"http:\/\/www.w3.org\/2000\/svg\" width=\"24\" height=\"24\" viewBox=\"0 0 24 24\">\n\t<path class=\"\" fill=\"currentColor\" stroke=\"currentColor\" d=\"M12,17.3l6.2,3.7l-1.6-7L22,9.2l-7.2-0.6L12,2L9.2,8.6L2,9.2L7.5,14l-1.6,7L12,17.3z\" \/>\n<\/svg>\n<\/span>\n<span>\n<svg xmlns=\"http:\/\/www.w3.org\/2000\/svg\" width=\"24\" height=\"24\" viewBox=\"0 0 24 24\">\n\t<path class=\"is-rating-unfilled\" fill=\"currentColor\" stroke=\"currentColor\" d=\"M12,17.3l6.2,3.7l-1.6-7L22,9.2l-7.2-0.6L12,2L9.2,8.6L2,9.2L7.5,14l-1.6,7L12,17.3z\" \/>\n<\/svg>\n<\/span><\/span><span style=\"display: none;\" itemprop=\"bestRating\" content=\"5\"><span>\n<svg xmlns=\"http:\/\/www.w3.org\/2000\/svg\" width=\"24\" height=\"24\" viewBox=\"0 0 24 24\">\n\t<path class=\"is-rating-unfilled\" fill=\"currentColor\" stroke=\"currentColor\" d=\"M12,17.3l6.2,3.7l-1.6-7L22,9.2l-7.2-0.6L12,2L9.2,8.6L2,9.2L7.5,14l-1.6,7L12,17.3z\" \/>\n<\/svg>\n<\/span>\n<span>\n<svg xmlns=\"http:\/\/www.w3.org\/2000\/svg\" width=\"24\" height=\"24\" viewBox=\"0 0 24 24\">\n\t<path class=\"is-rating-unfilled\" fill=\"currentColor\" stroke=\"currentColor\" d=\"M12,17.3l6.2,3.7l-1.6-7L22,9.2l-7.2-0.6L12,2L9.2,8.6L2,9.2L7.5,14l-1.6,7L12,17.3z\" \/>\n<\/svg>\n<\/span><\/span><span itemprop=\"ratingValue\" class=\"screen-reader-text\" content=\"3.5\">Note\u00a0: 3.5\u00a0sur 5.<\/span><\/div>\n\n\n<h2 class=\"has-vivid-green-cyan-color has-text-color wp-block-heading\">Mes challenges<\/h2>\n\n\n\n<p class=\"wp-block-paragraph\">Cette lecture m&rsquo;a permis de valider la dern\u00e8re cat\u00e9gorie du <a href=\"https:\/\/serialectrice.com\/index.php\/2020\/12\/21\/challenge-litteraire-dhiver\/\">challenge hivernal.<\/a> <strong>Livre dont la 4\u00e8me parle d&rsquo;un \u00e9v\u00e9nement triste.<\/strong><\/p>\n\n\n\n<p class=\"wp-block-paragraph\">Elle m&rsquo;a \u00e9galement permis de valider la cat\u00e9gorie 59 du challenge annuel. <strong>Lire un livre \u00e9dit\u00e9 le m\u00eame mois que le mois de lecture.<\/strong><\/p>\n","protected":false},"excerpt":{"rendered":"<p>Connie, jeune femme au caract\u00e8re bien tremp\u00e9, a r\u00e9alis\u00e9 son r\u00eave de devenir fleuriste et g\u00e8re sa boutique d&rsquo;une main de ma\u00eetre. Mais le jour o\u00f9 elle d\u00e9couvre une ancienne photo d&rsquo;elle \u00e0 c\u00f4t\u00e9 d&rsquo;un petit gar\u00e7on, toutes ses certitudes s&rsquo;effondrent. Qui est cet enfant ? Accul\u00e9, son p\u00e8re lui avoue qu&rsquo;il s&rsquo;agit de Mat, son petit fr\u00e8re. Victime d&rsquo;un accident \u00e0 l&rsquo;\u00e2ge de deux ans, il est rest\u00e9 t\u00e9trapl\u00e9gique et communique peu avec le monde ext\u00e9rieur. Connie l&rsquo;a effac\u00e9 de sa m\u00e9moire. Emport\u00e9e par son d\u00e9sir de conna\u00eetre son fr\u00e8re et de rattraper le temps perdu, elle oublie alors une question essentielle: pourquoi ses parents ont-ils pr\u00e9f\u00e9r\u00e9 lui cacher l&rsquo;existence de Mat pendant si longtemps ? Elle ignore encore ce qu&rsquo;il en co\u00fbte de remuer le pass\u00e9&#8230;<\/p>\n","protected":false},"author":1,"featured_media":962,"comment_status":"open","ping_status":"open","sticky":false,"template":"","format":"standard","meta":{"_crdt_document":"","om_disable_all_campaigns":false,"_uag_custom_page_level_css":"","_monsterinsights_skip_tracking":false,"_monsterinsights_sitenote_active":false,"_monsterinsights_sitenote_note":"","_monsterinsights_sitenote_category":0,"_uf_show_specific_survey":0,"_uf_disable_surveys":false,"_jetpack_memberships_contains_paid_content":false,"footnotes":"","jetpack_publicize_message":"Doucement renait le jour, roman empli d'espoir, d'optimisme et de tol\u00e9rance que nous offre Delphine Giraud.\n\nDoucement rena\u00eet le jour","jetpack_publicize_feature_enabled":true,"jetpack_social_post_already_shared":true,"jetpack_social_options":{"image_generator_settings":{"template":"highway","default_image_id":0,"font":"","enabled":false},"version":2}},"categories":[6,14],"tags":[63,27],"class_list":["post-1101","post","type-post","status-publish","format-standard","has-post-thumbnail","hentry","category-livres-lus","category-service-presse","tag-handicap","tag-roman"],"aioseo_notices":[],"jetpack_publicize_connections":[],"jetpack_featured_media_url":"https:\/\/serialectrice.com\/wp-content\/uploads\/2020\/12\/doucement-renait-le-jour-1415627.jpg","uagb_featured_image_src":{"full":["https:\/\/serialectrice.com\/wp-content\/uploads\/2020\/12\/doucement-renait-le-jour-1415627.jpg",219,330,false],"thumbnail":["https:\/\/serialectrice.com\/wp-content\/uploads\/2020\/12\/doucement-renait-le-jour-1415627-100x150.jpg",100,150,true],"medium":["https:\/\/serialectrice.com\/wp-content\/uploads\/2020\/12\/doucement-renait-le-jour-1415627-199x300.jpg",199,300,true],"medium_large":["https:\/\/serialectrice.com\/wp-content\/uploads\/2020\/12\/doucement-renait-le-jour-1415627.jpg",219,330,false],"large":["https:\/\/serialectrice.com\/wp-content\/uploads\/2020\/12\/doucement-renait-le-jour-1415627.jpg",219,330,false],"post-slider-thumb-size":["https:\/\/serialectrice.com\/wp-content\/uploads\/2020\/12\/doucement-renait-le-jour-1415627.jpg",126,190,false],"post-category-slider-size":["https:\/\/serialectrice.com\/wp-content\/uploads\/2020\/12\/doucement-renait-le-jour-1415627.jpg",219,330,false],"1536x1536":["https:\/\/serialectrice.com\/wp-content\/uploads\/2020\/12\/doucement-renait-le-jour-1415627.jpg",219,330,false],"2048x2048":["https:\/\/serialectrice.com\/wp-content\/uploads\/2020\/12\/doucement-renait-le-jour-1415627.jpg",219,330,false],"hello-fashion-slider":["https:\/\/serialectrice.com\/wp-content\/uploads\/2020\/12\/doucement-renait-le-jour-1415627.jpg",219,330,false],"hello-fashion-blog-three":["https:\/\/serialectrice.com\/wp-content\/uploads\/2020\/12\/doucement-renait-le-jour-1415627.jpg",219,330,false],"hello-fashion-blog-four":["https:\/\/serialectrice.com\/wp-content\/uploads\/2020\/12\/doucement-renait-le-jour-1415627.jpg",219,330,false],"vilva-slider-one":["https:\/\/serialectrice.com\/wp-content\/uploads\/2020\/12\/doucement-renait-le-jour-1415627.jpg",219,330,false],"vilva-featured-four":["https:\/\/serialectrice.com\/wp-content\/uploads\/2020\/12\/doucement-renait-le-jour-1415627.jpg",219,330,false],"vilva-blog":["https:\/\/serialectrice.com\/wp-content\/uploads\/2020\/12\/doucement-renait-le-jour-1415627.jpg",186,280,false],"vilva-blog-one":["https:\/\/serialectrice.com\/wp-content\/uploads\/2020\/12\/doucement-renait-le-jour-1415627.jpg",219,330,false],"vilva-sidebar":["https:\/\/serialectrice.com\/wp-content\/uploads\/2020\/12\/doucement-renait-le-jour-1415627.jpg",219,330,false]},"uagb_author_info":{"display_name":"SeriaLectrice","author_link":"https:\/\/serialectrice.com\/index.php\/author\/cilounegmail-com\/"},"uagb_comment_info":0,"uagb_excerpt":"Connie, jeune femme au caract\u00e8re bien tremp\u00e9, a r\u00e9alis\u00e9 son r\u00eave de devenir fleuriste et g\u00e8re sa boutique d'une main de ma\u00eetre. Mais le jour o\u00f9 elle d\u00e9couvre une ancienne photo d'elle \u00e0 c\u00f4t\u00e9 d'un petit gar\u00e7on, toutes ses certitudes s'effondrent. Qui est cet enfant ? Accul\u00e9, son p\u00e8re lui avoue qu'il s'agit de Mat,\u2026","jetpack_sharing_enabled":true,"jetpack_likes_enabled":true,"_links":{"self":[{"href":"https:\/\/serialectrice.com\/index.php\/wp-json\/wp\/v2\/posts\/1101","targetHints":{"allow":["GET"]}}],"collection":[{"href":"https:\/\/serialectrice.com\/index.php\/wp-json\/wp\/v2\/posts"}],"about":[{"href":"https:\/\/serialectrice.com\/index.php\/wp-json\/wp\/v2\/types\/post"}],"author":[{"embeddable":true,"href":"https:\/\/serialectrice.com\/index.php\/wp-json\/wp\/v2\/users\/1"}],"replies":[{"embeddable":true,"href":"https:\/\/serialectrice.com\/index.php\/wp-json\/wp\/v2\/comments?post=1101"}],"version-history":[{"count":0,"href":"https:\/\/serialectrice.com\/index.php\/wp-json\/wp\/v2\/posts\/1101\/revisions"}],"wp:featuredmedia":[{"embeddable":true,"href":"https:\/\/serialectrice.com\/index.php\/wp-json\/wp\/v2\/media\/962"}],"wp:attachment":[{"href":"https:\/\/serialectrice.com\/index.php\/wp-json\/wp\/v2\/media?parent=1101"}],"wp:term":[{"taxonomy":"category","embeddable":true,"href":"https:\/\/serialectrice.com\/index.php\/wp-json\/wp\/v2\/categories?post=1101"},{"taxonomy":"post_tag","embeddable":true,"href":"https:\/\/serialectrice.com\/index.php\/wp-json\/wp\/v2\/tags?post=1101"}],"curies":[{"name":"wp","href":"https:\/\/api.w.org\/{rel}","templated":true}]}}