{"id":1058,"date":"2021-01-03T17:33:40","date_gmt":"2021-01-03T15:33:40","guid":{"rendered":"http:\/\/serialectrice.com\/?p=1058"},"modified":"2021-01-03T17:33:45","modified_gmt":"2021-01-03T15:33:45","slug":"challenge-litteraire-_-janvier-2021","status":"publish","type":"post","link":"https:\/\/serialectrice.com\/index.php\/2021\/01\/03\/challenge-litteraire-_-janvier-2021\/","title":{"rendered":"Challenge Litt\u00e9raire _ Janvier 2021"},"content":{"rendered":"\n<p class=\"wp-block-paragraph\">Et voil\u00e0, une nouvelle ann\u00e9e annonce <strong>un nouveau challenge<\/strong>. Sur le groupe <a href=\"https:\/\/www.facebook.com\/groups\/707636122759664\">La t\u00eate dans les livres<\/a>, ce ne sera plus Linda qui nous proposera des challenges mais Cindy. Ainsi, nous avons d\u00e9sormais 4 cat\u00e9gories, avec pour chacune 2 choix. <\/p>\n\n\n\n<p class=\"wp-block-paragraph\"><strong>Comme j&rsquo;adore les challenges,<\/strong> je vais tenter de faire les 8 propositions. Pour ce mois-ci, je sais d\u00e9j\u00e0 que je n&rsquo;en ferai que 7, un des ouvrages propos\u00e9s ne me motivant pas du tout.<\/p>\n\n\n\n<p class=\"wp-block-paragraph\">Au niveau fonctionnement, contrairement au challenge de Linda, pour ce nouveau d\u00e9fi <strong>un livre ne pourra valider qu&rsquo;une seule cat\u00e9gorie.<\/strong><\/p>\n\n\n\n<p class=\"wp-block-paragraph\">Voici sans plus attendre les challenges propos\u00e9s par Cindy.<\/p>\n\n\n\n<div class=\"wp-block-image\"><figure class=\"aligncenter size-large\"><img loading=\"lazy\" decoding=\"async\" width=\"494\" height=\"700\" src=\"https:\/\/serialectrice.com\/wp-content\/uploads\/2021\/01\/challenge-janvier-grand.jpg\" alt=\"challenge litt\u00e9raire janvier\" class=\"wp-image-1059\" srcset=\"https:\/\/serialectrice.com\/wp-content\/uploads\/2021\/01\/challenge-janvier-grand.jpg 494w, https:\/\/serialectrice.com\/wp-content\/uploads\/2021\/01\/challenge-janvier-grand-212x300.jpg 212w\" sizes=\"auto, (max-width: 494px) 100vw, 494px\" \/><\/figure><\/div>\n\n\n\n<h2 class=\"has-text-align-center wp-block-heading\">NIVEAU \u00ab\u00a0J\u00a0\u00bb<\/h2>\n\n\n\n<p class=\"wp-block-paragraph\">Voici donc les deux livres que je compte lire pour valider les deux options.  <\/p>\n\n\n\n<div class=\"wp-block-jetpack-tiled-gallery aligncenter is-style-rectangular\"><div class=\"tiled-gallery__gallery\"><div class=\"tiled-gallery__row\"><div class=\"tiled-gallery__col\" style=\"flex-basis:50%\"><figure class=\"tiled-gallery__item\"><img decoding=\"async\" srcset=\"https:\/\/i2.wp.com\/serialectrice.com\/wp-content\/uploads\/2021\/01\/geisha-637689.jpg?strip=info&#038;w=203&#038;ssl=1 203w\" alt=\"\" data-height=\"330\" data-id=\"1060\" data-link=\"https:\/\/serialectrice.com\/?attachment_id=1060\" data-url=\"https:\/\/serialectrice.com\/wp-content\/uploads\/2021\/01\/geisha-637689.jpg\" data-width=\"203\" src=\"https:\/\/i2.wp.com\/serialectrice.com\/wp-content\/uploads\/2021\/01\/geisha-637689.jpg?ssl=1\" layout=\"responsive\"\/><\/figure><\/div><div class=\"tiled-gallery__col\" style=\"flex-basis:50%\"><figure class=\"tiled-gallery__item\"><img decoding=\"async\" srcset=\"https:\/\/i2.wp.com\/serialectrice.com\/wp-content\/uploads\/2021\/01\/l-auberge-de-la-jamaique-4257.jpg?strip=info&#038;w=203&#038;ssl=1 203w\" alt=\"\" data-height=\"330\" data-id=\"1061\" data-link=\"https:\/\/serialectrice.com\/?attachment_id=1061\" data-url=\"https:\/\/serialectrice.com\/wp-content\/uploads\/2021\/01\/l-auberge-de-la-jamaique-4257.jpg\" data-width=\"203\" src=\"https:\/\/i2.wp.com\/serialectrice.com\/wp-content\/uploads\/2021\/01\/l-auberge-de-la-jamaique-4257.jpg?ssl=1\" layout=\"responsive\"\/><\/figure><\/div><\/div><\/div><\/div>\n\n\n\n<p class=\"wp-block-paragraph\">Geisha se d\u00e9roule au Japon, il me permettra de valider \u00ab\u00a0Livre se d\u00e9roulant en majorit\u00e9 dans un pays commen\u00e7ant par la lettre J\u00a0\u00bb<\/p>\n\n\n\n<h2 class=\"has-text-align-center wp-block-heading\">NIVEAU SYMBOLES<\/h2>\n\n\n\n<p class=\"wp-block-paragraph\">Le rouge est l&rsquo;oeillet \u00e9tant des symboles du mois de janvier, voici les lectures que je compte faire pour valider les deux propositions.<\/p>\n\n\n\n<div class=\"wp-block-jetpack-tiled-gallery aligncenter is-style-rectangular\"><div class=\"tiled-gallery__gallery\"><div class=\"tiled-gallery__row\"><div class=\"tiled-gallery__col\" style=\"flex-basis:49.88206344233464%\"><figure class=\"tiled-gallery__item\"><img decoding=\"async\" srcset=\"https:\/\/i0.wp.com\/serialectrice.com\/wp-content\/uploads\/2021\/01\/le-mystere-de-la-main-rouge-1411947.jpg?strip=info&#038;w=211&#038;ssl=1 211w\" alt=\"\" data-height=\"330\" data-id=\"1062\" data-link=\"https:\/\/serialectrice.com\/?attachment_id=1062\" data-url=\"https:\/\/serialectrice.com\/wp-content\/uploads\/2021\/01\/le-mystere-de-la-main-rouge-1411947.jpg\" data-width=\"211\" src=\"https:\/\/i0.wp.com\/serialectrice.com\/wp-content\/uploads\/2021\/01\/le-mystere-de-la-main-rouge-1411947.jpg?ssl=1\" layout=\"responsive\"\/><\/figure><\/div><div class=\"tiled-gallery__col\" style=\"flex-basis:50.11793655766535%\"><figure class=\"tiled-gallery__item\"><img decoding=\"async\" srcset=\"https:\/\/i1.wp.com\/serialectrice.com\/wp-content\/uploads\/2021\/01\/des-oeillets-pour-antigone-1296471.jpg?strip=info&#038;w=212&#038;ssl=1 212w\" alt=\"\" data-height=\"330\" data-id=\"1063\" data-link=\"https:\/\/serialectrice.com\/?attachment_id=1063\" data-url=\"https:\/\/serialectrice.com\/wp-content\/uploads\/2021\/01\/des-oeillets-pour-antigone-1296471.jpg\" data-width=\"212\" src=\"https:\/\/i1.wp.com\/serialectrice.com\/wp-content\/uploads\/2021\/01\/des-oeillets-pour-antigone-1296471.jpg?ssl=1\" layout=\"responsive\"\/><\/figure><\/div><\/div><\/div><\/div>\n\n\n\n<h2 class=\"has-text-align-center wp-block-heading\">NIVEAU CULTUREL<\/h2>\n\n\n\n<p class=\"wp-block-paragraph\">Ce niveau concerne les sorci\u00e8res. En Italie, les sorci\u00e8res apportent des cadeaux aux enfants le 6 janvier. Pour cette cat\u00e9gorie, je ne lirai pas le livre propos\u00e9, \u00ab\u00a0Sorci\u00e8res\u00a0\u00bb. Celui-ci \u00e9tant plut\u00f4t un documentaire, je ne suis pas motiv\u00e9e par sa lecture.<\/p>\n\n\n\n<div class=\"wp-block-image\"><figure class=\"aligncenter size-large\"><a href=\"https:\/\/serialectrice.com\/?p=1054\"><img loading=\"lazy\" decoding=\"async\" width=\"230\" height=\"330\" src=\"https:\/\/serialectrice.com\/wp-content\/uploads\/2021\/01\/harry-potter-2-1.jpg\" alt=\"challenge litt\u00e9raire janvier\" class=\"wp-image-1056\" srcset=\"https:\/\/serialectrice.com\/wp-content\/uploads\/2021\/01\/harry-potter-2-1.jpg 230w, https:\/\/serialectrice.com\/wp-content\/uploads\/2021\/01\/harry-potter-2-1-105x150.jpg 105w, https:\/\/serialectrice.com\/wp-content\/uploads\/2021\/01\/harry-potter-2-1-209x300.jpg 209w\" sizes=\"auto, (max-width: 230px) 100vw, 230px\" \/><\/a><\/figure><\/div>\n\n\n\n<h2 class=\"has-text-align-center wp-block-heading\">NIVEAU BONUS<\/h2>\n\n\n\n<p class=\"wp-block-paragraph\">Marguerite Yourcenar est la premi\u00e8re femme \u00e0 entrer \u00e0 l&rsquo;Acad\u00e9mie Fran\u00e7aise. Elle y fait son entr\u00e9e en janvier 1980.<\/p>\n\n\n\n<div class=\"wp-block-jetpack-tiled-gallery aligncenter is-style-rectangular\"><div class=\"tiled-gallery__gallery\"><div class=\"tiled-gallery__row\"><div class=\"tiled-gallery__col\" style=\"flex-basis:48.66473475891847%\"><figure class=\"tiled-gallery__item\"><img decoding=\"async\" srcset=\"https:\/\/i2.wp.com\/serialectrice.com\/wp-content\/uploads\/2021\/01\/l-oeuvre-au-noir-1060707.jpg?strip=info&#038;w=200&#038;ssl=1 200w\" alt=\"\" data-height=\"330\" data-id=\"1064\" data-link=\"https:\/\/serialectrice.com\/?attachment_id=1064\" data-url=\"https:\/\/serialectrice.com\/wp-content\/uploads\/2021\/01\/l-oeuvre-au-noir-1060707.jpg\" data-width=\"200\" src=\"https:\/\/i2.wp.com\/serialectrice.com\/wp-content\/uploads\/2021\/01\/l-oeuvre-au-noir-1060707.jpg?ssl=1\" layout=\"responsive\"\/><\/figure><\/div><div class=\"tiled-gallery__col\" style=\"flex-basis:51.335265241081515%\"><figure class=\"tiled-gallery__item\"><img decoding=\"async\" srcset=\"https:\/\/i2.wp.com\/serialectrice.com\/wp-content\/uploads\/2021\/01\/la-revolte-des-accents-924452.jpg?strip=info&#038;w=211&#038;ssl=1 211w\" alt=\"\" data-height=\"330\" data-id=\"1065\" data-link=\"https:\/\/serialectrice.com\/?attachment_id=1065\" data-url=\"https:\/\/serialectrice.com\/wp-content\/uploads\/2021\/01\/la-revolte-des-accents-924452.jpg\" data-width=\"211\" src=\"https:\/\/i2.wp.com\/serialectrice.com\/wp-content\/uploads\/2021\/01\/la-revolte-des-accents-924452.jpg?ssl=1\" layout=\"responsive\"\/><\/figure><\/div><\/div><\/div><\/div>\n","protected":false},"excerpt":{"rendered":"<p>Et voil\u00e0, une nouvelle ann\u00e9e annonce un nouveau challenge. Sur le groupe La t\u00eate dans les livres, ce ne sera plus Linda qui nous proposera des challenges mais Cindy. Ainsi, nous avons d\u00e9sormais 4 cat\u00e9gories, avec pour chacune 2 choix.<br \/>\nComme j&rsquo;adore les challenges, je vais tenter de faire les 8 propositions. Pour ce mois-ci, je sais d\u00e9j\u00e0 que je n&rsquo;en ferai que 7, un des ouvrages propos\u00e9s ne me motivant pas du tout.<\/p>\n","protected":false},"author":1,"featured_media":1059,"comment_status":"open","ping_status":"open","sticky":false,"template":"","format":"standard","meta":{"_crdt_document":"","om_disable_all_campaigns":false,"_uag_custom_page_level_css":"","_monsterinsights_skip_tracking":false,"_monsterinsights_sitenote_active":false,"_monsterinsights_sitenote_note":"","_monsterinsights_sitenote_category":0,"_uf_show_specific_survey":0,"_uf_disable_surveys":false,"_jetpack_memberships_contains_paid_content":false,"footnotes":"","jetpack_publicize_message":"Et voil\u00e0, une nouvelle ann\u00e9e annonce un nouveau challenge. \n\nChallenge Litt\u00e9raire _ Janvier 2021","jetpack_publicize_feature_enabled":true,"jetpack_social_post_already_shared":true,"jetpack_social_options":{"image_generator_settings":{"template":"highway","default_image_id":0,"font":"","enabled":false},"version":2}},"categories":[4],"tags":[8],"class_list":["post-1058","post","type-post","status-publish","format-standard","has-post-thumbnail","hentry","category-challenge","tag-challenge"],"aioseo_notices":[],"jetpack_publicize_connections":[],"jetpack_featured_media_url":"https:\/\/serialectrice.com\/wp-content\/uploads\/2021\/01\/challenge-janvier-grand.jpg","uagb_featured_image_src":{"full":["https:\/\/serialectrice.com\/wp-content\/uploads\/2021\/01\/challenge-janvier-grand.jpg",494,700,false],"thumbnail":["https:\/\/serialectrice.com\/wp-content\/uploads\/2021\/01\/challenge-janvier-grand-494x331.jpg",494,331,true],"medium":["https:\/\/serialectrice.com\/wp-content\/uploads\/2021\/01\/challenge-janvier-grand-212x300.jpg",212,300,true],"medium_large":["https:\/\/serialectrice.com\/wp-content\/uploads\/2021\/01\/challenge-janvier-grand.jpg",494,700,false],"large":["https:\/\/serialectrice.com\/wp-content\/uploads\/2021\/01\/challenge-janvier-grand.jpg",494,700,false],"post-slider-thumb-size":["https:\/\/serialectrice.com\/wp-content\/uploads\/2021\/01\/challenge-janvier-grand.jpg",134,190,false],"post-category-slider-size":["https:\/\/serialectrice.com\/wp-content\/uploads\/2021\/01\/challenge-janvier-grand.jpg",247,350,false],"1536x1536":["https:\/\/serialectrice.com\/wp-content\/uploads\/2021\/01\/challenge-janvier-grand.jpg",494,700,false],"2048x2048":["https:\/\/serialectrice.com\/wp-content\/uploads\/2021\/01\/challenge-janvier-grand.jpg",494,700,false],"hello-fashion-slider":["https:\/\/serialectrice.com\/wp-content\/uploads\/2021\/01\/challenge-janvier-grand.jpg",423,600,false],"hello-fashion-blog-three":["https:\/\/serialectrice.com\/wp-content\/uploads\/2021\/01\/challenge-janvier-grand.jpg",354,502,false],"hello-fashion-blog-four":["https:\/\/serialectrice.com\/wp-content\/uploads\/2021\/01\/challenge-janvier-grand.jpg",483,685,false],"vilva-slider-one":["https:\/\/serialectrice.com\/wp-content\/uploads\/2021\/01\/challenge-janvier-grand.jpg",423,600,false],"vilva-featured-four":["https:\/\/serialectrice.com\/wp-content\/uploads\/2021\/01\/challenge-janvier-grand.jpg",374,530,false],"vilva-blog":["https:\/\/serialectrice.com\/wp-content\/uploads\/2021\/01\/challenge-janvier-grand.jpg",198,280,false],"vilva-blog-one":["https:\/\/serialectrice.com\/wp-content\/uploads\/2021\/01\/challenge-janvier-grand.jpg",353,500,false],"vilva-sidebar":["https:\/\/serialectrice.com\/wp-content\/uploads\/2021\/01\/challenge-janvier-grand.jpg",334,473,false]},"uagb_author_info":{"display_name":"SeriaLectrice","author_link":"https:\/\/serialectrice.com\/index.php\/author\/cilounegmail-com\/"},"uagb_comment_info":7,"uagb_excerpt":"Et voil\u00e0, une nouvelle ann\u00e9e annonce un nouveau challenge. Sur le groupe La t\u00eate dans les livres, ce ne sera plus Linda qui nous proposera des challenges mais Cindy. Ainsi, nous avons d\u00e9sormais 4 cat\u00e9gories, avec pour chacune 2 choix. Comme j'adore les challenges, je vais tenter de faire les 8 propositions. Pour ce mois-ci,\u2026","jetpack_sharing_enabled":true,"jetpack_likes_enabled":true,"_links":{"self":[{"href":"https:\/\/serialectrice.com\/index.php\/wp-json\/wp\/v2\/posts\/1058","targetHints":{"allow":["GET"]}}],"collection":[{"href":"https:\/\/serialectrice.com\/index.php\/wp-json\/wp\/v2\/posts"}],"about":[{"href":"https:\/\/serialectrice.com\/index.php\/wp-json\/wp\/v2\/types\/post"}],"author":[{"embeddable":true,"href":"https:\/\/serialectrice.com\/index.php\/wp-json\/wp\/v2\/users\/1"}],"replies":[{"embeddable":true,"href":"https:\/\/serialectrice.com\/index.php\/wp-json\/wp\/v2\/comments?post=1058"}],"version-history":[{"count":0,"href":"https:\/\/serialectrice.com\/index.php\/wp-json\/wp\/v2\/posts\/1058\/revisions"}],"wp:featuredmedia":[{"embeddable":true,"href":"https:\/\/serialectrice.com\/index.php\/wp-json\/wp\/v2\/media\/1059"}],"wp:attachment":[{"href":"https:\/\/serialectrice.com\/index.php\/wp-json\/wp\/v2\/media?parent=1058"}],"wp:term":[{"taxonomy":"category","embeddable":true,"href":"https:\/\/serialectrice.com\/index.php\/wp-json\/wp\/v2\/categories?post=1058"},{"taxonomy":"post_tag","embeddable":true,"href":"https:\/\/serialectrice.com\/index.php\/wp-json\/wp\/v2\/tags?post=1058"}],"curies":[{"name":"wp","href":"https:\/\/api.w.org\/{rel}","templated":true}]}}